{"id":379,"date":"2019-01-31T13:54:44","date_gmt":"2019-01-31T13:54:44","guid":{"rendered":"https:\/\/ramib.org\/oficial\/index.php\/programa-de-premios-convocados-para-el-curso-2019\/"},"modified":"2020-02-03T00:38:48","modified_gmt":"2020-02-03T00:38:48","slug":"programa-de-premios-convocados-para-el-curso-2019","status":"publish","type":"post","link":"https:\/\/ramib.org\/oficial\/index.php\/2019\/01\/31\/programa-de-premios-convocados-para-el-curso-2019\/?lang=es","title":{"rendered":"Programa de premios convocados para el curso 2019"},"content":{"rendered":"<p>&nbsp;<\/p>\n<p style=\"text-align: justify\"><span style=\"font-family: verdana, geneva\"><span style=\"margin: 0px;padding: 0cm;border: 1pt none windowtext;vertical-align: baseline;background-image: initial;background-position: initial;text-align: justify;font-size: 10pt;font-family: Verdana, sans-serif\">La Real Academia de Medicina de las Islas Baleares publica a continuaci\u00f3n el&nbsp;<span style=\"margin: 0px;padding: 0cm;border: 1pt none windowtext;vertical-align: baseline;background: transparent;font-size: 10pt\">Programa de Premios<\/span><\/span><span style=\"margin: 0px;padding: 0cm;border: 1pt none windowtext;vertical-align: baseline;background-image: initial;background-position: initial;text-align: justify;font-size: 10pt;font-family: Verdana, sans-serif\"><span><\/span>correspondiente al Curso Acad\u00e9mico 2019.<\/span><\/span><\/p>\n<p>  <!--more--><\/p>\n<p style=\"text-align: justify\"><strong><span style=\"font-size: 12pt;line-height: 115%;font-family: Verdana, sans-serif;color: #f79646\">PROGRAMA DE PREMIOS CONVOCADOS PARA EL CURSO 2019<\/span><\/strong><\/p>\n<p style=\"text-align: justify\"><strong><span style=\"font-size: 10pt;line-height: 115%;font-family: Verdana, sans-serif;color: #f79646\">A. PREMIO DE LA REIAL ACAD\u00c8MIA DE MEDICINA DE LES ILLES BALEARS<\/span><\/strong><\/p>\n<p style=\"text-align: justify\"><span style=\"font-size: 10pt;line-height: 115%;font-family: Verdana, sans-serif;color: black;background: white\">La Real Academia de Medicina de las Islas Baleares abre Concurso para conceder, durante el a\u00f1o 2019, el Premio Real Academia de Medicina de las Islas Baleares, de t\u00edtulo de Acad\u00e9mico correspondiente y 1.000 \u20ac, al autor del mejor trabajo presentado sobre un tema de Medicina o Ciencias afines en cualquiera de sus especialidades.<\/span><\/p>\n<p style=\"text-align: justify\"><strong><span style=\"font-size: 10pt;line-height: 115%;font-family: Verdana, sans-serif;color: #f79646\">B. PREMIO MATEU ORFILA, A LA TRAJECTORIA DE UN PROFESIONAL DE LA SALUD<\/span><\/strong><\/p>\n<p style=\"text-align: justify\"><span style=\"font-size: 10pt;line-height: 115%;font-family: Verdana, sans-serif\">A instancia de una instituci\u00f3n sanitaria de las Islas Baleares, la Real Academia de Medicina de las Islas Baleares convoca el Premio Mateu Orfila a la trayectoria de un profesional de la salud y le otorga un diploma acreditativo al galardonado.<\/span><\/p>\n<p style=\"text-align: justify\"><strong><span style=\"font-size: 10pt;line-height: 115%;font-family: Verdana, sans-serif;color: #f79646\">C. PREMIOS PATROCINADOS<\/span><\/strong><\/p>\n<p style=\"text-align: justify\"><span style=\"font-size: 10pt;line-height: 115%;font-family: Verdana, sans-serif\">Asimismo, la Real Academia de Medicina de las Islas Baleares convoca en colaboraci\u00f3n los siguientes premios, dotados de 1.500 \u20ac y un diploma acreditativo al primer firmante:<\/span><\/p>\n<p style=\"text-align: justify\"><strong><span style=\"font-size: 10pt;line-height: 115%;font-family: Verdana, sans-serif\">Premio Jean Dausset,<\/span><\/strong><span style=\"font-size: 10pt;line-height: 115%;font-family: Verdana, sans-serif\"> <span style=\"color: black;background: white\">del Ilustre Colegio Oficial de M\u00e9dicos de las Islas Baleares, a la mejor tesis de medicina o ciencias afines elaborada en las Islas Baleares y defendida durante el a\u00f1o 2018.<\/span><\/span><\/p>\n<p style=\"text-align: justify\"><strong><span style=\"font-size: 10pt;line-height: 115%;font-family: Verdana, sans-serif\">Premio Doctor Ramon Rotger Moner,<\/span><\/strong><span style=\"font-size: 10pt;line-height: 115%;font-family: Verdana, sans-serif;color: black;background: white\"> para el mejor estudio sobre cirug\u00eda y especialidades quir\u00fargicas.<\/span><\/p>\n<p style=\"text-align: justify\"><strong><span style=\"font-size: 10pt;line-height: 115%;font-family: Verdana, sans-serif\">Premio Metges Rossell\u00f3,<\/span><\/strong><span style=\"font-size: 10pt;line-height: 115%;font-family: Verdana, sans-serif\"> para el mehor estudio sobre urolog\u00eda y androlog\u00eda.<\/span><\/p>\n<p style=\"text-align: justify\"><strong><span style=\"font-size: 10pt;line-height: 115%;font-family: Verdana, sans-serif\">Premio Hospital Quir\u00f3nsalud Palmaplanas<\/span><\/strong><span style=\"font-size: 10pt;line-height: 115%;font-family: Verdana, sans-serif\">, al mejor estudio sobre las especialidades m\u00e9dicas.<\/span><\/p>\n<p style=\"text-align: justify\"><strong><span style=\"font-size: 10pt;line-height: 115%;font-family: Verdana, sans-serif\">Premio Colegio Oficial de Enfermer\u00eda de les Illes Balears,<\/span><\/strong><span style=\"font-size: 10pt;line-height: 115%;font-family: Verdana, sans-serif\"> para el mejor estudio de investigaci\u00f3n en enfermer\u00eda en cualquiera de sus \u00e1mbitos.<\/span><\/p>\n<p style=\"text-align: justify\"><strong><span style=\"font-size: 10pt;line-height: 115%;font-family: Verdana, sans-serif;color: #f79646\">D. AJUDA DE INVESTIGACI\u00d3N EN ONCOLOG\u00cdA DE LA AECC DE BALEARS<\/span><\/strong><\/p>\n<p style=\"margin-top: 0cm;margin-right: 0cm;margin-bottom: 0.0001pt;text-align: justify;background: white;vertical-align: baseline\"><span style=\"font-size: 10pt;font-family: Verdana, sans-serif;color: black;border: 1pt none windowtext;padding: 0cm\">La Real Academia de Medicina de las Islas Baleares convoca en colaboraci\u00f3n la Ayuda de Investigaci\u00f3n en Oncolog\u00eda destinada a profesionales o grupos de trabajo radicados en las Islas Baleares y promovida por la Junta Provincial de Baleares de la Asociaci\u00f3n Espa\u00f1ola Contra el C\u00e1ncer.<\/span><\/p>\n<p style=\"margin-top: 0cm;margin-right: 0cm;margin-bottom: 0.0001pt;text-align: justify;line-height: 18pt;background: white;vertical-align: baseline\"><span><span><span style=\"font-size: 10pt;font-family: Verdana, sans-serif;color: black;border: 1pt none windowtext;padding: 0cm\">La concesi\u00f3n de los premios se regir\u00e1 por las siguientes:<\/span><\/span><\/span><\/p>\n<p style=\"text-align: justify\"><strong><span style=\"font-size: 10pt;line-height: 115%;font-family: Verdana, sans-serif;color: #f79646\">BASES<\/span><\/strong><\/p>\n<p style=\"text-align: justify\"><span style=\"font-size: 10pt;line-height: 115%;font-family: Verdana, sans-serif\">1. El <strong>Premio Jean Dausset<\/strong> se conceder\u00e1 a la mejor tesis doctoral de Medicina o de Ciencias afines elaborada en las Islas Baleares y defendida durante el a\u00f1o 2018. La concesi\u00f3n ser\u00e1 acordada por la Real Academia y el Colegio Oficial de M\u00e9dicos de las Islas Baleares entre las propuestas recibidas antes del d\u00eda 1 de noviembre de 2019.<\/span><\/p>\n<p style=\"text-align: justify\"><span style=\"font-size: 10pt;line-height: 115%;font-family: Verdana, sans-serif\">2. El <strong>Premio Mateu Orfila <\/strong>se conceder\u00e1 a un profesional sanitario seleccionado de entre los curr\u00edculos propuestos por las entidades de la Comunidad Aut\u00f3noma de las Islas Baleares que tengan relaci\u00f3n con las ciencias de la salud. Las propuestas y curr\u00edculos deber\u00e1n remitirse antes del d\u00eda 1 de noviembre del a\u00f1o 2019.<\/span><\/p>\n<p style=\"text-align: justify\"><span style=\"font-size: 10pt;line-height: 115%;font-family: Verdana, sans-serif\">3. <span style=\"color: black;background: white\">Las Sociedades Cient\u00edficas de las Islas Baleares, relacionadas con la Medicina y las ciencias afines, podr\u00e1n patrocinar y sufragar mediante el Programa de Premios de la Real Academia de Medicina de las Islas Baleares, un premio anual dotado con 1.000 euros y Diploma acreditativo emitido por la Real Academia de Medicina, al mejor trabajo sobre la especialidad propia de la asociaci\u00f3n.<\/span><\/span><\/p>\n<p style=\"text-align: justify\"><span style=\"font-size: 10pt;line-height: 115%;font-family: Verdana, sans-serif\">4. <span style=\"color: black;background: white\">La convocatoria de la <strong>Ayuda de Investigaci\u00f3n en Oncolog\u00eda<\/strong> promovida por la Junta Provincial de Baleares de la Asociaci\u00f3n Espa\u00f1ola Contra el C\u00e1ncer cuenta con unas bases espec\u00edficas, accesibles a trav\u00e9s de la p\u00e1gina web de la AECC de Baleares.<\/span><\/span><\/p>\n<p style=\"text-align: justify\"><span style=\"font-size: 10pt;line-height: 115%;font-family: Verdana, sans-serif\">5. <span style=\"color: black;background: white\">A los premios podr\u00e1n concursar doctores, licenciados o graduados en Medicina o en Ciencias afines. Los aspirantes deber\u00e1n enviar sus trabajos antes del 1 de noviembre del a\u00f1o 2018. Los patrocinadores podr\u00e1n divulgar las bases del concurso de cada uno de los premios en los medios de comunicaci\u00f3n que estimen convenientes.<\/span><\/span><\/p>\n<p style=\"text-align: justify\"><span style=\"font-size: 10pt;line-height: 115%;font-family: Verdana, sans-serif\">6. Los trabajos que opten a los premios no pueden ser presentados simult\u00e1neamente a otros concursos o haber sido ya premiados. Igualmente, deber\u00e1n ser originales e in\u00e9ditos, no siendo aceptados aquellos que en el momento de la adjudicaci\u00f3n hayan sido publicados total o parcialmente.<\/span><\/p>\n<p style=\"text-align: justify\"><span style=\"font-size: 10pt;line-height: 115%;font-family: Verdana, sans-serif\">7. Los trabajos deber\u00e1n estar escritos en programa Word, a un espacio y medio. La extensi\u00f3n de los originales debe ser de un m\u00ednimo de 20 hojas y un m\u00e1ximo de 40 hojas DIN A4 por una sola cara, incluyendo en el texto, bibliograf\u00eda o referencias documentales, adem\u00e1s de la iconograf\u00eda complementaria. Se admitir\u00e1n hasta seis figuras y seis tablas. Se incluir\u00e1n un m\u00e1ximo de 35 referencias bibliogr\u00e1ficas. Debe incluirse el t\u00edtulo, palabras clave y resumen estructurado en catal\u00e1n o castellano e ingl\u00e9s, de unas 250 palabras.<\/span><\/p>\n<p style=\"text-align: justify\"><span style=\"font-size: 10pt;line-height: 115%;font-family: Verdana, sans-serif\">8. Los originales (una copia impresa y una en un dispositivo de memoria USB), redactados en lengua catalana o castellana, ser\u00e1n enviados a la Secretar\u00eda General de la Real Academia de Medicina de las Islas Baleares (Calle Can Campaner, 4, bajo. 07003 , Palma de Mallorca) por el sistema de lema y plica, sin firma del autor o autores, de los cuales su identidad, direcci\u00f3n y tel\u00e9fono deber\u00e1 figurar en un sobre cerrado, identificado con el mismo lema del trabajo original. Junto al lema, en el trabajo figurar\u00e1 claramente el nombre del premio al que se concurre.<\/span><\/p>\n<p style=\"text-align: justify\"><span style=\"font-size: 10pt;line-height: 115%;font-family: Verdana, sans-serif\">9. Debido a sus caracter\u00edsticas, las tesis que opten al Premio Jean Dausset no se presentar\u00e1n con el sistema de lema y plica, por haber sido p\u00fablica su lectura, y se presentar\u00e1n mediante una copia escrita y una en un dispositivo de memoria USB.<\/span><\/p>\n<p style=\"text-align: justify\"><span style=\"font-size: 10pt;line-height: 115%;font-family: Verdana, sans-serif\">10. E<\/span><span style=\"font-size: 10pt;line-height: 115%;font-family: Verdana, sans-serif\">n aquellos casos que la Real Academia estime conveniente, por el contenido del trabajo presentado, podr\u00e1 asignarlo a optar al premio m\u00e1s af\u00edn a aquel.<\/span><\/p>\n<p style=\"text-align: justify\"><span style=\"font-size: 10pt;line-height: 115%;font-family: Verdana, sans-serif\">11. <span style=\"color: black;background: white\">Los premios se votar\u00e1n en sesi\u00f3n de gobierno extraordinaria de la Real Academia, previo informe de la Comisi\u00f3n correspondiente. En los premios patrocinados, un representante designado por el patrocinador podr\u00e1 participar, con voz pero sin voto, a las deliberaciones de la secci\u00f3n de evaluaci\u00f3n.<\/span><\/span><\/p>\n<p style=\"text-align: justify\"><span style=\"font-size: 10pt;line-height: 115%;font-family: Verdana, sans-serif\">12. <span style=\"color: black;background: white\">El fallo del concurso ser\u00e1 inapelable y se har\u00e1 p\u00fablica a trav\u00e9s de rueda de prensa con los medios de comunicaci\u00f3n locales, as\u00ed como otros medios que la Real Academia estime adecuadas. Igualmente ser\u00e1 comunicado oficialmente al primer autor firmante de los trabajos premiados. La entrega de los premios tendr\u00e1 lugar en la solemne sesi\u00f3n inaugural del curso acad\u00e9mico de 2020. El secretario general de la Real Academia reflejar\u00e1 en la memoria escrita anual una semejanza del patrocinador.<\/span><\/span><\/p>\n<p style=\"text-align: justify\"><span style=\"font-size: 10pt;line-height: 115%;font-family: Verdana, sans-serif\">13. <span style=\"color: black;background: white\">En caso de que el trabajo galardonado con el Premio de la Real Academia fuera firmado por m\u00e1s de un autor, el t\u00edtulo de Acad\u00e9mico correspondiente s\u00f3lo ser\u00e1 otorgado, obligatoriamente, al primer firmante.<\/span><\/span><\/p>\n<p style=\"text-align: justify\"><span style=\"font-size: 10pt;line-height: 115%;font-family: Verdana, sans-serif\">14.<span style=\"color: black;background: white\"> Los trabajos premiados quedar\u00e1n en propiedad de la Real Academia de Medicina de las Islas Baleares, que podr\u00e1 publicarlos en su revista Medicina Balear.<\/span><\/span><\/p>\n<p style=\"text-align: justify\"><span style=\"font-size: 10pt;line-height: 115%;font-family: Verdana, sans-serif\">15. L<span style=\"color: black;background: white\">os premios no podr\u00e1n dividirse pero podr\u00e1n ser declarados desiertos, en cuyo caso la cuant\u00eda de los premios patrocinados se destinar\u00e1 a becas concedidas por un concurso convocado a tal fin, que se publicar\u00e1 en los medios de comunicaci\u00f3n y en la p\u00e1gina web de la Real Academia.<\/span><\/span><\/p>\n<p style=\"text-align: justify\"><span style=\"font-size: 10pt;line-height: 115%;font-family: Verdana, sans-serif\">16. <span style=\"color: black;background: white\">La participaci\u00f3n en el presente concurso implica la aceptaci\u00f3n total de las bases de esta convocatoria, de la que la interpretaci\u00f3n exclusiva ser\u00e1 de esta Real Academia.<\/span><\/span><\/p>\n","protected":false},"excerpt":{"rendered":"<p>&nbsp; La Real Academia de Medicina de las Islas Baleares publica a continuaci\u00f3n el&nbsp;Programa de Premioscorrespondiente al Curso Acad\u00e9mico 2019.<\/p>\n","protected":false},"author":3,"featured_media":1343,"comment_status":"closed","ping_status":"closed","sticky":false,"template":"","format":"standard","meta":{"_monsterinsights_skip_tracking":false,"_monsterinsights_sitenote_active":false,"_monsterinsights_sitenote_note":"","_monsterinsights_sitenote_category":0,"footnotes":""},"categories":[24,165,19],"tags":[],"_links":{"self":[{"href":"https:\/\/ramib.org\/oficial\/index.php\/wp-json\/wp\/v2\/posts\/379"}],"collection":[{"href":"https:\/\/ramib.org\/oficial\/index.php\/wp-json\/wp\/v2\/posts"}],"about":[{"href":"https:\/\/ramib.org\/oficial\/index.php\/wp-json\/wp\/v2\/types\/post"}],"author":[{"embeddable":true,"href":"https:\/\/ramib.org\/oficial\/index.php\/wp-json\/wp\/v2\/users\/3"}],"replies":[{"embeddable":true,"href":"https:\/\/ramib.org\/oficial\/index.php\/wp-json\/wp\/v2\/comments?post=379"}],"version-history":[{"count":4,"href":"https:\/\/ramib.org\/oficial\/index.php\/wp-json\/wp\/v2\/posts\/379\/revisions"}],"predecessor-version":[{"id":2123,"href":"https:\/\/ramib.org\/oficial\/index.php\/wp-json\/wp\/v2\/posts\/379\/revisions\/2123"}],"wp:featuredmedia":[{"embeddable":true,"href":"https:\/\/ramib.org\/oficial\/index.php\/wp-json\/wp\/v2\/media\/1343"}],"wp:attachment":[{"href":"https:\/\/ramib.org\/oficial\/index.php\/wp-json\/wp\/v2\/media?parent=379"}],"wp:term":[{"taxonomy":"category","embeddable":true,"href":"https:\/\/ramib.org\/oficial\/index.php\/wp-json\/wp\/v2\/categories?post=379"},{"taxonomy":"post_tag","embeddable":true,"href":"https:\/\/ramib.org\/oficial\/index.php\/wp-json\/wp\/v2\/tags?post=379"}],"curies":[{"name":"wp","href":"https:\/\/api.w.org\/{rel}","templated":true}]}}