{"id":378,"date":"2019-01-31T13:31:03","date_gmt":"2019-01-31T13:31:03","guid":{"rendered":"https:\/\/ramib.org\/oficial\/index.php\/programa-de-premis-convocats-per-al-curs-academic-2019\/"},"modified":"2020-02-03T01:40:12","modified_gmt":"2020-02-03T01:40:12","slug":"programa-de-premis-convocats-per-al-curs-academic-2019","status":"publish","type":"post","link":"https:\/\/ramib.org\/oficial\/index.php\/2019\/01\/31\/programa-de-premis-convocats-per-al-curs-academic-2019\/","title":{"rendered":"Programa de premis convocats per al curs acad\u00e8mic 2019"},"content":{"rendered":"<p>&nbsp;<\/p>\n<p style=\"text-align: justify\"><span style=\"margin: 0px;padding: 0px;border: 0px;vertical-align: baseline;background-image: initial;background-position: initial;text-align: justify;font-family: verdana, geneva;font-size: 13.3333px\">La Reial Acad\u00e8mia de Medicina de les Illes Balears publica a continuaci\u00f3 el&nbsp;<\/span><span style=\"margin: 0px;padding: 0px;border: 0px;vertical-align: baseline;background: transparent;text-align: justify;font-family: verdana, geneva;font-size: 13.3333px\">Programa de Premis<\/span><span style=\"margin: 0px;padding: 0px;border: 0px;vertical-align: baseline;background-image: initial;background-position: initial;text-align: justify;font-family: verdana, geneva;font-size: 13.3333px\">&nbsp;corresponent al Curs Acad\u00e8mic 2019.<\/span>&nbsp;<\/p>\n<p>  <!--more--><\/p>\n<p>&nbsp;<\/p>\n<p style=\"text-align: justify\"><strong><span style=\"font-size: 12pt;line-height: 115%;font-family: Verdana, sans-serif;color: #f79646\">PROGRAMA DE PREMIS CONVOCATS PER AL CURS 2019<\/span><\/strong><\/p>\n<p style=\"text-align: justify\"><strong><span style=\"font-size: 10pt;line-height: 115%;font-family: Verdana, sans-serif;color: #f79646\">A. PREMI DE LA REIAL ACAD\u00c8MIA DE MEDICINA DE LES ILLES BALEARS<\/span><\/strong><\/p>\n<p style=\"text-align: justify\"><span style=\"font-size: 10pt;line-height: 115%;font-family: Verdana, sans-serif\">La Reial Acad\u00e8mia de Medicina de les Illes Balears convoca un concurs per concedir, durant l\u2019any 2019, el Premi Reial Acad\u00e8mia de Medicina de les Illes Balears, el t\u00edtol d\u2019Acad\u00e8mic corresponent i 1.000\u20ac, a l\u2019autor del millor treball presentat sobre un tema de Medicina o Ci\u00e8ncies afins en qualsevol de les seves especialitats.<\/span><\/p>\n<p style=\"text-align: justify\"><strong><span style=\"font-size: 10pt;line-height: 115%;font-family: Verdana, sans-serif;color: #f79646\">B. PREMI MATEU ORFILA, A LA TRAJECT\u00d2RIA D\u2019UN PROFESSIONAL DE LA SALUT<\/span><\/strong><\/p>\n<p style=\"text-align: justify\"><span style=\"font-size: 10pt;line-height: 115%;font-family: Verdana, sans-serif\">A inst\u00e0ncia d\u2019una instituci\u00f3 sanit\u00e0ria de les Illes Balears, la Reial Acad\u00e8mia de Medicina de les Illes Balears convoca el Premi Mateu Orfila a la traject\u00f2ria d\u2019un professional de la salut i li concedeix un diploma acreditatiu al guardonat.<\/span><\/p>\n<p style=\"text-align: justify\"><strong><span style=\"font-size: 10pt;line-height: 115%;font-family: Verdana, sans-serif;color: #f79646\">C. PREMIS PATROCINATS<\/span><\/strong><\/p>\n<p style=\"text-align: justify\"><span style=\"font-size: 10pt;line-height: 115%;font-family: Verdana, sans-serif\">Aix\u00ed mateix, la Reial Acad\u00e8mia de Medicina de les Illes Balears convoca en col\u00b7laboraci\u00f3 els seg\u00fcents premis, dotats de 1.500\u20ac i concedeix un diploma acreditatiu al primer firmant:<\/span><\/p>\n<p style=\"text-align: justify\"><strong><span style=\"font-size: 10pt;line-height: 115%;font-family: Verdana, sans-serif\">Premi Jean Dausset,<\/span><\/strong><span style=\"font-size: 10pt;line-height: 115%;font-family: Verdana, sans-serif\"> de l\u2019Il\u00b7lustre Col\u00b7legi Oficial de Metges de les Illes Balears, a la millor tesi de medicina o ci\u00e8ncies afins elaborada a les Illes Balears i defensada durant l\u2019any 2018.<\/span><\/p>\n<p style=\"text-align: justify\"><strong><span style=\"font-size: 10pt;line-height: 115%;font-family: Verdana, sans-serif\">Premi Doctor Ramon Rotger Moner,<\/span><\/strong><span style=\"font-size: 10pt;line-height: 115%;font-family: Verdana, sans-serif\"> per al millor estudi sobre cirurgia i especialitats quir\u00fargiques.<\/span><\/p>\n<p style=\"text-align: justify\"><strong><span style=\"font-size: 10pt;line-height: 115%;font-family: Verdana, sans-serif\">Premi Metges Rossell\u00f3,<\/span><\/strong><span style=\"font-size: 10pt;line-height: 115%;font-family: Verdana, sans-serif\"> per al millor estudi sobre urologia i andrologia.<\/span><\/p>\n<p style=\"text-align: justify\"><strong><span style=\"font-size: 10pt;line-height: 115%;font-family: Verdana, sans-serif\">Premi Hospital Quir\u00f3nsalud Palmaplanas<\/span><\/strong><span style=\"font-size: 10pt;line-height: 115%;font-family: Verdana, sans-serif\">, al millor estudi sobre les especialitats m\u00e8diques.<\/span><\/p>\n<p style=\"text-align: justify\"><strong><span style=\"font-size: 10pt;line-height: 115%;font-family: Verdana, sans-serif\">Premi Col\u00b7legi Oficial d\u2019Infermeria de les Illes Balears,<\/span><\/strong><span style=\"font-size: 10pt;line-height: 115%;font-family: Verdana, sans-serif\"> per al millor estudi d\u2019investigaci\u00f3 en infermeria en qualsevol dels seus \u00e0mbits.<\/span><\/p>\n<p style=\"text-align: justify\"><strong><span style=\"font-size: 10pt;line-height: 115%;font-family: Verdana, sans-serif;color: #f79646\">D. AJUDA D\u2019INVESTIGACI\u00d3 EN ONCOLOGIA DE L\u2019AECC DE BALEARS<\/span><\/strong><\/p>\n<p style=\"text-align: justify\"><span style=\"font-size: 10pt;line-height: 115%;font-family: Verdana, sans-serif\">La Reial Acad\u00e8mia convoca en col\u00b7laboraci\u00f3 les Ajudes en Investigaci\u00f3 en Oncologia destinades a professionals o a grups de treball radicats a les Illes Balears i promogudes per la Junta Provincial de Balears de l\u2019Associaci\u00f3 Espanyola Contra el C\u00e0ncer.<\/span><\/p>\n<p style=\"text-align: justify\"><span style=\"font-size: 10pt;line-height: 115%;font-family: Verdana, sans-serif\">La concessi\u00f3 dels premis es regir\u00e0 per les bases seg\u00fcents:<\/span><\/p>\n<p style=\"text-align: justify\"><strong><span style=\"font-size: 10pt;line-height: 115%;font-family: Verdana, sans-serif;color: #f79646\">BASES<\/span><\/strong><\/p>\n<p style=\"text-align: justify\"><span style=\"font-size: 10pt;line-height: 115%;font-family: Verdana, sans-serif\">1. El <strong>Premi Jean Dausset<\/strong> es concedir\u00e0 a la millor tesi doctoral de Medicina o de Ci\u00e8ncies afins elaborada a les Illes Balears i defensada durant l\u2019any 2018. La concessi\u00f3 ser\u00e0 acordada per la Reial Acad\u00e8mia i el Col\u00b7legi Oficial de Metges de les Illes Balears entre les propostes rebudes abans del dia 1 de novembre de 2019.<\/span><\/p>\n<p style=\"text-align: justify\"><span style=\"font-size: 10pt;line-height: 115%;font-family: Verdana, sans-serif\">2. El <strong>Premi Mateu Orfila<\/strong> es concedir\u00e0 a un professional sanitari seleccionat d\u2019entre els curr\u00edculums proposats per les entitats de la Comunitat Aut\u00f2noma de les Illes Balears que tinguin relaci\u00f3 amb les ci\u00e8ncies de la salut. Les propostes i curr\u00edculums s\u2019hauran de trametre abans de dia 1 de novembre de l\u2019any 2019.<\/span><\/p>\n<p style=\"text-align: justify\"><span style=\"font-size: 10pt;line-height: 115%;font-family: Verdana, sans-serif\">3. Les Societats Cient\u00edfiques de les Illes Balears relacionades amb la Medicina i les ci\u00e8ncies afins podran patrocinar i sufragar mitjan\u00e7ant el Programa de Premis de la Reial Acad\u00e8mia de Medicina de les Illes Balears, un premi anual dotat amb 1.000 euros i Diploma acreditatiu em\u00e8s per la Reial Acad\u00e8mia de Medicina al millor treball sobre l\u2019especialitat pr\u00f2pia de l\u2019associaci\u00f3.<\/span><\/p>\n<p style=\"text-align: justify\"><span style=\"font-size: 10pt;line-height: 115%;font-family: Verdana, sans-serif\">4. La convocat\u00f2ria de les <strong>Ajudes en Investigaci\u00f3 en Oncologia<\/strong> promogudes per la Junta Provincial de Balears de l\u2019Associaci\u00f3 Espanyola Contra el C\u00e0ncer compta amb unes bases espec\u00edfiques, accessibles a trav\u00e9s de la p\u00e0gina web de l\u2019AECC de Balears.<\/span><\/p>\n<p style=\"text-align: justify\"><span style=\"font-size: 10pt;line-height: 115%;font-family: Verdana, sans-serif\">5. Podran concursar als premis doctors, llicenciats o graduats en Medicina o en Ci\u00e8ncies afins. Els aspirants hauran de trametre els seus treballs abans de dia 1 de novembre de l\u2019any 2019. Els patrocinadors podran divulgar les bases del concurs de cadascun dels premis en els mitjans de comunicaci\u00f3 que estimin adients. <\/span><\/p>\n<p style=\"text-align: justify\"><span style=\"font-size: 10pt;line-height: 115%;font-family: Verdana, sans-serif\">6. Els treballs que optin als premis no poden ser presentats simult\u00e0niament a altres concursos o haver estat ja premiats. Igualment, hauran de ser originals i in\u00e8dits, no essent acceptats aquells que en el moment de l\u2019adjudicaci\u00f3 hagin estat publicats total o parcialment.<\/span><\/p>\n<p style=\"text-align: justify\"><span style=\"font-size: 10pt;line-height: 115%;font-family: Verdana, sans-serif\">7. Els treballs hauran d\u2019estar escrits en programa Word, a un espai i mig. L\u2019extensi\u00f3 dels originals ha de ser d\u2019un m\u00ednim de 20 fulls i un m\u00e0xim de 40 fulls DIN A4 per una sola cara, incloent en el text, bibliografia o refer\u00e8ncies documentals, a m\u00e9s de la iconografia complement\u00e0ria. S\u2019admetran fins a sis figures i sis taules. S\u2019inclouran un m\u00e0xim de 35 refer\u00e8ncies bibliogr\u00e0fiques. Cal incloure el t\u00edtol, paraules clau i resum estructurat en catal\u00e0 o castell\u00e0 i angl\u00e8s, d\u2019unes 250 paraules.<\/span><\/p>\n<p style=\"text-align: justify\"><span style=\"font-size: 10pt;line-height: 115%;font-family: Verdana, sans-serif\">8. Els originals (una c\u00f2pia impresa i una en un dispositiu de mem\u00f2ria USB), redactats en llengua catalana o castellana, seran tramesos a la Secretaria General de la Reial Acad\u00e8mia de Medicina de les Illes Balears (Carrer de Can Campaner, 4, baixos. 07003, Palma de Mallorca) pel sistema de lema i plica, sense firma de l\u2019autor o autors, dels quals la seva identitat, direcci\u00f3 i tel\u00e8fon haur\u00e0 de figurar en un sobre tancat, identificat amb el mateix lema del treball original. Junt al lema, en el treball figurar\u00e0 clarament el nom del premi al qual es concorr.<\/span><\/p>\n<p style=\"text-align: justify\"><span style=\"font-size: 10pt;line-height: 115%;font-family: Verdana, sans-serif\">9. A causa de les seves caracter\u00edstiques, les tesis que optin al Premi Jean Dausset no es presentaran amb el sistema de lema i plica, per haver estat p\u00fablica la seva lectura, i es presentaran mitjan\u00e7ant una c\u00f2pia escrita i una en un dispositiu de mem\u00f2ria USB.<\/span><\/p>\n<p style=\"text-align: justify\"><span style=\"font-size: 10pt;line-height: 115%;font-family: Verdana, sans-serif\">10. En aquells casos que la Reial Acad\u00e8mia estimi adient, pel contingut del treball presentat, podr\u00e0 assignar-lo a optar al premi m\u00e9s af\u00ed a aquell.<\/span><\/p>\n<p style=\"text-align: justify\"><span style=\"font-size: 10pt;line-height: 115%;font-family: Verdana, sans-serif\">11. Els premis es votaran en sessi\u00f3 de govern extraordin\u00e0ria de la Reial Acad\u00e8mia, previ informe de la comissi\u00f3 corresponent. En els premis patrocinats, un representant designat pel patrocinador podr\u00e0 participar, amb veu per\u00f2 sense vot, a les deliberacions de la secci\u00f3 d\u2019avaluaci\u00f3.<\/span><\/p>\n<p style=\"text-align: justify\"><span style=\"font-size: 10pt;line-height: 115%;font-family: Verdana, sans-serif\">12. La decisi\u00f3 del concurs ser\u00e0 inapel\u00b7lable i es far\u00e0 p\u00fablica a trav\u00e9s de roda de premsa amb els mitjans de comunicaci\u00f3 locals, aix\u00ed com altres mitjans que la Reial Acad\u00e8mia estimi adients. Igualment ser\u00e0 comunicat oficialment al primer autor firmant dels treballs premiats. El lliurament dels premis tindr\u00e0 lloc a la solemne sessi\u00f3 inaugural del curs acad\u00e8mic de 2020. El secretari general de la Reial Acad\u00e8mia reflectir\u00e0 a la mem\u00f2ria escrita anual una semblan\u00e7a dels patrocinadors. <\/span><\/p>\n<p style=\"text-align: justify\"><span style=\"font-size: 10pt;line-height: 115%;font-family: Verdana, sans-serif\">13. En el cas que el treball guardonat amb el Premi de la Reial Acad\u00e8mia fos signat per m\u00e9s d\u2019un autor, el t\u00edtol d\u2019Acad\u00e8mic corresponent sols ser\u00e0 atorgat, obligat\u00f2riament, al primer firmant.<\/span><\/p>\n<p style=\"text-align: justify\"><span style=\"font-size: 10pt;line-height: 115%;font-family: Verdana, sans-serif\">14. Els treballs premiats quedaran en propietat de la Reial Acad\u00e8mia de Medicina de les Illes Balears, que podr\u00e0 publicar-los a la seva revista Medicina Balear.<\/span><\/p>\n<p style=\"text-align: justify\"><span style=\"font-size: 10pt;line-height: 115%;font-family: Verdana, sans-serif\">15. Els premis no podran dividir-se per\u00f2 podran ser declarats deserts; en aquest cas la quantia dels premis patrocinats es destinar\u00e0 a beques concedides per un concurs convocat a tal fi, que es publicar\u00e0 als mitjans de comunicaci\u00f3 i a la p\u00e0gina web de la Reial Acad\u00e8mia.<\/span><\/p>\n<p style=\"text-align: justify\"><span style=\"font-size: 10pt;line-height: 115%;font-family: Verdana, sans-serif\">16. La participaci\u00f3 en el present concurs implica l\u2019acceptaci\u00f3 total de les bases d\u2019aquesta convocat\u00f2ria, de les quals la interpretaci\u00f3 exclusiva ser\u00e0 d\u2019aquesta Reial Acad\u00e8mia.<\/span><\/p>\n","protected":false},"excerpt":{"rendered":"<p>&nbsp; La Reial Acad\u00e8mia de Medicina de les Illes Balears publica a continuaci\u00f3 el&nbsp;Programa de Premis&nbsp;corresponent al Curs Acad\u00e8mic 2019.&nbsp;<\/p>\n","protected":false},"author":3,"featured_media":1343,"comment_status":"closed","ping_status":"closed","sticky":false,"template":"","format":"standard","meta":{"_monsterinsights_skip_tracking":false,"_monsterinsights_sitenote_active":false,"_monsterinsights_sitenote_note":"","_monsterinsights_sitenote_category":0,"footnotes":""},"categories":[24,165,19],"tags":[],"_links":{"self":[{"href":"https:\/\/ramib.org\/oficial\/index.php\/wp-json\/wp\/v2\/posts\/378"}],"collection":[{"href":"https:\/\/ramib.org\/oficial\/index.php\/wp-json\/wp\/v2\/posts"}],"about":[{"href":"https:\/\/ramib.org\/oficial\/index.php\/wp-json\/wp\/v2\/types\/post"}],"author":[{"embeddable":true,"href":"https:\/\/ramib.org\/oficial\/index.php\/wp-json\/wp\/v2\/users\/3"}],"replies":[{"embeddable":true,"href":"https:\/\/ramib.org\/oficial\/index.php\/wp-json\/wp\/v2\/comments?post=378"}],"version-history":[{"count":3,"href":"https:\/\/ramib.org\/oficial\/index.php\/wp-json\/wp\/v2\/posts\/378\/revisions"}],"predecessor-version":[{"id":2027,"href":"https:\/\/ramib.org\/oficial\/index.php\/wp-json\/wp\/v2\/posts\/378\/revisions\/2027"}],"wp:featuredmedia":[{"embeddable":true,"href":"https:\/\/ramib.org\/oficial\/index.php\/wp-json\/wp\/v2\/media\/1343"}],"wp:attachment":[{"href":"https:\/\/ramib.org\/oficial\/index.php\/wp-json\/wp\/v2\/media?parent=378"}],"wp:term":[{"taxonomy":"category","embeddable":true,"href":"https:\/\/ramib.org\/oficial\/index.php\/wp-json\/wp\/v2\/categories?post=378"},{"taxonomy":"post_tag","embeddable":true,"href":"https:\/\/ramib.org\/oficial\/index.php\/wp-json\/wp\/v2\/tags?post=378"}],"curies":[{"name":"wp","href":"https:\/\/api.w.org\/{rel}","templated":true}]}}