{"id":3763,"date":"2022-07-05T07:06:00","date_gmt":"2022-07-05T07:06:00","guid":{"rendered":"https:\/\/ramib.org\/oficial\/?p=3763"},"modified":"2022-08-30T08:28:04","modified_gmt":"2022-08-30T08:28:04","slug":"3763","status":"publish","type":"post","link":"https:\/\/ramib.org\/oficial\/index.php\/2022\/07\/05\/3763\/?lang=es","title":{"rendered":"05\/07\/2022: De la biolog\u00eda a la biomec\u00e1nica: la dif\u00edcil supervivencia del manguito rotador en el ser humano"},"content":{"rendered":"\n<p class=\"has-black-color has-text-color\">Sesi\u00f3n cient\u00edfica. &#8211; D\u00eda 5 de julio se celebr\u00f3 en la sede acad\u00e9mica de Can Campaner la sesi\u00f3n cient\u00edfica &#8220;<a>De la biolog\u00eda a la biomec\u00e1nica: la dif\u00edcil supervivencia del manguito rotador en el ser humano<\/a>&#8220;.<\/p>\n\n\n\n<figure class=\"wp-block-image size-large\"><img loading=\"lazy\" decoding=\"async\" width=\"1024\" height=\"683\" src=\"https:\/\/ramib.org\/oficial\/wp-content\/uploads\/2022\/07\/marco1-1.jpg\" alt=\"\" class=\"wp-image-3824\" srcset=\"https:\/\/ramib.org\/oficial\/wp-content\/uploads\/2022\/07\/marco1-1.jpg 1024w, https:\/\/ramib.org\/oficial\/wp-content\/uploads\/2022\/07\/marco1-1-300x200.jpg 300w, https:\/\/ramib.org\/oficial\/wp-content\/uploads\/2022\/07\/marco1-1-768x512.jpg 768w, https:\/\/ramib.org\/oficial\/wp-content\/uploads\/2022\/07\/marco1-1-696x464.jpg 696w, https:\/\/ramib.org\/oficial\/wp-content\/uploads\/2022\/07\/marco1-1-630x420.jpg 630w\" sizes=\"(max-width: 1024px) 100vw, 1024px\" \/><\/figure>\n\n\n\n<p>Present\u00f3 al conferenciante el Dr. Javier Turis\u00f3, coordinador de la Unidad de Hombro del Hospital Universitari Son Espases y moder\u00f3 el coloquio el Sr. presidente de la RAMIB Dr. Joan Besalduch Vidal.<\/p>\n\n\n\n<figure class=\"wp-block-image size-large\"><img loading=\"lazy\" decoding=\"async\" width=\"1024\" height=\"683\" src=\"https:\/\/ramib.org\/oficial\/wp-content\/uploads\/2022\/07\/marco2.jpg\" alt=\"\" class=\"wp-image-3814\" srcset=\"https:\/\/ramib.org\/oficial\/wp-content\/uploads\/2022\/07\/marco2.jpg 1024w, https:\/\/ramib.org\/oficial\/wp-content\/uploads\/2022\/07\/marco2-300x200.jpg 300w, https:\/\/ramib.org\/oficial\/wp-content\/uploads\/2022\/07\/marco2-768x512.jpg 768w, https:\/\/ramib.org\/oficial\/wp-content\/uploads\/2022\/07\/marco2-696x464.jpg 696w, https:\/\/ramib.org\/oficial\/wp-content\/uploads\/2022\/07\/marco2-630x420.jpg 630w\" sizes=\"(max-width: 1024px) 100vw, 1024px\" \/><\/figure>\n\n\n\n<p>La ponencia fue llevada a cabo por el Dr. Fernando Marco Mart\u00ednez, Catedr\u00e1tico de Traumatolog\u00eda y Ortopedia de la Universidad Complutense de Madrid y jefe de Servicio de Cirug\u00eda Ortop\u00e9dica y Traumatolog\u00eda del Hospital Cl\u00ednico San Carlos.<\/p>\n\n\n\n<figure class=\"wp-block-image size-large\"><img loading=\"lazy\" decoding=\"async\" width=\"1024\" height=\"683\" src=\"https:\/\/ramib.org\/oficial\/wp-content\/uploads\/2022\/07\/marco4.jpg\" alt=\"\" class=\"wp-image-3816\" srcset=\"https:\/\/ramib.org\/oficial\/wp-content\/uploads\/2022\/07\/marco4.jpg 1024w, https:\/\/ramib.org\/oficial\/wp-content\/uploads\/2022\/07\/marco4-300x200.jpg 300w, https:\/\/ramib.org\/oficial\/wp-content\/uploads\/2022\/07\/marco4-768x512.jpg 768w, https:\/\/ramib.org\/oficial\/wp-content\/uploads\/2022\/07\/marco4-696x464.jpg 696w, https:\/\/ramib.org\/oficial\/wp-content\/uploads\/2022\/07\/marco4-630x420.jpg 630w\" sizes=\"(max-width: 1024px) 100vw, 1024px\" \/><\/figure>\n\n\n\n<figure class=\"wp-block-image size-large\"><img loading=\"lazy\" decoding=\"async\" width=\"1024\" height=\"683\" src=\"https:\/\/ramib.org\/oficial\/wp-content\/uploads\/2022\/07\/marco3.jpg\" alt=\"\" class=\"wp-image-3818\" srcset=\"https:\/\/ramib.org\/oficial\/wp-content\/uploads\/2022\/07\/marco3.jpg 1024w, https:\/\/ramib.org\/oficial\/wp-content\/uploads\/2022\/07\/marco3-300x200.jpg 300w, https:\/\/ramib.org\/oficial\/wp-content\/uploads\/2022\/07\/marco3-768x512.jpg 768w, https:\/\/ramib.org\/oficial\/wp-content\/uploads\/2022\/07\/marco3-696x464.jpg 696w, https:\/\/ramib.org\/oficial\/wp-content\/uploads\/2022\/07\/marco3-630x420.jpg 630w\" sizes=\"(max-width: 1024px) 100vw, 1024px\" \/><\/figure>\n\n\n\n<p>La ponencia fue seguida con gran inter\u00e9s por el p\u00fablico asistente finalizando con el habitual debate posterior a las ponencias.<\/p>\n\n\n\n<figure class=\"wp-block-image size-large\"><img loading=\"lazy\" decoding=\"async\" width=\"1024\" height=\"683\" src=\"https:\/\/ramib.org\/oficial\/wp-content\/uploads\/2022\/07\/marco5-1.jpg\" alt=\"\" class=\"wp-image-3826\" srcset=\"https:\/\/ramib.org\/oficial\/wp-content\/uploads\/2022\/07\/marco5-1.jpg 1024w, https:\/\/ramib.org\/oficial\/wp-content\/uploads\/2022\/07\/marco5-1-300x200.jpg 300w, https:\/\/ramib.org\/oficial\/wp-content\/uploads\/2022\/07\/marco5-1-768x512.jpg 768w, https:\/\/ramib.org\/oficial\/wp-content\/uploads\/2022\/07\/marco5-1-696x464.jpg 696w, https:\/\/ramib.org\/oficial\/wp-content\/uploads\/2022\/07\/marco5-1-630x420.jpg 630w\" sizes=\"(max-width: 1024px) 100vw, 1024px\" \/><\/figure>\n\n\n\n<figure class=\"wp-block-image size-large\"><img loading=\"lazy\" decoding=\"async\" width=\"1024\" height=\"683\" src=\"https:\/\/ramib.org\/oficial\/wp-content\/uploads\/2022\/07\/marco6.jpg\" alt=\"\" class=\"wp-image-3822\" srcset=\"https:\/\/ramib.org\/oficial\/wp-content\/uploads\/2022\/07\/marco6.jpg 1024w, https:\/\/ramib.org\/oficial\/wp-content\/uploads\/2022\/07\/marco6-300x200.jpg 300w, https:\/\/ramib.org\/oficial\/wp-content\/uploads\/2022\/07\/marco6-768x512.jpg 768w, https:\/\/ramib.org\/oficial\/wp-content\/uploads\/2022\/07\/marco6-696x464.jpg 696w, https:\/\/ramib.org\/oficial\/wp-content\/uploads\/2022\/07\/marco6-630x420.jpg 630w\" sizes=\"(max-width: 1024px) 100vw, 1024px\" \/><\/figure>\n\n\n\n<p>Puede visualizar la sesi\u00f3n cient\u00edfica en el canal de youtube de la corporaci\u00f3n pulsando en el siguiente enlace:<\/p>\n\n\n\n<figure class=\"wp-block-embed is-type-video is-provider-youtube wp-block-embed-youtube wp-embed-aspect-16-9 wp-has-aspect-ratio\"><div class=\"wp-block-embed__wrapper\">\n<iframe loading=\"lazy\" title=\"De la biolog\u00eda a la biomec\u00e1nica  la dif\u00edcil supervivencia del manguito rotador\" width=\"696\" height=\"392\" src=\"https:\/\/www.youtube.com\/embed\/1DVijabELKU?feature=oembed\" frameborder=\"0\" allow=\"accelerometer; autoplay; clipboard-write; encrypted-media; gyroscope; picture-in-picture\" allowfullscreen><\/iframe>\n<\/div><\/figure>\n","protected":false},"excerpt":{"rendered":"<p>Sesi\u00f3n cient\u00edfica. &#8211; D\u00eda 5 de julio se celebr\u00f3 en la sede acad\u00e9mica de Can Campaner la sesi\u00f3n cient\u00edfica &#8220;De la biolog\u00eda a la biomec\u00e1nica: la dif\u00edcil supervivencia del manguito [&hellip;]<\/p>\n","protected":false},"author":3,"featured_media":3828,"comment_status":"open","ping_status":"closed","sticky":false,"template":"","format":"standard","meta":{"_monsterinsights_skip_tracking":false,"_monsterinsights_sitenote_active":false,"_monsterinsights_sitenote_note":"","_monsterinsights_sitenote_category":0,"footnotes":""},"categories":[14,24,269,17],"tags":[],"_links":{"self":[{"href":"https:\/\/ramib.org\/oficial\/index.php\/wp-json\/wp\/v2\/posts\/3763"}],"collection":[{"href":"https:\/\/ramib.org\/oficial\/index.php\/wp-json\/wp\/v2\/posts"}],"about":[{"href":"https:\/\/ramib.org\/oficial\/index.php\/wp-json\/wp\/v2\/types\/post"}],"author":[{"embeddable":true,"href":"https:\/\/ramib.org\/oficial\/index.php\/wp-json\/wp\/v2\/users\/3"}],"replies":[{"embeddable":true,"href":"https:\/\/ramib.org\/oficial\/index.php\/wp-json\/wp\/v2\/comments?post=3763"}],"version-history":[{"count":5,"href":"https:\/\/ramib.org\/oficial\/index.php\/wp-json\/wp\/v2\/posts\/3763\/revisions"}],"predecessor-version":[{"id":3841,"href":"https:\/\/ramib.org\/oficial\/index.php\/wp-json\/wp\/v2\/posts\/3763\/revisions\/3841"}],"wp:featuredmedia":[{"embeddable":true,"href":"https:\/\/ramib.org\/oficial\/index.php\/wp-json\/wp\/v2\/media\/3828"}],"wp:attachment":[{"href":"https:\/\/ramib.org\/oficial\/index.php\/wp-json\/wp\/v2\/media?parent=3763"}],"wp:term":[{"taxonomy":"category","embeddable":true,"href":"https:\/\/ramib.org\/oficial\/index.php\/wp-json\/wp\/v2\/categories?post=3763"},{"taxonomy":"post_tag","embeddable":true,"href":"https:\/\/ramib.org\/oficial\/index.php\/wp-json\/wp\/v2\/tags?post=3763"}],"curies":[{"name":"wp","href":"https:\/\/api.w.org\/{rel}","templated":true}]}}