{"id":376,"date":"2019-01-25T13:30:26","date_gmt":"2019-01-25T13:30:26","guid":{"rendered":"https:\/\/ramib.org\/oficial\/index.php\/sessio-cientifica-05-02-2019-cirugia-robotica-evolucion-quirurgica-o-revolucion-tecnologica\/"},"modified":"2020-02-03T00:49:57","modified_gmt":"2020-02-03T00:49:57","slug":"sessio-cientifica-05-02-2019-cirugia-robotica-evolucion-quirurgica-o-revolucion-tecnologica","status":"publish","type":"post","link":"https:\/\/ramib.org\/oficial\/index.php\/2019\/01\/25\/sessio-cientifica-05-02-2019-cirugia-robotica-evolucion-quirurgica-o-revolucion-tecnologica\/","title":{"rendered":"Sessi\u00f3 cient\u00edfica 05\/02\/2019: \u201cCirug\u00eda rob\u00f3tica: \u00bfEvoluci\u00f3n quir\u00fargica o revoluci\u00f3n tecnol\u00f3gica?\u201d"},"content":{"rendered":"<p style=\"text-align: justify\"><span style=\"font-family: verdana, geneva;font-size: 10pt\">Sessi\u00f3 cient\u00edfica. &#8211; Dia 5 de febrer es va celebrar a la seu acad\u00e8mica de Can Campaner la sessi\u00f3 cient\u00edfica \u201cCirug\u00eda rob\u00f3tica: \u00bfEvoluci\u00f3n quir\u00fargica o revoluci\u00f3n tecnol\u00f3gica?\u201d.<\/span><!--more--><span style=\"font-family: verdana, geneva;font-size: 10pt\">Va presentar al conferenciant l&#8217;acad\u00e8mic numerari Dr. Javier Cort\u00e9s Bordoy i va moderar el col\u00b7loqui el Sr. president de la RAMIB.<\/span><\/p>\n\n\n<ul class=\"wp-block-gallery columns-2 is-cropped wp-block-gallery-1 is-layout-flex wp-block-gallery-is-layout-flex\"><li class=\"blocks-gallery-item\"><figure><img loading=\"lazy\" decoding=\"async\" width=\"500\" height=\"333\" src=\"https:\/\/ramib.org\/oficial\/wp-content\/uploads\/2019\/09\/Dr._Ponce_1.jpg\" alt=\"\" data-id=\"1351\" data-link=\"https:\/\/ramib.org\/oficial\/?attachment_id=1351\" class=\"wp-image-1351\" srcset=\"https:\/\/ramib.org\/oficial\/wp-content\/uploads\/2019\/09\/Dr._Ponce_1.jpg 500w, https:\/\/ramib.org\/oficial\/wp-content\/uploads\/2019\/09\/Dr._Ponce_1-300x200.jpg 300w\" sizes=\"(max-width: 500px) 100vw, 500px\" \/><\/figure><\/li><li class=\"blocks-gallery-item\"><figure><img loading=\"lazy\" decoding=\"async\" width=\"500\" height=\"333\" src=\"https:\/\/ramib.org\/oficial\/wp-content\/uploads\/2019\/09\/Dr._Ponce_2.jpg\" alt=\"\" data-id=\"1353\" data-link=\"https:\/\/ramib.org\/oficial\/?attachment_id=1353\" class=\"wp-image-1353\" srcset=\"https:\/\/ramib.org\/oficial\/wp-content\/uploads\/2019\/09\/Dr._Ponce_2.jpg 500w, https:\/\/ramib.org\/oficial\/wp-content\/uploads\/2019\/09\/Dr._Ponce_2-300x200.jpg 300w\" sizes=\"(max-width: 500px) 100vw, 500px\" \/><\/figure><\/li><\/ul>\n\n\n\n<p> La pon\u00e8ncia va ser portada a c\u00e0rrec del Dr. Jordi Ponce i Sebasti\u00e0, cap del servei de Ginecologia de l\u2019Hospital de Bellvitge.\u00a0<\/p>\n\n\n\n<ul class=\"wp-block-gallery columns-3 is-cropped wp-block-gallery-2 is-layout-flex wp-block-gallery-is-layout-flex\"><li class=\"blocks-gallery-item\"><figure><img loading=\"lazy\" decoding=\"async\" width=\"500\" height=\"333\" src=\"https:\/\/ramib.org\/oficial\/wp-content\/uploads\/2019\/09\/Dr._Ponce_3.jpg\" alt=\"\" data-id=\"1355\" data-link=\"https:\/\/ramib.org\/oficial\/?attachment_id=1355\" class=\"wp-image-1355\" srcset=\"https:\/\/ramib.org\/oficial\/wp-content\/uploads\/2019\/09\/Dr._Ponce_3.jpg 500w, https:\/\/ramib.org\/oficial\/wp-content\/uploads\/2019\/09\/Dr._Ponce_3-300x200.jpg 300w\" sizes=\"(max-width: 500px) 100vw, 500px\" \/><\/figure><\/li><li class=\"blocks-gallery-item\"><figure><img loading=\"lazy\" decoding=\"async\" width=\"500\" height=\"333\" src=\"https:\/\/ramib.org\/oficial\/wp-content\/uploads\/2019\/09\/Dr._Ponce_4.jpg\" alt=\"\" data-id=\"1357\" data-link=\"https:\/\/ramib.org\/oficial\/?attachment_id=1357\" class=\"wp-image-1357\" srcset=\"https:\/\/ramib.org\/oficial\/wp-content\/uploads\/2019\/09\/Dr._Ponce_4.jpg 500w, https:\/\/ramib.org\/oficial\/wp-content\/uploads\/2019\/09\/Dr._Ponce_4-300x200.jpg 300w\" sizes=\"(max-width: 500px) 100vw, 500px\" \/><\/figure><\/li><li class=\"blocks-gallery-item\"><figure><img loading=\"lazy\" decoding=\"async\" width=\"500\" height=\"333\" src=\"https:\/\/ramib.org\/oficial\/wp-content\/uploads\/2019\/09\/Dr._Ponce_6.jpg\" alt=\"\" data-id=\"1359\" data-link=\"https:\/\/ramib.org\/oficial\/?attachment_id=1359\" class=\"wp-image-1359\" srcset=\"https:\/\/ramib.org\/oficial\/wp-content\/uploads\/2019\/09\/Dr._Ponce_6.jpg 500w, https:\/\/ramib.org\/oficial\/wp-content\/uploads\/2019\/09\/Dr._Ponce_6-300x200.jpg 300w\" sizes=\"(max-width: 500px) 100vw, 500px\" \/><\/figure><\/li><\/ul>\n\n\n\n<p>  La pon\u00e8ncia va ser seguida amb gran inter\u00e8s pel p\u00fablic assistent finalitzant amb l&#8217;habitual debat posterior a les pon\u00e8ncies. <\/p>\n\n\n\n<div class=\"wp-block-image\"><figure class=\"aligncenter\"><img loading=\"lazy\" decoding=\"async\" width=\"500\" height=\"333\" src=\"https:\/\/ramib.org\/oficial\/wp-content\/uploads\/2019\/09\/Dr._Ponce_7.jpg\" alt=\"\" class=\"wp-image-1361\" srcset=\"https:\/\/ramib.org\/oficial\/wp-content\/uploads\/2019\/09\/Dr._Ponce_7.jpg 500w, https:\/\/ramib.org\/oficial\/wp-content\/uploads\/2019\/09\/Dr._Ponce_7-300x200.jpg 300w\" sizes=\"(max-width: 500px) 100vw, 500px\" \/><\/figure><\/div>\n","protected":false},"excerpt":{"rendered":"<p>Sessi\u00f3 cient\u00edfica. &#8211; Dia 5 de febrer es va celebrar a la seu acad\u00e8mica de Can Campaner la sessi\u00f3 cient\u00edfica \u201cCirug\u00eda rob\u00f3tica: \u00bfEvoluci\u00f3n quir\u00fargica o revoluci\u00f3n tecnol\u00f3gica?\u201d.<\/p>\n","protected":false},"author":3,"featured_media":1363,"comment_status":"closed","ping_status":"closed","sticky":false,"template":"","format":"standard","meta":{"_monsterinsights_skip_tracking":false,"_monsterinsights_sitenote_active":false,"_monsterinsights_sitenote_note":"","_monsterinsights_sitenote_category":0,"footnotes":""},"categories":[14,24,165,17],"tags":[],"_links":{"self":[{"href":"https:\/\/ramib.org\/oficial\/index.php\/wp-json\/wp\/v2\/posts\/376"}],"collection":[{"href":"https:\/\/ramib.org\/oficial\/index.php\/wp-json\/wp\/v2\/posts"}],"about":[{"href":"https:\/\/ramib.org\/oficial\/index.php\/wp-json\/wp\/v2\/types\/post"}],"author":[{"embeddable":true,"href":"https:\/\/ramib.org\/oficial\/index.php\/wp-json\/wp\/v2\/users\/3"}],"replies":[{"embeddable":true,"href":"https:\/\/ramib.org\/oficial\/index.php\/wp-json\/wp\/v2\/comments?post=376"}],"version-history":[{"count":4,"href":"https:\/\/ramib.org\/oficial\/index.php\/wp-json\/wp\/v2\/posts\/376\/revisions"}],"predecessor-version":[{"id":1983,"href":"https:\/\/ramib.org\/oficial\/index.php\/wp-json\/wp\/v2\/posts\/376\/revisions\/1983"}],"wp:featuredmedia":[{"embeddable":true,"href":"https:\/\/ramib.org\/oficial\/index.php\/wp-json\/wp\/v2\/media\/1363"}],"wp:attachment":[{"href":"https:\/\/ramib.org\/oficial\/index.php\/wp-json\/wp\/v2\/media?parent=376"}],"wp:term":[{"taxonomy":"category","embeddable":true,"href":"https:\/\/ramib.org\/oficial\/index.php\/wp-json\/wp\/v2\/categories?post=376"},{"taxonomy":"post_tag","embeddable":true,"href":"https:\/\/ramib.org\/oficial\/index.php\/wp-json\/wp\/v2\/tags?post=376"}],"curies":[{"name":"wp","href":"https:\/\/api.w.org\/{rel}","templated":true}]}}