{"id":362,"date":"2018-09-12T21:16:48","date_gmt":"2018-09-12T21:16:48","guid":{"rendered":"https:\/\/ramib.org\/oficial\/index.php\/conferencia-17-09-2018\/"},"modified":"2019-09-12T20:30:11","modified_gmt":"2019-09-12T20:30:11","slug":"conferencia-17-09-2018","status":"publish","type":"post","link":"https:\/\/ramib.org\/oficial\/index.php\/2018\/09\/12\/conferencia-17-09-2018\/?lang=es","title":{"rendered":"Conferencia 17\/09\/2018: \u201cNuevos retos en Evaluaci\u00f3n de Tecnolog\u00edas Sanitarias: datos de la pr\u00e1ctica real como fuente de informaci\u00f3n para la evaluaci\u00f3n\u201d"},"content":{"rendered":"<p style=\"text-align: justify;\"><span style=\"font-size: 10pt;\">Sesi\u00f3n cient\u00edfica. &#8211; D\u00eda 17 de septiembre se celebr\u00f3 en la sede acad\u00e9mica de Can Campaner la conferencia \u201cNuevos retos en Evaluaci\u00f3n de Tecnolog\u00edas Sanitarias: datos de la pr\u00e1ctica real como fuente de informaci\u00f3n para la evaluaci\u00f3n\u201d.<\/span><!--more--><span style=\"font-size: 10pt;\">Present\u00f3 al conferenciante el Prof. Guillem L\u00f3pez-Casasnovas, Director del CRES-UPF y moder\u00f3 el coloquio el Sr. presidente de la RAMIB.<\/span><\/p>\n\n\n<ul class=\"wp-block-gallery columns-2 is-cropped wp-block-gallery-1 is-layout-flex wp-block-gallery-is-layout-flex\"><li class=\"blocks-gallery-item\"><figure><img loading=\"lazy\" decoding=\"async\" width=\"500\" height=\"333\" src=\"https:\/\/ramib.org\/oficial\/wp-content\/uploads\/2019\/09\/bernaldelgado1.jpg\" alt=\"\" data-id=\"1487\" data-link=\"https:\/\/ramib.org\/oficial\/index.php\/2018\/09\/12\/conferencia-17-09-2018\/bernaldelgado1\/\" class=\"wp-image-1487\" srcset=\"https:\/\/ramib.org\/oficial\/wp-content\/uploads\/2019\/09\/bernaldelgado1.jpg 500w, https:\/\/ramib.org\/oficial\/wp-content\/uploads\/2019\/09\/bernaldelgado1-300x200.jpg 300w\" sizes=\"(max-width: 500px) 100vw, 500px\" \/><\/figure><\/li><li class=\"blocks-gallery-item\"><figure><img loading=\"lazy\" decoding=\"async\" width=\"500\" height=\"333\" src=\"https:\/\/ramib.org\/oficial\/wp-content\/uploads\/2019\/09\/bernaldelgado2.jpg\" alt=\"\" data-id=\"1489\" data-link=\"https:\/\/ramib.org\/oficial\/index.php\/2018\/09\/12\/conferencia-17-09-2018\/bernaldelgado2\/\" class=\"wp-image-1489\" srcset=\"https:\/\/ramib.org\/oficial\/wp-content\/uploads\/2019\/09\/bernaldelgado2.jpg 500w, https:\/\/ramib.org\/oficial\/wp-content\/uploads\/2019\/09\/bernaldelgado2-300x200.jpg 300w\" sizes=\"(max-width: 500px) 100vw, 500px\" \/><\/figure><\/li><\/ul>\n\n\n\n<p> La ponencia fue llevada a cargo del Dr. Enrique Bernal Delgado, Investigador del Instituto Aragon\u00e9s de Ciencias de la Salud. <\/p>\n\n\n\n<ul class=\"wp-block-gallery columns-2 is-cropped wp-block-gallery-2 is-layout-flex wp-block-gallery-is-layout-flex\"><li class=\"blocks-gallery-item\"><figure><img loading=\"lazy\" decoding=\"async\" width=\"500\" height=\"333\" src=\"https:\/\/ramib.org\/oficial\/wp-content\/uploads\/2019\/09\/bernaldelgado3.jpg\" alt=\"\" data-id=\"1494\" data-link=\"https:\/\/ramib.org\/oficial\/index.php\/2018\/09\/12\/conferencia-17-09-2018\/bernaldelgado3\/\" class=\"wp-image-1494\" srcset=\"https:\/\/ramib.org\/oficial\/wp-content\/uploads\/2019\/09\/bernaldelgado3.jpg 500w, https:\/\/ramib.org\/oficial\/wp-content\/uploads\/2019\/09\/bernaldelgado3-300x200.jpg 300w\" sizes=\"(max-width: 500px) 100vw, 500px\" \/><\/figure><\/li><li class=\"blocks-gallery-item\"><figure><img loading=\"lazy\" decoding=\"async\" width=\"500\" height=\"333\" src=\"https:\/\/ramib.org\/oficial\/wp-content\/uploads\/2019\/09\/bernaldelgado6.jpg\" alt=\"\" data-id=\"1496\" data-link=\"https:\/\/ramib.org\/oficial\/index.php\/2018\/09\/12\/conferencia-17-09-2018\/bernaldelgado6\/\" class=\"wp-image-1496\" srcset=\"https:\/\/ramib.org\/oficial\/wp-content\/uploads\/2019\/09\/bernaldelgado6.jpg 500w, https:\/\/ramib.org\/oficial\/wp-content\/uploads\/2019\/09\/bernaldelgado6-300x200.jpg 300w\" sizes=\"(max-width: 500px) 100vw, 500px\" \/><\/figure><\/li><\/ul>\n\n\n\n<p> La conferencia fue seguida con gran inter\u00e9s por el p\u00fablico asistente finalizando con el habitual debate posterior a las ponencias. <\/p>\n\n\n\n<div class=\"wp-block-image\"><figure class=\"aligncenter\"><img loading=\"lazy\" decoding=\"async\" width=\"500\" height=\"333\" src=\"https:\/\/ramib.org\/oficial\/wp-content\/uploads\/2019\/09\/bernaldelgado5.jpg\" alt=\"\" class=\"wp-image-1498\" srcset=\"https:\/\/ramib.org\/oficial\/wp-content\/uploads\/2019\/09\/bernaldelgado5.jpg 500w, https:\/\/ramib.org\/oficial\/wp-content\/uploads\/2019\/09\/bernaldelgado5-300x200.jpg 300w\" sizes=\"(max-width: 500px) 100vw, 500px\" \/><\/figure><\/div>\n","protected":false},"excerpt":{"rendered":"<p>Sesi\u00f3n cient\u00edfica. &#8211; D\u00eda 17 de septiembre se celebr\u00f3 en la sede acad\u00e9mica de Can Campaner la conferencia \u201cNuevos retos en Evaluaci\u00f3n de Tecnolog\u00edas Sanitarias: datos de la pr\u00e1ctica real [&hellip;]<\/p>\n","protected":false},"author":3,"featured_media":1487,"comment_status":"closed","ping_status":"closed","sticky":false,"template":"","format":"standard","meta":{"_monsterinsights_skip_tracking":false,"_monsterinsights_sitenote_active":false,"_monsterinsights_sitenote_note":"","_monsterinsights_sitenote_category":0,"footnotes":""},"categories":[14,24,173,17],"tags":[],"_links":{"self":[{"href":"https:\/\/ramib.org\/oficial\/index.php\/wp-json\/wp\/v2\/posts\/362"}],"collection":[{"href":"https:\/\/ramib.org\/oficial\/index.php\/wp-json\/wp\/v2\/posts"}],"about":[{"href":"https:\/\/ramib.org\/oficial\/index.php\/wp-json\/wp\/v2\/types\/post"}],"author":[{"embeddable":true,"href":"https:\/\/ramib.org\/oficial\/index.php\/wp-json\/wp\/v2\/users\/3"}],"replies":[{"embeddable":true,"href":"https:\/\/ramib.org\/oficial\/index.php\/wp-json\/wp\/v2\/comments?post=362"}],"version-history":[{"count":2,"href":"https:\/\/ramib.org\/oficial\/index.php\/wp-json\/wp\/v2\/posts\/362\/revisions"}],"predecessor-version":[{"id":1500,"href":"https:\/\/ramib.org\/oficial\/index.php\/wp-json\/wp\/v2\/posts\/362\/revisions\/1500"}],"wp:featuredmedia":[{"embeddable":true,"href":"https:\/\/ramib.org\/oficial\/index.php\/wp-json\/wp\/v2\/media\/1487"}],"wp:attachment":[{"href":"https:\/\/ramib.org\/oficial\/index.php\/wp-json\/wp\/v2\/media?parent=362"}],"wp:term":[{"taxonomy":"category","embeddable":true,"href":"https:\/\/ramib.org\/oficial\/index.php\/wp-json\/wp\/v2\/categories?post=362"},{"taxonomy":"post_tag","embeddable":true,"href":"https:\/\/ramib.org\/oficial\/index.php\/wp-json\/wp\/v2\/tags?post=362"}],"curies":[{"name":"wp","href":"https:\/\/api.w.org\/{rel}","templated":true}]}}