{"id":358,"date":"2018-06-25T11:46:49","date_gmt":"2018-06-25T11:46:49","guid":{"rendered":"https:\/\/ramib.org\/oficial\/index.php\/sessio-cientifica-27-06-2018-protesis-aortica-percutanea-experiencia-situacion-actual-y-perspectivas-de-futuro\/"},"modified":"2020-02-03T00:51:22","modified_gmt":"2020-02-03T00:51:22","slug":"sessio-cientifica-27-06-2018-protesis-aortica-percutanea-experiencia-situacion-actual-y-perspectivas-de-futuro","status":"publish","type":"post","link":"https:\/\/ramib.org\/oficial\/index.php\/2018\/06\/25\/sessio-cientifica-27-06-2018-protesis-aortica-percutanea-experiencia-situacion-actual-y-perspectivas-de-futuro\/","title":{"rendered":"Sessi\u00f3 cient\u00edfica 03\/07\/2018: \u201cPr\u00f3tesis a\u00f3rtica percut\u00e1nea: experiencia, situaci\u00f3n actual y perspectivas de futuro\u201d"},"content":{"rendered":"<p style=\"margin-bottom: 0.0001pt;text-align: justify;line-height: normal;background: white\"><span style=\"font-size: 10pt;font-family: Verdana, sans-serif;color: #222222\">Sessi\u00f3 cient\u00edfica. &#8211; Dia 3 de juliol es va celebrar a la seu acad\u00e8mica de Can Campaner la sessi\u00f3 cient\u00edfica &#8220;Pr\u00f2tesis a\u00f2rtica percut\u00e0nia: experi\u00e8ncia, situaci\u00f3 actual i perspectives de futur&#8221;.<\/span><\/p>\n<p style=\"margin-bottom: 0.0001pt;text-align: justify;line-height: normal;background: white\"><span style=\"font-size: 10pt;font-family: Verdana, sans-serif;color: #222222\">Va presentar al conferenciant l&#8217;acad\u00e8mic numerari Dr. Josep Francesc Forteza Albert\u00ed i va moderar el col\u00b7loqui el Sr. president de la RAMIB.<\/span><\/p>\n\n\n<div class=\"wp-block-image\"><figure class=\"aligncenter\"><img loading=\"lazy\" decoding=\"async\" width=\"500\" height=\"333\" src=\"https:\/\/ramib.org\/oficial\/wp-content\/uploads\/2019\/09\/gomezjaume1.jpg\" alt=\"\" class=\"wp-image-1504\" srcset=\"https:\/\/ramib.org\/oficial\/wp-content\/uploads\/2019\/09\/gomezjaume1.jpg 500w, https:\/\/ramib.org\/oficial\/wp-content\/uploads\/2019\/09\/gomezjaume1-300x200.jpg 300w\" sizes=\"(max-width: 500px) 100vw, 500px\" \/><\/figure><\/div>\n\n\n\n<p> La pon\u00e8ncia va ser portada a c\u00e0rrec pel Dr. Alfredo G\u00f3mez Jaume, cardi\u00f2leg hemodinamista del Servei de Cardiologia de l&#8217;Hospital Son Espases i Acad\u00e8mic corresponent de la Reial Acad\u00e8mia de Medicina de les Illes Balears. <\/p>\n\n\n\n<ul class=\"wp-block-gallery columns-3 is-cropped wp-block-gallery-1 is-layout-flex wp-block-gallery-is-layout-flex\"><li class=\"blocks-gallery-item\"><figure><img loading=\"lazy\" decoding=\"async\" width=\"500\" height=\"333\" src=\"https:\/\/ramib.org\/oficial\/wp-content\/uploads\/2019\/09\/gomezjaume4.jpg\" alt=\"\" data-id=\"1506\" data-link=\"https:\/\/ramib.org\/oficial\/?attachment_id=1506\" class=\"wp-image-1506\" srcset=\"https:\/\/ramib.org\/oficial\/wp-content\/uploads\/2019\/09\/gomezjaume4.jpg 500w, https:\/\/ramib.org\/oficial\/wp-content\/uploads\/2019\/09\/gomezjaume4-300x200.jpg 300w\" sizes=\"(max-width: 500px) 100vw, 500px\" \/><\/figure><\/li><li class=\"blocks-gallery-item\"><figure><img loading=\"lazy\" decoding=\"async\" width=\"500\" height=\"333\" src=\"https:\/\/ramib.org\/oficial\/wp-content\/uploads\/2019\/09\/gomezjaume3.jpg\" alt=\"\" data-id=\"1508\" data-link=\"https:\/\/ramib.org\/oficial\/?attachment_id=1508\" class=\"wp-image-1508\" srcset=\"https:\/\/ramib.org\/oficial\/wp-content\/uploads\/2019\/09\/gomezjaume3.jpg 500w, https:\/\/ramib.org\/oficial\/wp-content\/uploads\/2019\/09\/gomezjaume3-300x200.jpg 300w\" sizes=\"(max-width: 500px) 100vw, 500px\" \/><\/figure><\/li><li class=\"blocks-gallery-item\"><figure><img loading=\"lazy\" decoding=\"async\" width=\"500\" height=\"333\" src=\"https:\/\/ramib.org\/oficial\/wp-content\/uploads\/2019\/09\/gomezjaume2.jpg\" alt=\"\" data-id=\"1510\" data-link=\"https:\/\/ramib.org\/oficial\/?attachment_id=1510\" class=\"wp-image-1510\" srcset=\"https:\/\/ramib.org\/oficial\/wp-content\/uploads\/2019\/09\/gomezjaume2.jpg 500w, https:\/\/ramib.org\/oficial\/wp-content\/uploads\/2019\/09\/gomezjaume2-300x200.jpg 300w\" sizes=\"(max-width: 500px) 100vw, 500px\" \/><\/figure><\/li><\/ul>\n\n\n\n<p> La pon\u00e8ncia va ser seguida amb gran inter\u00e8s pel p\u00fablic assistent finalitzant amb l&#8217;habitual debat posterior a les pon\u00e8ncies. <\/p>\n\n\n\n<ul class=\"wp-block-gallery columns-2 is-cropped wp-block-gallery-2 is-layout-flex wp-block-gallery-is-layout-flex\"><li class=\"blocks-gallery-item\"><figure><img loading=\"lazy\" decoding=\"async\" width=\"500\" height=\"333\" src=\"https:\/\/ramib.org\/oficial\/wp-content\/uploads\/2019\/09\/gomezjaume5.jpg\" alt=\"\" data-id=\"1514\" data-link=\"https:\/\/ramib.org\/oficial\/?attachment_id=1514\" class=\"wp-image-1514\" srcset=\"https:\/\/ramib.org\/oficial\/wp-content\/uploads\/2019\/09\/gomezjaume5.jpg 500w, https:\/\/ramib.org\/oficial\/wp-content\/uploads\/2019\/09\/gomezjaume5-300x200.jpg 300w\" sizes=\"(max-width: 500px) 100vw, 500px\" \/><\/figure><\/li><li class=\"blocks-gallery-item\"><figure><img loading=\"lazy\" decoding=\"async\" width=\"500\" height=\"333\" src=\"https:\/\/ramib.org\/oficial\/wp-content\/uploads\/2019\/09\/gomezjaume6.jpg\" alt=\"\" data-id=\"1512\" data-link=\"https:\/\/ramib.org\/oficial\/?attachment_id=1512\" class=\"wp-image-1512\" srcset=\"https:\/\/ramib.org\/oficial\/wp-content\/uploads\/2019\/09\/gomezjaume6.jpg 500w, https:\/\/ramib.org\/oficial\/wp-content\/uploads\/2019\/09\/gomezjaume6-300x200.jpg 300w\" sizes=\"(max-width: 500px) 100vw, 500px\" \/><\/figure><\/li><\/ul>\n","protected":false},"excerpt":{"rendered":"<p>Sessi\u00f3 cient\u00edfica. &#8211; Dia 3 de juliol es va celebrar a la seu acad\u00e8mica de Can Campaner la sessi\u00f3 cient\u00edfica &#8220;Pr\u00f2tesis a\u00f2rtica percut\u00e0nia: experi\u00e8ncia, situaci\u00f3 actual i perspectives de futur&#8221;. [&hellip;]<\/p>\n","protected":false},"author":3,"featured_media":1506,"comment_status":"closed","ping_status":"closed","sticky":false,"template":"","format":"standard","meta":{"_monsterinsights_skip_tracking":false,"_monsterinsights_sitenote_active":false,"_monsterinsights_sitenote_note":"","_monsterinsights_sitenote_category":0,"footnotes":""},"categories":[14,24,171,17],"tags":[],"_links":{"self":[{"href":"https:\/\/ramib.org\/oficial\/index.php\/wp-json\/wp\/v2\/posts\/358"}],"collection":[{"href":"https:\/\/ramib.org\/oficial\/index.php\/wp-json\/wp\/v2\/posts"}],"about":[{"href":"https:\/\/ramib.org\/oficial\/index.php\/wp-json\/wp\/v2\/types\/post"}],"author":[{"embeddable":true,"href":"https:\/\/ramib.org\/oficial\/index.php\/wp-json\/wp\/v2\/users\/3"}],"replies":[{"embeddable":true,"href":"https:\/\/ramib.org\/oficial\/index.php\/wp-json\/wp\/v2\/comments?post=358"}],"version-history":[{"count":3,"href":"https:\/\/ramib.org\/oficial\/index.php\/wp-json\/wp\/v2\/posts\/358\/revisions"}],"predecessor-version":[{"id":1985,"href":"https:\/\/ramib.org\/oficial\/index.php\/wp-json\/wp\/v2\/posts\/358\/revisions\/1985"}],"wp:featuredmedia":[{"embeddable":true,"href":"https:\/\/ramib.org\/oficial\/index.php\/wp-json\/wp\/v2\/media\/1506"}],"wp:attachment":[{"href":"https:\/\/ramib.org\/oficial\/index.php\/wp-json\/wp\/v2\/media?parent=358"}],"wp:term":[{"taxonomy":"category","embeddable":true,"href":"https:\/\/ramib.org\/oficial\/index.php\/wp-json\/wp\/v2\/categories?post=358"},{"taxonomy":"post_tag","embeddable":true,"href":"https:\/\/ramib.org\/oficial\/index.php\/wp-json\/wp\/v2\/tags?post=358"}],"curies":[{"name":"wp","href":"https:\/\/api.w.org\/{rel}","templated":true}]}}