{"id":3500,"date":"2022-03-17T07:57:45","date_gmt":"2022-03-17T07:57:45","guid":{"rendered":"https:\/\/ramib.org\/oficial\/?p=3500"},"modified":"2022-03-29T09:34:24","modified_gmt":"2022-03-29T09:34:24","slug":"3500","status":"publish","type":"post","link":"https:\/\/ramib.org\/oficial\/index.php\/2022\/03\/17\/3500\/","title":{"rendered":"24\/03\/2022: El impacto de las nuevas tecnolog\u00edas en la reconstrucci\u00f3n facial tras las ex\u00e9resis oncol\u00f3gicas"},"content":{"rendered":"<p>Sessi\u00f3 cient\u00edfica. &#8211; Dia 24 de mar\u00e7 es va celebrar a la seu acad\u00e8mica de Can Campaner la sessi\u00f3 cient\u00edfica \u201cEl impacto de las nuevas tecnolog\u00edas en la reconstrucci\u00f3n facial tras las ex\u00e9resis oncol\u00f3gicas\u201d.<\/p>\n<p><img loading=\"lazy\" decoding=\"async\" class=\"aligncenter size-full wp-image-3507\" src=\"https:\/\/ramib.org\/oficial\/wp-content\/uploads\/2022\/03\/ACERO1.jpg\" alt=\"\" width=\"1024\" height=\"683\" srcset=\"https:\/\/ramib.org\/oficial\/wp-content\/uploads\/2022\/03\/ACERO1.jpg 1024w, https:\/\/ramib.org\/oficial\/wp-content\/uploads\/2022\/03\/ACERO1-300x200.jpg 300w, https:\/\/ramib.org\/oficial\/wp-content\/uploads\/2022\/03\/ACERO1-768x512.jpg 768w, https:\/\/ramib.org\/oficial\/wp-content\/uploads\/2022\/03\/ACERO1-696x464.jpg 696w, https:\/\/ramib.org\/oficial\/wp-content\/uploads\/2022\/03\/ACERO1-630x420.jpg 630w\" sizes=\"(max-width: 1024px) 100vw, 1024px\" \/><\/p>\n<p>Va presentar al conferenciant l\u2019acad\u00e8mic numerari Sr. Antoni Ca\u00f1ellas Trobat, i va moderar el col\u00b7loqui el Sr. president de la RAMIB.<\/p>\n<p><img loading=\"lazy\" decoding=\"async\" class=\"aligncenter size-full wp-image-3509\" src=\"https:\/\/ramib.org\/oficial\/wp-content\/uploads\/2022\/03\/ACERO2.jpg\" alt=\"\" width=\"1024\" height=\"683\" srcset=\"https:\/\/ramib.org\/oficial\/wp-content\/uploads\/2022\/03\/ACERO2.jpg 1024w, https:\/\/ramib.org\/oficial\/wp-content\/uploads\/2022\/03\/ACERO2-300x200.jpg 300w, https:\/\/ramib.org\/oficial\/wp-content\/uploads\/2022\/03\/ACERO2-768x512.jpg 768w, https:\/\/ramib.org\/oficial\/wp-content\/uploads\/2022\/03\/ACERO2-696x464.jpg 696w, https:\/\/ramib.org\/oficial\/wp-content\/uploads\/2022\/03\/ACERO2-630x420.jpg 630w\" sizes=\"(max-width: 1024px) 100vw, 1024px\" \/> <img loading=\"lazy\" decoding=\"async\" class=\"aligncenter size-full wp-image-3513\" src=\"https:\/\/ramib.org\/oficial\/wp-content\/uploads\/2022\/03\/ACERO4.jpg\" alt=\"\" width=\"1024\" height=\"683\" srcset=\"https:\/\/ramib.org\/oficial\/wp-content\/uploads\/2022\/03\/ACERO4.jpg 1024w, https:\/\/ramib.org\/oficial\/wp-content\/uploads\/2022\/03\/ACERO4-300x200.jpg 300w, https:\/\/ramib.org\/oficial\/wp-content\/uploads\/2022\/03\/ACERO4-768x512.jpg 768w, https:\/\/ramib.org\/oficial\/wp-content\/uploads\/2022\/03\/ACERO4-696x464.jpg 696w, https:\/\/ramib.org\/oficial\/wp-content\/uploads\/2022\/03\/ACERO4-630x420.jpg 630w\" sizes=\"(max-width: 1024px) 100vw, 1024px\" \/><\/p>\n<p>La pon\u00e8ncia va ser portada a c\u00e0rrec pel Prof. Dr DrHC Julio Acero, Jefe de Servicio de Cirug\u00eda Maxilofacial Hospitales Universitarios Ram\u00f3n y Cajal &amp; Puerta de Hierro. Profesor Titular de Cirug\u00eda, Universidad de Alcal\u00e1 Madrid.<\/p>\n<p>El Dr. Acero va tractar a la pon\u00e8ncia de t\u00e8cniques per extirpar tumors juntament amb les noves tecnologies, de tot el basat en 3D, en la cirurgia per ordinador. Tot aix\u00f2 porta uns deu anys desenvolupant-se per\u00f2 s&#8217;est\u00e0 instaurant ara.<\/p>\n<p><img loading=\"lazy\" decoding=\"async\" class=\"aligncenter size-full wp-image-3511\" src=\"https:\/\/ramib.org\/oficial\/wp-content\/uploads\/2022\/03\/ACERO3.jpg\" alt=\"\" width=\"1024\" height=\"683\" srcset=\"https:\/\/ramib.org\/oficial\/wp-content\/uploads\/2022\/03\/ACERO3.jpg 1024w, https:\/\/ramib.org\/oficial\/wp-content\/uploads\/2022\/03\/ACERO3-300x200.jpg 300w, https:\/\/ramib.org\/oficial\/wp-content\/uploads\/2022\/03\/ACERO3-768x512.jpg 768w, https:\/\/ramib.org\/oficial\/wp-content\/uploads\/2022\/03\/ACERO3-696x464.jpg 696w, https:\/\/ramib.org\/oficial\/wp-content\/uploads\/2022\/03\/ACERO3-630x420.jpg 630w\" sizes=\"(max-width: 1024px) 100vw, 1024px\" \/> <img loading=\"lazy\" decoding=\"async\" class=\"aligncenter size-full wp-image-3515\" src=\"https:\/\/ramib.org\/oficial\/wp-content\/uploads\/2022\/03\/ACERO5.jpg\" alt=\"\" width=\"1024\" height=\"683\" srcset=\"https:\/\/ramib.org\/oficial\/wp-content\/uploads\/2022\/03\/ACERO5.jpg 1024w, https:\/\/ramib.org\/oficial\/wp-content\/uploads\/2022\/03\/ACERO5-300x200.jpg 300w, https:\/\/ramib.org\/oficial\/wp-content\/uploads\/2022\/03\/ACERO5-768x512.jpg 768w, https:\/\/ramib.org\/oficial\/wp-content\/uploads\/2022\/03\/ACERO5-696x464.jpg 696w, https:\/\/ramib.org\/oficial\/wp-content\/uploads\/2022\/03\/ACERO5-630x420.jpg 630w\" sizes=\"(max-width: 1024px) 100vw, 1024px\" \/><\/p>\n<p>Va exposar com la pr\u00f2pia especialitat va ser un avan\u00e7 t\u00e8cnic, abans va venir el titani, despr\u00e9s la reconstrucci\u00f3 microvascular i ara la revoluci\u00f3 microdigital.<\/p>\n<p>En les t\u00e8cniques de reconstrucci\u00f3 es poden imprimir patrons en 3D. La preparaci\u00f3 \u00e9s m\u00e9s sofisticada, es tracta de tenir m\u00e9s exactitud.<\/p>\n<p><img loading=\"lazy\" decoding=\"async\" class=\"aligncenter size-full wp-image-3517\" src=\"https:\/\/ramib.org\/oficial\/wp-content\/uploads\/2022\/03\/ACERO6.jpg\" alt=\"\" width=\"1024\" height=\"683\" srcset=\"https:\/\/ramib.org\/oficial\/wp-content\/uploads\/2022\/03\/ACERO6.jpg 1024w, https:\/\/ramib.org\/oficial\/wp-content\/uploads\/2022\/03\/ACERO6-300x200.jpg 300w, https:\/\/ramib.org\/oficial\/wp-content\/uploads\/2022\/03\/ACERO6-768x512.jpg 768w, https:\/\/ramib.org\/oficial\/wp-content\/uploads\/2022\/03\/ACERO6-696x464.jpg 696w, https:\/\/ramib.org\/oficial\/wp-content\/uploads\/2022\/03\/ACERO6-630x420.jpg 630w\" sizes=\"(max-width: 1024px) 100vw, 1024px\" \/><\/p>\n<p>La pon\u00e8ncia va ser seguida amb gran inter\u00e8s pel p\u00fablic assistent finalitzant amb l&#8217;habitual debat posterior a les pon\u00e8ncies.<\/p>\n<p><img loading=\"lazy\" decoding=\"async\" class=\"aligncenter size-full wp-image-3519\" src=\"https:\/\/ramib.org\/oficial\/wp-content\/uploads\/2022\/03\/ACERO7.jpg\" alt=\"\" width=\"1024\" height=\"768\" srcset=\"https:\/\/ramib.org\/oficial\/wp-content\/uploads\/2022\/03\/ACERO7.jpg 1024w, https:\/\/ramib.org\/oficial\/wp-content\/uploads\/2022\/03\/ACERO7-300x225.jpg 300w, https:\/\/ramib.org\/oficial\/wp-content\/uploads\/2022\/03\/ACERO7-768x576.jpg 768w, https:\/\/ramib.org\/oficial\/wp-content\/uploads\/2022\/03\/ACERO7-80x60.jpg 80w, https:\/\/ramib.org\/oficial\/wp-content\/uploads\/2022\/03\/ACERO7-265x198.jpg 265w, https:\/\/ramib.org\/oficial\/wp-content\/uploads\/2022\/03\/ACERO7-696x522.jpg 696w, https:\/\/ramib.org\/oficial\/wp-content\/uploads\/2022\/03\/ACERO7-560x420.jpg 560w\" sizes=\"(max-width: 1024px) 100vw, 1024px\" \/><\/p>\n<p>Pot visualitzar la sessi\u00f3 cient\u00edfica en el canal de youtube de la corporaci\u00f3 seguint el seg\u00fcent enlla\u00e7:<\/p>\n<p><iframe loading=\"lazy\" title=\"El impacto de las nuevas tecnolog\u00edas en la reconstrucci\u00f3n facial tras las ex\u00e9resis oncol\u00f3gicas\" width=\"696\" height=\"392\" src=\"https:\/\/www.youtube.com\/embed\/agVJj1ABTSM?start=3189&#038;feature=oembed\" frameborder=\"0\" allow=\"accelerometer; autoplay; clipboard-write; encrypted-media; gyroscope; picture-in-picture\" allowfullscreen><\/iframe><\/p>\n","protected":false},"excerpt":{"rendered":"<p>Sessi\u00f3 cient\u00edfica. &#8211; Dia 24 de mar\u00e7 es va celebrar a la seu acad\u00e8mica de Can Campaner la sessi\u00f3 cient\u00edfica \u201cEl impacto de las nuevas tecnolog\u00edas en la reconstrucci\u00f3n facial [&hellip;]<\/p>\n","protected":false},"author":3,"featured_media":3521,"comment_status":"open","ping_status":"closed","sticky":false,"template":"","format":"standard","meta":{"_monsterinsights_skip_tracking":false,"_monsterinsights_sitenote_active":false,"_monsterinsights_sitenote_note":"","_monsterinsights_sitenote_category":0,"footnotes":""},"categories":[14,24,269,17],"tags":[],"_links":{"self":[{"href":"https:\/\/ramib.org\/oficial\/index.php\/wp-json\/wp\/v2\/posts\/3500"}],"collection":[{"href":"https:\/\/ramib.org\/oficial\/index.php\/wp-json\/wp\/v2\/posts"}],"about":[{"href":"https:\/\/ramib.org\/oficial\/index.php\/wp-json\/wp\/v2\/types\/post"}],"author":[{"embeddable":true,"href":"https:\/\/ramib.org\/oficial\/index.php\/wp-json\/wp\/v2\/users\/3"}],"replies":[{"embeddable":true,"href":"https:\/\/ramib.org\/oficial\/index.php\/wp-json\/wp\/v2\/comments?post=3500"}],"version-history":[{"count":2,"href":"https:\/\/ramib.org\/oficial\/index.php\/wp-json\/wp\/v2\/posts\/3500\/revisions"}],"predecessor-version":[{"id":3523,"href":"https:\/\/ramib.org\/oficial\/index.php\/wp-json\/wp\/v2\/posts\/3500\/revisions\/3523"}],"wp:featuredmedia":[{"embeddable":true,"href":"https:\/\/ramib.org\/oficial\/index.php\/wp-json\/wp\/v2\/media\/3521"}],"wp:attachment":[{"href":"https:\/\/ramib.org\/oficial\/index.php\/wp-json\/wp\/v2\/media?parent=3500"}],"wp:term":[{"taxonomy":"category","embeddable":true,"href":"https:\/\/ramib.org\/oficial\/index.php\/wp-json\/wp\/v2\/categories?post=3500"},{"taxonomy":"post_tag","embeddable":true,"href":"https:\/\/ramib.org\/oficial\/index.php\/wp-json\/wp\/v2\/tags?post=3500"}],"curies":[{"name":"wp","href":"https:\/\/api.w.org\/{rel}","templated":true}]}}