{"id":3342,"date":"2022-02-15T07:31:00","date_gmt":"2022-02-15T07:31:00","guid":{"rendered":"https:\/\/ramib.org\/oficial\/?p=3342"},"modified":"2022-02-23T08:06:18","modified_gmt":"2022-02-23T08:06:18","slug":"3342","status":"publish","type":"post","link":"https:\/\/ramib.org\/oficial\/index.php\/2022\/02\/15\/3342\/","title":{"rendered":"15\/02\/2022: S\u00edndrome de Lynch: el gran desconegut"},"content":{"rendered":"<p style=\"text-align: justify;\">\n<\/p><p style=\"text-align: justify;\">Dimarts passat 15 de febrer, el Dr. Francesc Balaguer, Cap de Servei de Gastroenterologia de l&#8217;Hospital Cl\u00ednic de Barcelona, va dissertar en la seu de la Reial Acad\u00e8mia de Medicina d&#8217;Illes Balears sobre la S\u00edndrome de Lynch (SdL) i la seva enorme import\u00e0ncia en l&#8217;acci\u00f3 preventiva, diagn\u00f2stica i terap\u00e8utica del c\u00e0ncer de c\u00f2lon, per\u00f2 tamb\u00e9 d&#8217;uns altres, especialment del d&#8217;endometri.<\/p>\n<p><img loading=\"lazy\" decoding=\"async\" class=\"aligncenter size-full wp-image-3375\" src=\"https:\/\/ramib.org\/oficial\/wp-content\/uploads\/2022\/02\/Balaguer1.jpg\" alt=\"\" width=\"1024\" height=\"683\" srcset=\"https:\/\/ramib.org\/oficial\/wp-content\/uploads\/2022\/02\/Balaguer1.jpg 1024w, https:\/\/ramib.org\/oficial\/wp-content\/uploads\/2022\/02\/Balaguer1-300x200.jpg 300w, https:\/\/ramib.org\/oficial\/wp-content\/uploads\/2022\/02\/Balaguer1-768x512.jpg 768w, https:\/\/ramib.org\/oficial\/wp-content\/uploads\/2022\/02\/Balaguer1-696x464.jpg 696w, https:\/\/ramib.org\/oficial\/wp-content\/uploads\/2022\/02\/Balaguer1-630x420.jpg 630w\" sizes=\"(max-width: 1024px) 100vw, 1024px\" \/><\/p>\n<p><img loading=\"lazy\" decoding=\"async\" class=\"aligncenter size-full wp-image-3377\" src=\"https:\/\/ramib.org\/oficial\/wp-content\/uploads\/2022\/02\/Balaguer2.jpg\" alt=\"\" width=\"1024\" height=\"683\" srcset=\"https:\/\/ramib.org\/oficial\/wp-content\/uploads\/2022\/02\/Balaguer2.jpg 1024w, https:\/\/ramib.org\/oficial\/wp-content\/uploads\/2022\/02\/Balaguer2-300x200.jpg 300w, https:\/\/ramib.org\/oficial\/wp-content\/uploads\/2022\/02\/Balaguer2-768x512.jpg 768w, https:\/\/ramib.org\/oficial\/wp-content\/uploads\/2022\/02\/Balaguer2-696x464.jpg 696w, https:\/\/ramib.org\/oficial\/wp-content\/uploads\/2022\/02\/Balaguer2-630x420.jpg 630w\" sizes=\"(max-width: 1024px) 100vw, 1024px\" \/><\/p>\n<p>Va presidir la sessi\u00f3 el President electe de la RAMIB, Dr. Besalduch, i va presentar al ponent i va moderar el di\u00e0leg de tancament el President de la Junta de Balears de l&#8217;Associaci\u00f3 Espanyola contra el C\u00e0ncer, Dr. Reyes.<\/p>\n<p><img loading=\"lazy\" decoding=\"async\" class=\"aligncenter size-full wp-image-3379\" src=\"https:\/\/ramib.org\/oficial\/wp-content\/uploads\/2022\/02\/Balaguer3.jpg\" alt=\"\" width=\"2074\" height=\"1382\" srcset=\"https:\/\/ramib.org\/oficial\/wp-content\/uploads\/2022\/02\/Balaguer3.jpg 2074w, https:\/\/ramib.org\/oficial\/wp-content\/uploads\/2022\/02\/Balaguer3-300x200.jpg 300w, https:\/\/ramib.org\/oficial\/wp-content\/uploads\/2022\/02\/Balaguer3-1024x682.jpg 1024w, https:\/\/ramib.org\/oficial\/wp-content\/uploads\/2022\/02\/Balaguer3-768x512.jpg 768w, https:\/\/ramib.org\/oficial\/wp-content\/uploads\/2022\/02\/Balaguer3-1536x1024.jpg 1536w, https:\/\/ramib.org\/oficial\/wp-content\/uploads\/2022\/02\/Balaguer3-2048x1365.jpg 2048w, https:\/\/ramib.org\/oficial\/wp-content\/uploads\/2022\/02\/Balaguer3-696x464.jpg 696w, https:\/\/ramib.org\/oficial\/wp-content\/uploads\/2022\/02\/Balaguer3-1068x712.jpg 1068w, https:\/\/ramib.org\/oficial\/wp-content\/uploads\/2022\/02\/Balaguer3-630x420.jpg 630w, https:\/\/ramib.org\/oficial\/wp-content\/uploads\/2022\/02\/Balaguer3-1920x1279.jpg 1920w\" sizes=\"(max-width: 2074px) 100vw, 2074px\" \/><\/p>\n<p style=\"text-align: justify;\">El Dr. Balaguer va exposar la situaci\u00f3 actual d&#8217;aquesta \u00e0rea oncol\u00f2gica de component hereditari i va tra\u00e7ar les l\u00ednies de millora de l&#8217;acci\u00f3 m\u00e8dica en el seu maneig, posant l&#8217;accent en la necessitat d&#8217;identificaci\u00f3 dels portadors de la modificaci\u00f3 gen\u00e8tica que els caracteritza com a individus a risc de presentar el SdL.<\/p>\n<p><img loading=\"lazy\" decoding=\"async\" class=\"aligncenter size-full wp-image-3381\" src=\"https:\/\/ramib.org\/oficial\/wp-content\/uploads\/2022\/02\/Balaguer4.jpg\" alt=\"\" width=\"2074\" height=\"1382\" srcset=\"https:\/\/ramib.org\/oficial\/wp-content\/uploads\/2022\/02\/Balaguer4.jpg 2074w, https:\/\/ramib.org\/oficial\/wp-content\/uploads\/2022\/02\/Balaguer4-300x200.jpg 300w, https:\/\/ramib.org\/oficial\/wp-content\/uploads\/2022\/02\/Balaguer4-1024x682.jpg 1024w, https:\/\/ramib.org\/oficial\/wp-content\/uploads\/2022\/02\/Balaguer4-768x512.jpg 768w, https:\/\/ramib.org\/oficial\/wp-content\/uploads\/2022\/02\/Balaguer4-1536x1024.jpg 1536w, https:\/\/ramib.org\/oficial\/wp-content\/uploads\/2022\/02\/Balaguer4-2048x1365.jpg 2048w, https:\/\/ramib.org\/oficial\/wp-content\/uploads\/2022\/02\/Balaguer4-696x464.jpg 696w, https:\/\/ramib.org\/oficial\/wp-content\/uploads\/2022\/02\/Balaguer4-1068x712.jpg 1068w, https:\/\/ramib.org\/oficial\/wp-content\/uploads\/2022\/02\/Balaguer4-630x420.jpg 630w, https:\/\/ramib.org\/oficial\/wp-content\/uploads\/2022\/02\/Balaguer4-1920x1279.jpg 1920w\" sizes=\"(max-width: 2074px) 100vw, 2074px\" \/><\/p>\n<p style=\"text-align: justify;\">Nombr\u00f3s p\u00fablic \u2013 entre el qual estaven representants de AFALynch, associaci\u00f3 de fam\u00edlies amb SdL \u2013 va atendre en la seu acad\u00e8mica de Ca\u2019n Campaner la confer\u00e8ncia i va participar en el debat posterior. <\/p>\n<p><img loading=\"lazy\" decoding=\"async\" class=\"aligncenter size-full wp-image-3383\" src=\"https:\/\/ramib.org\/oficial\/wp-content\/uploads\/2022\/02\/Balaguer5.jpg\" alt=\"\" width=\"1024\" height=\"683\" srcset=\"https:\/\/ramib.org\/oficial\/wp-content\/uploads\/2022\/02\/Balaguer5.jpg 1024w, https:\/\/ramib.org\/oficial\/wp-content\/uploads\/2022\/02\/Balaguer5-300x200.jpg 300w, https:\/\/ramib.org\/oficial\/wp-content\/uploads\/2022\/02\/Balaguer5-768x512.jpg 768w, https:\/\/ramib.org\/oficial\/wp-content\/uploads\/2022\/02\/Balaguer5-696x464.jpg 696w, https:\/\/ramib.org\/oficial\/wp-content\/uploads\/2022\/02\/Balaguer5-630x420.jpg 630w\" sizes=\"(max-width: 1024px) 100vw, 1024px\" \/><\/p>\n<p><img loading=\"lazy\" decoding=\"async\" class=\"aligncenter size-full wp-image-3385\" src=\"https:\/\/ramib.org\/oficial\/wp-content\/uploads\/2022\/02\/Balaguer6.jpg\" alt=\"\" width=\"1024\" height=\"683\" srcset=\"https:\/\/ramib.org\/oficial\/wp-content\/uploads\/2022\/02\/Balaguer6.jpg 1024w, https:\/\/ramib.org\/oficial\/wp-content\/uploads\/2022\/02\/Balaguer6-300x200.jpg 300w, https:\/\/ramib.org\/oficial\/wp-content\/uploads\/2022\/02\/Balaguer6-768x512.jpg 768w, https:\/\/ramib.org\/oficial\/wp-content\/uploads\/2022\/02\/Balaguer6-696x464.jpg 696w, https:\/\/ramib.org\/oficial\/wp-content\/uploads\/2022\/02\/Balaguer6-630x420.jpg 630w\" sizes=\"(max-width: 1024px) 100vw, 1024px\" \/><\/p>\n\n\n<p>Es pot visualitzar sessi\u00f3 cient\u00edfica que es va emetre en directe en el canal de youtube de la corporaci\u00f3: <\/p>\n\n\n\n<figure class=\"wp-block-embed is-type-video is-provider-youtube wp-block-embed-youtube wp-embed-aspect-16-9 wp-has-aspect-ratio\"><div class=\"wp-block-embed__wrapper\">\n<iframe loading=\"lazy\" title=\"El s\u00edndrome de Lynch: el gran desconegut\" width=\"696\" height=\"392\" src=\"https:\/\/www.youtube.com\/embed\/Z6RCX8qqo68?feature=oembed\" frameborder=\"0\" allow=\"accelerometer; autoplay; clipboard-write; encrypted-media; gyroscope; picture-in-picture\" allowfullscreen><\/iframe>\n<\/div><\/figure>\n","protected":false},"excerpt":{"rendered":"<p>Dimarts passat 15 de febrer, el Dr. Francesc Balaguer, Cap de Servei de Gastroenterologia de l&#8217;Hospital Cl\u00ednic de Barcelona, va dissertar en la seu de la Reial Acad\u00e8mia de Medicina [&hellip;]<\/p>\n","protected":false},"author":3,"featured_media":3387,"comment_status":"open","ping_status":"closed","sticky":false,"template":"","format":"standard","meta":{"_monsterinsights_skip_tracking":false,"_monsterinsights_sitenote_active":false,"_monsterinsights_sitenote_note":"","_monsterinsights_sitenote_category":0,"footnotes":""},"categories":[14,17],"tags":[266,270,271],"_links":{"self":[{"href":"https:\/\/ramib.org\/oficial\/index.php\/wp-json\/wp\/v2\/posts\/3342"}],"collection":[{"href":"https:\/\/ramib.org\/oficial\/index.php\/wp-json\/wp\/v2\/posts"}],"about":[{"href":"https:\/\/ramib.org\/oficial\/index.php\/wp-json\/wp\/v2\/types\/post"}],"author":[{"embeddable":true,"href":"https:\/\/ramib.org\/oficial\/index.php\/wp-json\/wp\/v2\/users\/3"}],"replies":[{"embeddable":true,"href":"https:\/\/ramib.org\/oficial\/index.php\/wp-json\/wp\/v2\/comments?post=3342"}],"version-history":[{"count":5,"href":"https:\/\/ramib.org\/oficial\/index.php\/wp-json\/wp\/v2\/posts\/3342\/revisions"}],"predecessor-version":[{"id":3393,"href":"https:\/\/ramib.org\/oficial\/index.php\/wp-json\/wp\/v2\/posts\/3342\/revisions\/3393"}],"wp:featuredmedia":[{"embeddable":true,"href":"https:\/\/ramib.org\/oficial\/index.php\/wp-json\/wp\/v2\/media\/3387"}],"wp:attachment":[{"href":"https:\/\/ramib.org\/oficial\/index.php\/wp-json\/wp\/v2\/media?parent=3342"}],"wp:term":[{"taxonomy":"category","embeddable":true,"href":"https:\/\/ramib.org\/oficial\/index.php\/wp-json\/wp\/v2\/categories?post=3342"},{"taxonomy":"post_tag","embeddable":true,"href":"https:\/\/ramib.org\/oficial\/index.php\/wp-json\/wp\/v2\/tags?post=3342"}],"curies":[{"name":"wp","href":"https:\/\/api.w.org\/{rel}","templated":true}]}}