{"id":331,"date":"2017-11-30T13:35:38","date_gmt":"2017-11-30T13:35:38","guid":{"rendered":"https:\/\/ramib.org\/oficial\/index.php\/sesion-cientifica-05-12-2017-nuevas-propiedades-biologicas-de-un-farmaco-antineoplasico-del-laboratorio-a-la-clinica\/"},"modified":"2019-10-11T06:53:52","modified_gmt":"2019-10-11T06:53:52","slug":"sesion-cientifica-05-12-2017-nuevas-propiedades-biologicas-de-un-farmaco-antineoplasico-del-laboratorio-a-la-clinica","status":"publish","type":"post","link":"https:\/\/ramib.org\/oficial\/index.php\/2017\/11\/30\/sesion-cientifica-05-12-2017-nuevas-propiedades-biologicas-de-un-farmaco-antineoplasico-del-laboratorio-a-la-clinica\/","title":{"rendered":"Sesi\u00f3n cient\u00edfica 05\/12\/2017: &#8220;Nuevas propiedades biol\u00f3gicas de un f\u00e1rmaco antineopl\u00e1sico: del laboratorio a la cl\u00ednica&#8221;"},"content":{"rendered":"<p>&nbsp;<\/p>\n<p style=\"margin-bottom: 0.0001pt; text-align: justify; line-height: normal; background-image: initial; background-position: initial; background-repeat: initial; background-attachment: initial;\"><span style=\"font-size: 10pt; font-family: Verdana, sans-serif;\">Sesi\u00f3n cient\u00edfica. &#8211; D\u00eda 5 de diciembre se celebr\u00f3 en la sede acad\u00e9mica de Can Campaner la sesi\u00f3n cient\u00edfica <\/span><span style=\"font-size: 10pt; font-family: Verdana, sans-serif; background-image: initial; background-position: initial; background-repeat: initial; background-attachment: initial;\">\u201cNuevas propiedades biol\u00f3gicas de un f\u00e1rmaco antineopl\u00e1sico: del laboratorio a la cl\u00ednica\u201d<\/span>.<\/p>\n<p>&nbsp;<\/p>\n<p>  <!--more-->  <\/p>\n<p style=\"margin-bottom: 0.0001pt; text-align: justify; line-height: normal; background-image: initial; background-position: initial; background-repeat: initial; background-attachment: initial;\"><span style=\"font-size: 10pt; font-family: Verdana, sans-serif;\">Present\u00f3 al conferenciante el acad\u00e9mico numerario Dr. Joan Besalduch Vidal y moder\u00f3 el coloquio el Sr. presidente de la RAMIB.<\/span><\/p>\n<p><img decoding=\"async\" src=\"images\/DRMartinez6.jpg\" alt=\"DRMartinez6\" style=\"display: block; margin: 3px auto;\" \/><\/p>\n<p><img decoding=\"async\" src=\"images\/DRMartinez2.JPG\" alt=\"DRMartinez2\" style=\"display: block; margin-left: auto; margin-right: auto;\" \/><\/p>\n<p style=\"margin-bottom: 0.0001pt; text-align: justify; line-height: normal; background-image: initial; background-position: initial; background-repeat: initial; background-attachment: initial;\"><span style=\"font-size: 10pt; font-family: Verdana, sans-serif;\">La ponencia fue llevada a cargo del Dr. <\/span><span style=\"font-size: 10pt; font-family: Verdana, sans-serif; background-image: initial; background-position: initial; background-repeat: initial; background-attachment: initial;\">Dr. Jordi Mart\u00ednez Serra, responsable del Laboratorio de Biolog\u00eda Molecular. Servicio de Hematolog\u00eda del Hospital Son Espases de Palma. Acad\u00e9mico correspondiente de la Reial Acad\u00e8mia de Medicina de les Illes Balears<\/span>.<\/p>\n<p>&nbsp;<\/p>\n<p><img decoding=\"async\" src=\"images\/DRMartinez3.jpg\" alt=\"DRMartinez3\" style=\"display: block; margin-left: auto; margin-right: auto; margin-bottom: 3px;\" \/><\/p>\n<p><img decoding=\"async\" src=\"images\/DRMartinez4.jpg\" alt=\"DRMartinez4\" style=\"display: block; margin-left: auto; margin-right: auto;\" \/><\/p>\n<p style=\"margin-bottom: 0.0001pt; text-align: justify; line-height: normal; background-image: initial; background-position: initial; background-repeat: initial; background-attachment: initial;\"><span style=\"font-size: 10pt; font-family: Verdana, sans-serif; color: #222222;\">La ponencia fue seguida con gran inter\u00e9s por el p\u00fablico asistente finalizando con el habitual debate posterior a las ponencias.<\/span><\/p>\n<p>&nbsp;<\/p>\n<p><img decoding=\"async\" src=\"images\/DRMartinez5.jpg\" alt=\"DRMartinez5\" style=\"display: block; margin-left: auto; margin-right: auto; margin-bottom: 3px;\" \/><\/p>\n","protected":false},"excerpt":{"rendered":"<p>&nbsp; Sesi\u00f3n cient\u00edfica. &#8211; D\u00eda 5 de diciembre se celebr\u00f3 en la sede acad\u00e9mica de Can Campaner la sesi\u00f3n cient\u00edfica \u201cNuevas propiedades biol\u00f3gicas de un f\u00e1rmaco antineopl\u00e1sico: del laboratorio a [&hellip;]<\/p>\n","protected":false},"author":3,"featured_media":0,"comment_status":"closed","ping_status":"closed","sticky":false,"template":"","format":"standard","meta":{"_monsterinsights_skip_tracking":false,"_monsterinsights_sitenote_active":false,"_monsterinsights_sitenote_note":"","_monsterinsights_sitenote_category":0,"footnotes":""},"categories":[17],"tags":[],"_links":{"self":[{"href":"https:\/\/ramib.org\/oficial\/index.php\/wp-json\/wp\/v2\/posts\/331"}],"collection":[{"href":"https:\/\/ramib.org\/oficial\/index.php\/wp-json\/wp\/v2\/posts"}],"about":[{"href":"https:\/\/ramib.org\/oficial\/index.php\/wp-json\/wp\/v2\/types\/post"}],"author":[{"embeddable":true,"href":"https:\/\/ramib.org\/oficial\/index.php\/wp-json\/wp\/v2\/users\/3"}],"replies":[{"embeddable":true,"href":"https:\/\/ramib.org\/oficial\/index.php\/wp-json\/wp\/v2\/comments?post=331"}],"version-history":[{"count":1,"href":"https:\/\/ramib.org\/oficial\/index.php\/wp-json\/wp\/v2\/posts\/331\/revisions"}],"predecessor-version":[{"id":870,"href":"https:\/\/ramib.org\/oficial\/index.php\/wp-json\/wp\/v2\/posts\/331\/revisions\/870"}],"wp:attachment":[{"href":"https:\/\/ramib.org\/oficial\/index.php\/wp-json\/wp\/v2\/media?parent=331"}],"wp:term":[{"taxonomy":"category","embeddable":true,"href":"https:\/\/ramib.org\/oficial\/index.php\/wp-json\/wp\/v2\/categories?post=331"},{"taxonomy":"post_tag","embeddable":true,"href":"https:\/\/ramib.org\/oficial\/index.php\/wp-json\/wp\/v2\/tags?post=331"}],"curies":[{"name":"wp","href":"https:\/\/api.w.org\/{rel}","templated":true}]}}