{"id":330,"date":"2017-11-30T13:32:58","date_gmt":"2017-11-30T13:32:58","guid":{"rendered":"https:\/\/ramib.org\/oficial\/index.php\/sessio-cientifica-05-12-2017-noves-propietats-biologiques-d-un-farmac-antineoplasic-del-laboratori-a-la-clinica\/"},"modified":"2019-10-11T06:53:58","modified_gmt":"2019-10-11T06:53:58","slug":"sessio-cientifica-05-12-2017-noves-propietats-biologiques-d-un-farmac-antineoplasic-del-laboratori-a-la-clinica","status":"publish","type":"post","link":"https:\/\/ramib.org\/oficial\/index.php\/2017\/11\/30\/sessio-cientifica-05-12-2017-noves-propietats-biologiques-d-un-farmac-antineoplasic-del-laboratori-a-la-clinica\/","title":{"rendered":"Sessi\u00f3 cient\u00edfica 05\/12\/2017: &#8220;Noves propietats biol\u00f2giques d&#8217;un f\u00e0rmac antineopl\u00e0sic: del laboratori a la cl\u00ednica&#8221;."},"content":{"rendered":"<p>&nbsp;<\/p>\n<p style=\"margin-bottom: 0.0001pt; text-align: justify; line-height: normal; background-image: initial; background-position: initial; background-repeat: initial; background-attachment: initial;\"><span style=\"font-size: 10pt; font-family: Verdana, sans-serif; color: #222222;\">Sessi\u00f3 cient\u00edfica. &#8211; Dia 5 de desembre se celebra a la seu acad\u00e8mica de Can Campaner la sessi\u00f3 cient\u00edfica &#8220;Noves propietats Biol\u00f2giques d&#8217;un f\u00e0rmac antineopl\u00e0sic: del laboratori a la cl\u00ednica&#8221;.<\/span>&nbsp;<\/p>\n<p>  <!--more-->  <\/p>\n<p style=\"margin-bottom: 0.0001pt; text-align: justify; line-height: normal; background-image: initial; background-position: initial; background-repeat: initial; background-attachment: initial;\"><span style=\"font-size: 10pt; font-family: Verdana, sans-serif; color: #222222;\"><\/span><span style=\"font-size: 10pt; font-family: Verdana, sans-serif; color: #222222;\">Presentar al conferenciant el Acad\u00e8mic Numerari Dr. Joan Besalduch Vidal i va moderar el col\u00b7loqui el Sr. president de la RAMIB.<\/span><\/p>\n<p>&nbsp;<\/p>\n<p><img decoding=\"async\" src=\"images\/DRMartinez6.jpg\" alt=\"DRMartinez6\" style=\"display: block; margin-left: auto; margin-right: auto;\" \/><\/p>\n<p><img decoding=\"async\" src=\"images\/DRMartinez2.JPG\" alt=\"DRMartinez2\" style=\"display: block; margin-left: auto; margin-right: auto;\" \/><\/p>\n<p style=\"margin-bottom: 0.0001pt; text-align: justify; line-height: normal; background-image: initial; background-position: initial; background-repeat: initial; background-attachment: initial;\"><span style=\"font-size: 10pt; font-family: Verdana, sans-serif; color: #222222;\">La pon\u00e8ncia SER aixecada a c\u00e0rrec del Dr. Dr. Jordi Mart\u00ednez Serra, responsable del Laboratori de Biologia Molecular. Servei d&#8217;Hematologia de l&#8217;Hospital Son Espases de Palma. Acad\u00e8mic correspondiente de la Reial Acad\u00e8mia de Medicina de les Illes Balears.<\/span><\/p>\n<p>&nbsp;<\/p>\n<p><img decoding=\"async\" src=\"images\/DRMartinez3.jpg\" alt=\"DRMartinez3\" style=\"display: block; margin-left: auto; margin-right: auto;\" \/><\/p>\n<p><img decoding=\"async\" src=\"images\/DRMartinez4.jpg\" alt=\"DRMartinez4\" style=\"display: block; margin-left: auto; margin-right: auto;\" \/><\/p>\n<p style=\"margin-bottom: 0.0001pt; text-align: justify; line-height: normal; background-image: initial; background-position: initial; background-repeat: initial; background-attachment: initial;\"><span style=\"font-size: 10pt; font-family: Verdana, sans-serif; color: #222222;\">La pon\u00e8ncia va ser seguida amb gran inter\u00e8s pel p\u00fablic assistent finalitzant amb l&#8217;habitual debat posterior a les pon\u00e8ncies.<\/span><\/p>\n<p>&nbsp;<\/p>\n<p><img decoding=\"async\" src=\"images\/DRMartinez5.jpg\" alt=\"DRMartinez5\" style=\"display: block; margin-left: auto; margin-right: auto;\" \/><\/p>\n","protected":false},"excerpt":{"rendered":"<p>&nbsp; Sessi\u00f3 cient\u00edfica. &#8211; Dia 5 de desembre se celebra a la seu acad\u00e8mica de Can Campaner la sessi\u00f3 cient\u00edfica &#8220;Noves propietats Biol\u00f2giques d&#8217;un f\u00e0rmac antineopl\u00e0sic: del laboratori a la [&hellip;]<\/p>\n","protected":false},"author":3,"featured_media":0,"comment_status":"closed","ping_status":"closed","sticky":false,"template":"","format":"standard","meta":{"_monsterinsights_skip_tracking":false,"_monsterinsights_sitenote_active":false,"_monsterinsights_sitenote_note":"","_monsterinsights_sitenote_category":0,"footnotes":""},"categories":[17],"tags":[],"_links":{"self":[{"href":"https:\/\/ramib.org\/oficial\/index.php\/wp-json\/wp\/v2\/posts\/330"}],"collection":[{"href":"https:\/\/ramib.org\/oficial\/index.php\/wp-json\/wp\/v2\/posts"}],"about":[{"href":"https:\/\/ramib.org\/oficial\/index.php\/wp-json\/wp\/v2\/types\/post"}],"author":[{"embeddable":true,"href":"https:\/\/ramib.org\/oficial\/index.php\/wp-json\/wp\/v2\/users\/3"}],"replies":[{"embeddable":true,"href":"https:\/\/ramib.org\/oficial\/index.php\/wp-json\/wp\/v2\/comments?post=330"}],"version-history":[{"count":1,"href":"https:\/\/ramib.org\/oficial\/index.php\/wp-json\/wp\/v2\/posts\/330\/revisions"}],"predecessor-version":[{"id":871,"href":"https:\/\/ramib.org\/oficial\/index.php\/wp-json\/wp\/v2\/posts\/330\/revisions\/871"}],"wp:attachment":[{"href":"https:\/\/ramib.org\/oficial\/index.php\/wp-json\/wp\/v2\/media?parent=330"}],"wp:term":[{"taxonomy":"category","embeddable":true,"href":"https:\/\/ramib.org\/oficial\/index.php\/wp-json\/wp\/v2\/categories?post=330"},{"taxonomy":"post_tag","embeddable":true,"href":"https:\/\/ramib.org\/oficial\/index.php\/wp-json\/wp\/v2\/tags?post=330"}],"curies":[{"name":"wp","href":"https:\/\/api.w.org\/{rel}","templated":true}]}}