{"id":329,"date":"2017-11-22T13:01:43","date_gmt":"2017-11-22T13:01:43","guid":{"rendered":"https:\/\/ramib.org\/oficial\/index.php\/07-11-2017-josep-oriol-bonnin-nuevo-academico-de-honor-de-la-reial-academia-de-medicina-de-les-illes-balears\/"},"modified":"2020-01-21T19:22:45","modified_gmt":"2020-01-21T19:22:45","slug":"07-11-2017-josep-oriol-bonnin-nuevo-academico-de-honor-de-la-reial-academia-de-medicina-de-les-illes-balears","status":"publish","type":"post","link":"https:\/\/ramib.org\/oficial\/index.php\/2017\/11\/22\/07-11-2017-josep-oriol-bonnin-nuevo-academico-de-honor-de-la-reial-academia-de-medicina-de-les-illes-balears\/?lang=es","title":{"rendered":"07\/11\/2017: Josep Oriol Bonn\u00edn, nuevo acad\u00e9mico de honor de la Reial Acad\u00e8mia de Medicina de les Illes Balears"},"content":{"rendered":"<p>\u00a0<\/p>\n<p style=\"line-height: normal; text-align: justify;\"><span style=\"font-size: 10pt; font-family: Verdana, sans-serif;\">La Real Academia de Medicina de las Islas Baleares eligi\u00f3 este martes por unanimidad el Doctor Josep Oriol Bonn\u00edn Gubianas como nuevo acad\u00e9mico de honor.<\/span><!--more--><\/p>\n<p style=\"line-height: normal; text-align: justify;\"><span style=\"font-size: 10pt; font-family: Verdana, sans-serif;\">En cumplimiento de los estatutos corporativos, el candidato hab\u00eda sido propuesto al pleno por el actual presidente, Dr. Maci\u00e0 Tom\u00e1s, a petici\u00f3n de cinco acad\u00e9micos, en este caso los antiguos presidentes Dres. Jos\u00e9 Tom\u00e1s, Alfonso Ballesteros y Bartomeu Anguera y los dos acad\u00e9micos m\u00e1s antiguos, los Dres. Miquel Munar y Juana M\u00aa Rom\u00e1n. La petici\u00f3n ven\u00eda justificada por razones de los m\u00e9ritos extraordinarios del candidato, alcanzados en el desarrollo de la cirug\u00eda card\u00edaca en Espa\u00f1a.<\/span><\/p>\n<p style=\"line-height: normal; text-align: justify;\"><span style=\"font-size: 10pt; font-family: Verdana, sans-serif;\">El nombramiento de acad\u00e9mico de honor es la m\u00e1xima distinci\u00f3n que otorga la Real Academia y recae en personalidades de renombre internacional. En la actualidad son acad\u00e9micos de honor de la Real Academia de Medicina los profesores Santiago Grisolia Garc\u00eda (2003) y Ciril Rozman Borstnar (2007). Los Premios Nobel de Medicina profesores Severo Ochoa (1969) y Jean Dausset (1994), entre otros eminentes cient\u00edficos, hab\u00edan recibido tambi\u00e9n esta prestigiosa distinci\u00f3n.<\/span><\/p>\n<p style=\"line-height: normal; text-align: justify;\"><span style=\"font-size: 10pt; font-family: Verdana, sans-serif;\">Licenciado en medicina por la Universidad de Barcelona y especialista en cirug\u00eda vascular, en cardiolog\u00eda y cirug\u00eda card\u00edaca, el Dr. Bonn\u00edn Gubianas inici\u00f3 en 1984 el programa de trasplantes de coraz\u00f3n en Espa\u00f1a. Tras ocupar la plaza de jefe de servicio de cirug\u00eda card\u00edaca en el Centro Quir\u00fargico San Jorge (1985-92) ejerci\u00f3 la de jefe del servicio de cirug\u00eda de la Policl\u00ednica Miramar (1992), desde donde inici\u00f3 el programa de cirug\u00eda card\u00edaca en las Islas Baleares. En 2002 inaugur\u00f3 el servicio de cirug\u00eda card\u00edaca en el Hospital Universitario Son Dureta y ejerci\u00f3 posteriormente como jefe de servicio de cirug\u00eda card\u00edaca en el Hospital Son Espases y en la Cl\u00ednica del Grupo Quir\u00f3n PalmaPlanas. De este modo, convierte las Islas Baleares en un punto de referencia internacional y mundial en el \u00e1mbito del desarrollo de las pr\u00e1cticas y las t\u00e9cnicas quir\u00fargicas aplicadas a la resoluci\u00f3n de las enfermedades del coraz\u00f3n. Durante su vida profesional ha intervenido m\u00e1s de 10.500 pacientes de cirug\u00eda card\u00edaca, de los cuales 7.000 en las Islas Baleares.<\/span><\/p>\n<p style=\"line-height: normal; text-align: justify;\"><span style=\"font-size: 10pt; font-family: Verdana, sans-serif;\">Con los m\u00e1ximos reconocimientos que se otorgan en el \u00e1mbito sanitario, Bonn\u00edn fue distinguido, en 1984, con el Premio de Investigaci\u00f3n en el Hospital de Sant Pau de Barcelona sobre trasplante card\u00edaco, y en 1988, con el Premio de la Sociedad Espa\u00f1ola de Cardiolog\u00eda en cardiopat\u00eda isqu\u00e9mica. En 2009 obtuvo el Premio Ramon Llull y el 2016 la medalla de oro de las Islas Baleares. Adem\u00e1s, obtuvo menciones honor\u00edficas por los filmes Trasplante card\u00edaco ort\u00f3pico experimental y Trasplante cardiopulmonar experimental, presentados en las I Jornadas Nacionales de Video-Medicina del Postgraduado, que tuvieron lugar en Barcelona en 1985, y el primer premio de v\u00eddeo de investigaci\u00f3n concedido por la CIRIT en las II Jornadas, en noviembre de 1987. Beca de investigaci\u00f3n KNOLL en 1988, otorgada por la Sociedad Espa\u00f1ola de Cardiolog\u00eda. Ha colaborado en m\u00e1s de cien publicaciones cient\u00edficas relacionadas con su especialidad.<\/span><\/p>\n<p style=\"line-height: normal; text-align: justify;\"><span style=\"font-size: 10pt; font-family: Verdana, sans-serif;\">Durante los a\u00f1os de ejercicio en la sanidad p\u00fablica de las Islas Baleares, tanto en el Hospital de Son Dureta como, posteriormente, en el Hospital de Son Espases, ha sido distinguido en seis ocasiones con el premio IASIST como mejor centro tercer nivel en el \u00e1rea del coraz\u00f3n. El Dr. Bonn\u00edn Gubianas mantiene una estrecha relaci\u00f3n con la Real Academia de Medicina, de la que, adem\u00e1s, es acad\u00e9mico correspondiente (2016). Nuestra instituci\u00f3n ya la hab\u00eda distinguido (2010) con el premio Fundaci\u00f3n Mateu Orfila a la trayectoria de un profesional de la salud. Es, finalmente, un asiduo participante de los actos acad\u00e9micos.<\/span><\/p>\n\n\n<div class=\"wp-block-image\"><figure class=\"aligncenter\"><img loading=\"lazy\" decoding=\"async\" width=\"640\" height=\"956\" src=\"https:\/\/ramib.org\/oficial\/wp-content\/uploads\/2019\/09\/DSC_0065.jpg\" alt=\"\" class=\"wp-image-1750\" srcset=\"https:\/\/ramib.org\/oficial\/wp-content\/uploads\/2019\/09\/DSC_0065.jpg 640w, https:\/\/ramib.org\/oficial\/wp-content\/uploads\/2019\/09\/DSC_0065-201x300.jpg 201w, https:\/\/ramib.org\/oficial\/wp-content\/uploads\/2019\/09\/DSC_0065-281x420.jpg 281w\" sizes=\"(max-width: 640px) 100vw, 640px\" \/><\/figure><\/div>\n","protected":false},"excerpt":{"rendered":"<p>\u00a0 La Real Academia de Medicina de las Islas Baleares eligi\u00f3 este martes por unanimidad el Doctor Josep Oriol Bonn\u00edn Gubianas como nuevo acad\u00e9mico de honor.<\/p>\n","protected":false},"author":3,"featured_media":1750,"comment_status":"closed","ping_status":"closed","sticky":false,"template":"","format":"standard","meta":{"_monsterinsights_skip_tracking":false,"_monsterinsights_sitenote_active":false,"_monsterinsights_sitenote_note":"","_monsterinsights_sitenote_category":0,"footnotes":""},"categories":[33,24,16,172],"tags":[],"_links":{"self":[{"href":"https:\/\/ramib.org\/oficial\/index.php\/wp-json\/wp\/v2\/posts\/329"}],"collection":[{"href":"https:\/\/ramib.org\/oficial\/index.php\/wp-json\/wp\/v2\/posts"}],"about":[{"href":"https:\/\/ramib.org\/oficial\/index.php\/wp-json\/wp\/v2\/types\/post"}],"author":[{"embeddable":true,"href":"https:\/\/ramib.org\/oficial\/index.php\/wp-json\/wp\/v2\/users\/3"}],"replies":[{"embeddable":true,"href":"https:\/\/ramib.org\/oficial\/index.php\/wp-json\/wp\/v2\/comments?post=329"}],"version-history":[{"count":4,"href":"https:\/\/ramib.org\/oficial\/index.php\/wp-json\/wp\/v2\/posts\/329\/revisions"}],"predecessor-version":[{"id":1914,"href":"https:\/\/ramib.org\/oficial\/index.php\/wp-json\/wp\/v2\/posts\/329\/revisions\/1914"}],"wp:featuredmedia":[{"embeddable":true,"href":"https:\/\/ramib.org\/oficial\/index.php\/wp-json\/wp\/v2\/media\/1750"}],"wp:attachment":[{"href":"https:\/\/ramib.org\/oficial\/index.php\/wp-json\/wp\/v2\/media?parent=329"}],"wp:term":[{"taxonomy":"category","embeddable":true,"href":"https:\/\/ramib.org\/oficial\/index.php\/wp-json\/wp\/v2\/categories?post=329"},{"taxonomy":"post_tag","embeddable":true,"href":"https:\/\/ramib.org\/oficial\/index.php\/wp-json\/wp\/v2\/tags?post=329"}],"curies":[{"name":"wp","href":"https:\/\/api.w.org\/{rel}","templated":true}]}}