{"id":3244,"date":"2022-02-04T07:59:00","date_gmt":"2022-02-04T07:59:00","guid":{"rendered":"https:\/\/ramib.org\/oficial\/?p=3244"},"modified":"2022-11-19T12:40:46","modified_gmt":"2022-11-19T12:40:46","slug":"firma-del-acuerdo-de-creacion-del-premio-laboratorio-dr-cortes","status":"publish","type":"post","link":"https:\/\/ramib.org\/oficial\/index.php\/2022\/02\/04\/firma-del-acuerdo-de-creacion-del-premio-laboratorio-dr-cortes\/?lang=es","title":{"rendered":"Firma del acuerdo de creaci\u00f3n del Premio Laboratorio Dr. Cort\u00e9s"},"content":{"rendered":"<p style=\"text-align: justify;\">El pasado 1 de febrero 2022, en la sede de la Reial Acad\u00e8mia de Medicina de les Illes Balears, se llev\u00f3 a cabo la firma del acuerdo para la creaci\u00f3n y puesta en marcha dentro del programa de Premios de la RAMIB del \u201cPremio Laboratorio Dr. Cort\u00e9s\u201d.<\/p>\n<p><img loading=\"lazy\" decoding=\"async\" class=\"aligncenter size-full wp-image-3245\" src=\"https:\/\/ramib.org\/oficial\/wp-content\/uploads\/2022\/02\/IMG_6654.jpg\" alt=\"\" width=\"1024\" height=\"683\" srcset=\"https:\/\/ramib.org\/oficial\/wp-content\/uploads\/2022\/02\/IMG_6654.jpg 1024w, https:\/\/ramib.org\/oficial\/wp-content\/uploads\/2022\/02\/IMG_6654-300x200.jpg 300w, https:\/\/ramib.org\/oficial\/wp-content\/uploads\/2022\/02\/IMG_6654-768x512.jpg 768w, https:\/\/ramib.org\/oficial\/wp-content\/uploads\/2022\/02\/IMG_6654-696x464.jpg 696w, https:\/\/ramib.org\/oficial\/wp-content\/uploads\/2022\/02\/IMG_6654-630x420.jpg 630w\" sizes=\"(max-width: 1024px) 100vw, 1024px\" \/><\/p>\n<p style=\"text-align: justify;\">Firmaron el acuerdo el Sr. Presidente de la RAMIB, Excm. Sr. Maci\u00e0 Tom\u00e0s Salv\u00e0, el M. Il. Sr. Javier Cort\u00e9s Bordoy y el Sr. Yann Gaslain en representaci\u00f3n del laboratorio Procare Health Iberia.<\/p>\n<p style=\"text-align: justify;\">El premio tendr\u00e1 periodicidad anual y su concesi\u00f3n se regir\u00e1 seg\u00fan las bases que establece la RAMIB en su convocatoria anual de premios.<\/p>\n<p style=\"text-align: justify;\">Se premiar\u00e1 al que la comisi\u00f3n evaluadora considere mejor trabajo publicado durante el a\u00f1o previo por un grupo de trabajo radicado en la Comunidad Aut\u00f3noma de Islas Baleares que verse sobre cualquier aspecto de oncolog\u00eda ginecol\u00f3gica. Se valorar\u00e1n b\u00e1sicamente innovaci\u00f3n en la propuesta y conclusiones, calidad de la metodolog\u00eda y nivel de impacto de la publicaci\u00f3n (revista impresa u online, cap\u00edtulo de libro u otra similar) que haya publicado el trabajo.<\/p>\n<p><img loading=\"lazy\" decoding=\"async\" class=\"aligncenter size-full wp-image-3247\" src=\"https:\/\/ramib.org\/oficial\/wp-content\/uploads\/2022\/02\/IMG_6669.jpg\" alt=\"\" width=\"1024\" height=\"683\" srcset=\"https:\/\/ramib.org\/oficial\/wp-content\/uploads\/2022\/02\/IMG_6669.jpg 1024w, https:\/\/ramib.org\/oficial\/wp-content\/uploads\/2022\/02\/IMG_6669-300x200.jpg 300w, https:\/\/ramib.org\/oficial\/wp-content\/uploads\/2022\/02\/IMG_6669-768x512.jpg 768w, https:\/\/ramib.org\/oficial\/wp-content\/uploads\/2022\/02\/IMG_6669-696x464.jpg 696w, https:\/\/ramib.org\/oficial\/wp-content\/uploads\/2022\/02\/IMG_6669-630x420.jpg 630w\" sizes=\"(max-width: 1024px) 100vw, 1024px\" \/><\/p>\n<p style=\"text-align: justify;\">Esta subvenci\u00f3n ser\u00e1 facilitada por Procare Health Iberia SL, compa\u00f1\u00eda farmac\u00e9utica l\u00edder en el \u00e1rea investigadora en virus papiloma humano.<\/p>\n<p><img loading=\"lazy\" decoding=\"async\" class=\"aligncenter wp-image-3249 size-full\" src=\"https:\/\/ramib.org\/oficial\/wp-content\/uploads\/2022\/02\/IMG_6676.jpg\" alt=\"\" width=\"1024\" height=\"683\" srcset=\"https:\/\/ramib.org\/oficial\/wp-content\/uploads\/2022\/02\/IMG_6676.jpg 1024w, https:\/\/ramib.org\/oficial\/wp-content\/uploads\/2022\/02\/IMG_6676-300x200.jpg 300w, https:\/\/ramib.org\/oficial\/wp-content\/uploads\/2022\/02\/IMG_6676-768x512.jpg 768w, https:\/\/ramib.org\/oficial\/wp-content\/uploads\/2022\/02\/IMG_6676-696x464.jpg 696w, https:\/\/ramib.org\/oficial\/wp-content\/uploads\/2022\/02\/IMG_6676-630x420.jpg 630w\" sizes=\"(max-width: 1024px) 100vw, 1024px\" \/><\/p>\n<p style=\"text-align: justify;\">Procare Health es un laboratorio farmac\u00e9utico espa\u00f1ol con vocaci\u00f3n internacional especializado en salud femenina. A su primera d\u00e9cada de vida ha lanzado al mercado productos innovadores, formulados con ingredientes de origen natural bio-optimizados. Su l\u00ednea de trabajo investigador en el manejo de la presencia en trato genital inferior femenino del virus papiloma humano (VPH) y de sus lesiones iniciales provocadas al epitelio del cuello de \u00fatero, ha dado resultados con evidencias derivadas de alta calidad que han representado un innovador adelanto en la asistencia ginecol\u00f3gica, que hasta la comunicaci\u00f3n de estos resultados en reuniones de primer nivel y su publicaci\u00f3n a revistas m\u00e9dicas de alto impacto no dispon\u00eda de una opci\u00f3n terap\u00e9utica de aplicaci\u00f3n c\u00f3moda y segura que favoreciera muy intensamente la eliminaci\u00f3n de la presencia del VPH y\/o la regresi\u00f3n a la normalidad de las lesiones iniciales causadas por el virus a cuestas uterino.<\/p>\n<p><img loading=\"lazy\" decoding=\"async\" class=\"aligncenter size-full wp-image-3251\" src=\"https:\/\/ramib.org\/oficial\/wp-content\/uploads\/2022\/02\/IMG_6682.jpg\" alt=\"\" width=\"1024\" height=\"683\" srcset=\"https:\/\/ramib.org\/oficial\/wp-content\/uploads\/2022\/02\/IMG_6682.jpg 1024w, https:\/\/ramib.org\/oficial\/wp-content\/uploads\/2022\/02\/IMG_6682-300x200.jpg 300w, https:\/\/ramib.org\/oficial\/wp-content\/uploads\/2022\/02\/IMG_6682-768x512.jpg 768w, https:\/\/ramib.org\/oficial\/wp-content\/uploads\/2022\/02\/IMG_6682-696x464.jpg 696w, https:\/\/ramib.org\/oficial\/wp-content\/uploads\/2022\/02\/IMG_6682-630x420.jpg 630w\" sizes=\"(max-width: 1024px) 100vw, 1024px\" \/><\/p>\n<p style=\"text-align: justify;\">&nbsp;La RAMIB reservar\u00e1 un espacio de la memoria anual de curso para introducir una rese\u00f1a escrita del \u201cLaboratorio Dr. Cort\u00e9s\u201d y de Procare Health Iberia SL como patrocinadora de uno de los premios de investigaci\u00f3n y publicar\u00e1 y publicitar\u00e1 su logotipo en sus actos y publicaciones, incluida su revista Academic Journal of Health Sciences.<\/p>\n<p><img loading=\"lazy\" decoding=\"async\" class=\"aligncenter size-full wp-image-3253\" src=\"https:\/\/ramib.org\/oficial\/wp-content\/uploads\/2022\/02\/IMG_6702.jpg\" alt=\"\" width=\"1024\" height=\"683\" srcset=\"https:\/\/ramib.org\/oficial\/wp-content\/uploads\/2022\/02\/IMG_6702.jpg 1024w, https:\/\/ramib.org\/oficial\/wp-content\/uploads\/2022\/02\/IMG_6702-300x200.jpg 300w, https:\/\/ramib.org\/oficial\/wp-content\/uploads\/2022\/02\/IMG_6702-768x512.jpg 768w, https:\/\/ramib.org\/oficial\/wp-content\/uploads\/2022\/02\/IMG_6702-696x464.jpg 696w, https:\/\/ramib.org\/oficial\/wp-content\/uploads\/2022\/02\/IMG_6702-630x420.jpg 630w\" sizes=\"(max-width: 1024px) 100vw, 1024px\" \/><\/p>\n","protected":false},"excerpt":{"rendered":"<p>El pasado 1 de febrero 2022, en la sede de la Reial Acad\u00e8mia de Medicina de les Illes Balears, se llev\u00f3 a cabo la firma del acuerdo para la creaci\u00f3n [&hellip;]<\/p>\n","protected":false},"author":3,"featured_media":3255,"comment_status":"open","ping_status":"closed","sticky":false,"template":"","format":"standard","meta":{"_monsterinsights_skip_tracking":false,"_monsterinsights_sitenote_active":false,"_monsterinsights_sitenote_note":"","_monsterinsights_sitenote_category":0,"footnotes":""},"categories":[166,24,269],"tags":[],"_links":{"self":[{"href":"https:\/\/ramib.org\/oficial\/index.php\/wp-json\/wp\/v2\/posts\/3244"}],"collection":[{"href":"https:\/\/ramib.org\/oficial\/index.php\/wp-json\/wp\/v2\/posts"}],"about":[{"href":"https:\/\/ramib.org\/oficial\/index.php\/wp-json\/wp\/v2\/types\/post"}],"author":[{"embeddable":true,"href":"https:\/\/ramib.org\/oficial\/index.php\/wp-json\/wp\/v2\/users\/3"}],"replies":[{"embeddable":true,"href":"https:\/\/ramib.org\/oficial\/index.php\/wp-json\/wp\/v2\/comments?post=3244"}],"version-history":[{"count":2,"href":"https:\/\/ramib.org\/oficial\/index.php\/wp-json\/wp\/v2\/posts\/3244\/revisions"}],"predecessor-version":[{"id":3258,"href":"https:\/\/ramib.org\/oficial\/index.php\/wp-json\/wp\/v2\/posts\/3244\/revisions\/3258"}],"wp:featuredmedia":[{"embeddable":true,"href":"https:\/\/ramib.org\/oficial\/index.php\/wp-json\/wp\/v2\/media\/3255"}],"wp:attachment":[{"href":"https:\/\/ramib.org\/oficial\/index.php\/wp-json\/wp\/v2\/media?parent=3244"}],"wp:term":[{"taxonomy":"category","embeddable":true,"href":"https:\/\/ramib.org\/oficial\/index.php\/wp-json\/wp\/v2\/categories?post=3244"},{"taxonomy":"post_tag","embeddable":true,"href":"https:\/\/ramib.org\/oficial\/index.php\/wp-json\/wp\/v2\/tags?post=3244"}],"curies":[{"name":"wp","href":"https:\/\/api.w.org\/{rel}","templated":true}]}}