{"id":3242,"date":"2022-01-31T10:13:05","date_gmt":"2022-01-31T10:13:05","guid":{"rendered":"https:\/\/ramib.org\/oficial\/?p=3242"},"modified":"2023-10-07T07:59:37","modified_gmt":"2023-10-07T07:59:37","slug":"3242","status":"publish","type":"post","link":"https:\/\/ramib.org\/oficial\/index.php\/2022\/01\/31\/3242\/?lang=es","title":{"rendered":"01\/02\/2022: Tratamiento Multidisciplinario del C\u00e1ncer de Ovario. Documento consenso baleares."},"content":{"rendered":"<p style=\"text-align: justify;\">El pasado d\u00eda 1 de febrero de 2022 se llev\u00f3 a cabo en la sede de la corporaci\u00f3n la sesi\u00f3n cient\u00edfica <em><strong>Tratamiento Multidisciplinario del C\u00e1ncer de Ovario. Documento consenso baleares.<\/strong><\/em><\/p>\n<p style=\"text-align: justify;\">El M. Il. Sr. Javier Cort\u00e9s Bordoy present\u00f3 los dos ponentes y dijo unas palabras introductorias a la sesi\u00f3n.<\/p>\n<p><img loading=\"lazy\" decoding=\"async\" class=\"aligncenter size-full wp-image-3352\" src=\"https:\/\/ramib.org\/oficial\/wp-content\/uploads\/2022\/01\/OVARIO1.jpg\" alt=\"\" width=\"1024\" height=\"683\" srcset=\"https:\/\/ramib.org\/oficial\/wp-content\/uploads\/2022\/01\/OVARIO1.jpg 1024w, https:\/\/ramib.org\/oficial\/wp-content\/uploads\/2022\/01\/OVARIO1-300x200.jpg 300w, https:\/\/ramib.org\/oficial\/wp-content\/uploads\/2022\/01\/OVARIO1-768x512.jpg 768w, https:\/\/ramib.org\/oficial\/wp-content\/uploads\/2022\/01\/OVARIO1-696x464.jpg 696w, https:\/\/ramib.org\/oficial\/wp-content\/uploads\/2022\/01\/OVARIO1-630x420.jpg 630w\" sizes=\"(max-width: 1024px) 100vw, 1024px\" \/><\/p>\n<p style=\"text-align: justify;\">La sesi\u00f3n fue llevada a cabo por la Dra. Dra. Anna Torrent, Jefe de la Secci\u00f3n de ginecolog\u00eda del Hospital Universitario Son Espases y por el Dr. Rafael Morales, Jefe de la Secci\u00f3n de cirug\u00eda digestiva del mismo Hospital.<\/p>\n<p><img loading=\"lazy\" decoding=\"async\" class=\"aligncenter size-full wp-image-3354\" src=\"https:\/\/ramib.org\/oficial\/wp-content\/uploads\/2022\/01\/OVARIO2.jpg\" alt=\"\" width=\"1024\" height=\"683\" srcset=\"https:\/\/ramib.org\/oficial\/wp-content\/uploads\/2022\/01\/OVARIO2.jpg 1024w, https:\/\/ramib.org\/oficial\/wp-content\/uploads\/2022\/01\/OVARIO2-300x200.jpg 300w, https:\/\/ramib.org\/oficial\/wp-content\/uploads\/2022\/01\/OVARIO2-768x512.jpg 768w, https:\/\/ramib.org\/oficial\/wp-content\/uploads\/2022\/01\/OVARIO2-696x464.jpg 696w, https:\/\/ramib.org\/oficial\/wp-content\/uploads\/2022\/01\/OVARIO2-630x420.jpg 630w\" sizes=\"(max-width: 1024px) 100vw, 1024px\" \/> <img loading=\"lazy\" decoding=\"async\" class=\"aligncenter size-full wp-image-3356\" src=\"https:\/\/ramib.org\/oficial\/wp-content\/uploads\/2022\/01\/OVARIO3.jpg\" alt=\"\" width=\"1024\" height=\"683\" srcset=\"https:\/\/ramib.org\/oficial\/wp-content\/uploads\/2022\/01\/OVARIO3.jpg 1024w, https:\/\/ramib.org\/oficial\/wp-content\/uploads\/2022\/01\/OVARIO3-300x200.jpg 300w, https:\/\/ramib.org\/oficial\/wp-content\/uploads\/2022\/01\/OVARIO3-768x512.jpg 768w, https:\/\/ramib.org\/oficial\/wp-content\/uploads\/2022\/01\/OVARIO3-696x464.jpg 696w, https:\/\/ramib.org\/oficial\/wp-content\/uploads\/2022\/01\/OVARIO3-630x420.jpg 630w\" sizes=\"(max-width: 1024px) 100vw, 1024px\" \/><\/p>\n<p style=\"text-align: justify;\">La Dra. Anna Torrent y el Dr. Rafael Morales, impulsores desde sus responsabilidades a los Servicios de Ginecolog\u00eda y Cirug\u00eda del Hospital Universitario de Son Espases del Consenso Balear de Tratamiento del C\u00e1ncer de Ovario, lo presentaron y discutieron.<\/p>\n<p><img loading=\"lazy\" decoding=\"async\" class=\"aligncenter size-full wp-image-3358\" src=\"https:\/\/ramib.org\/oficial\/wp-content\/uploads\/2022\/01\/OVARIO4.jpg\" alt=\"\" width=\"1024\" height=\"683\" srcset=\"https:\/\/ramib.org\/oficial\/wp-content\/uploads\/2022\/01\/OVARIO4.jpg 1024w, https:\/\/ramib.org\/oficial\/wp-content\/uploads\/2022\/01\/OVARIO4-300x200.jpg 300w, https:\/\/ramib.org\/oficial\/wp-content\/uploads\/2022\/01\/OVARIO4-768x512.jpg 768w, https:\/\/ramib.org\/oficial\/wp-content\/uploads\/2022\/01\/OVARIO4-696x464.jpg 696w, https:\/\/ramib.org\/oficial\/wp-content\/uploads\/2022\/01\/OVARIO4-630x420.jpg 630w\" sizes=\"(max-width: 1024px) 100vw, 1024px\" \/> <img loading=\"lazy\" decoding=\"async\" class=\"aligncenter size-full wp-image-3360\" src=\"https:\/\/ramib.org\/oficial\/wp-content\/uploads\/2022\/01\/OVARIO5.jpg\" alt=\"\" width=\"1024\" height=\"683\" srcset=\"https:\/\/ramib.org\/oficial\/wp-content\/uploads\/2022\/01\/OVARIO5.jpg 1024w, https:\/\/ramib.org\/oficial\/wp-content\/uploads\/2022\/01\/OVARIO5-300x200.jpg 300w, https:\/\/ramib.org\/oficial\/wp-content\/uploads\/2022\/01\/OVARIO5-768x512.jpg 768w, https:\/\/ramib.org\/oficial\/wp-content\/uploads\/2022\/01\/OVARIO5-696x464.jpg 696w, https:\/\/ramib.org\/oficial\/wp-content\/uploads\/2022\/01\/OVARIO5-630x420.jpg 630w\" sizes=\"(max-width: 1024px) 100vw, 1024px\" \/><\/p>\n<p>Representa un gran paso adelante en la muy necesaria mejora del tratamiento de este c\u00e1ncer, el que presenta una mortalidad mas alta entre los c\u00e1nceres genitales femeninos, en Espa\u00f1a y en las Illes Balears, con cifras similares.<\/p>\n<p><img loading=\"lazy\" decoding=\"async\" class=\"aligncenter size-full wp-image-3364\" src=\"https:\/\/ramib.org\/oficial\/wp-content\/uploads\/2022\/01\/OVARIO7.jpg\" alt=\"\" width=\"1024\" height=\"683\" srcset=\"https:\/\/ramib.org\/oficial\/wp-content\/uploads\/2022\/01\/OVARIO7.jpg 1024w, https:\/\/ramib.org\/oficial\/wp-content\/uploads\/2022\/01\/OVARIO7-300x200.jpg 300w, https:\/\/ramib.org\/oficial\/wp-content\/uploads\/2022\/01\/OVARIO7-768x512.jpg 768w, https:\/\/ramib.org\/oficial\/wp-content\/uploads\/2022\/01\/OVARIO7-696x464.jpg 696w, https:\/\/ramib.org\/oficial\/wp-content\/uploads\/2022\/01\/OVARIO7-630x420.jpg 630w\" sizes=\"(max-width: 1024px) 100vw, 1024px\" \/><\/p>\n<p>A la presentaci\u00f3n de los Dres. Torrent y Morales sigui\u00f3 un coloquio con los asistentes, moderado por el Dr. Javier Cort\u00e9s.<\/p>\n<p style=\"text-align: justify;\">Puede seguir la sesi\u00f3n cient\u00edfica en directo a trav\u00e9s del canal de youtube de la corporaci\u00f3n:<\/p>\n<p><iframe loading=\"lazy\" title=\"Tratamiento Multidisciplinar del C\u00e1ncer de Ovario\" width=\"696\" height=\"392\" src=\"https:\/\/www.youtube.com\/embed\/HwahpgK9nvE?start=796&#038;feature=oembed\" frameborder=\"0\" allow=\"accelerometer; autoplay; clipboard-write; encrypted-media; gyroscope; picture-in-picture\" allowfullscreen><\/iframe><\/p>\n","protected":false},"excerpt":{"rendered":"<p>El pasado d\u00eda 1 de febrero de 2022 se llev\u00f3 a cabo en la sede de la corporaci\u00f3n la sesi\u00f3n cient\u00edfica Tratamiento Multidisciplinario del C\u00e1ncer de Ovario. Documento consenso baleares. [&hellip;]<\/p>\n","protected":false},"author":3,"featured_media":3366,"comment_status":"open","ping_status":"closed","sticky":false,"template":"","format":"standard","meta":{"_monsterinsights_skip_tracking":false,"_monsterinsights_sitenote_active":false,"_monsterinsights_sitenote_note":"","_monsterinsights_sitenote_category":0,"footnotes":""},"categories":[269],"tags":[266,338,73],"_links":{"self":[{"href":"https:\/\/ramib.org\/oficial\/index.php\/wp-json\/wp\/v2\/posts\/3242"}],"collection":[{"href":"https:\/\/ramib.org\/oficial\/index.php\/wp-json\/wp\/v2\/posts"}],"about":[{"href":"https:\/\/ramib.org\/oficial\/index.php\/wp-json\/wp\/v2\/types\/post"}],"author":[{"embeddable":true,"href":"https:\/\/ramib.org\/oficial\/index.php\/wp-json\/wp\/v2\/users\/3"}],"replies":[{"embeddable":true,"href":"https:\/\/ramib.org\/oficial\/index.php\/wp-json\/wp\/v2\/comments?post=3242"}],"version-history":[{"count":3,"href":"https:\/\/ramib.org\/oficial\/index.php\/wp-json\/wp\/v2\/posts\/3242\/revisions"}],"predecessor-version":[{"id":4894,"href":"https:\/\/ramib.org\/oficial\/index.php\/wp-json\/wp\/v2\/posts\/3242\/revisions\/4894"}],"wp:featuredmedia":[{"embeddable":true,"href":"https:\/\/ramib.org\/oficial\/index.php\/wp-json\/wp\/v2\/media\/3366"}],"wp:attachment":[{"href":"https:\/\/ramib.org\/oficial\/index.php\/wp-json\/wp\/v2\/media?parent=3242"}],"wp:term":[{"taxonomy":"category","embeddable":true,"href":"https:\/\/ramib.org\/oficial\/index.php\/wp-json\/wp\/v2\/categories?post=3242"},{"taxonomy":"post_tag","embeddable":true,"href":"https:\/\/ramib.org\/oficial\/index.php\/wp-json\/wp\/v2\/tags?post=3242"}],"curies":[{"name":"wp","href":"https:\/\/api.w.org\/{rel}","templated":true}]}}