{"id":3235,"date":"2022-01-31T09:59:06","date_gmt":"2022-01-31T09:59:06","guid":{"rendered":"https:\/\/ramib.org\/oficial\/?p=3235"},"modified":"2022-02-13T17:40:10","modified_gmt":"2022-02-13T17:40:10","slug":"3235","status":"publish","type":"post","link":"https:\/\/ramib.org\/oficial\/index.php\/2022\/01\/31\/3235\/","title":{"rendered":"01\/02\/2022: Tractament Multidisciplinari del C\u00e0ncer d&#8217;Ovari. Document consens balears."},"content":{"rendered":"<p style=\"text-align: justify;\">El passat dia 1 de febrer de 2022 es va dur a terme a la seu de la corporaci\u00f3 la sessi\u00f3 cient\u00edfica <strong><em>Tractament Multidisciplinari del C\u00e0ncer d&#8217;Ovari. Document consens balears.<\/em><\/strong><\/p>\n<p style=\"text-align: justify;\">El M. Il. Sr. Javier Cort\u00e9s Bordoy va presentar els dos ponents i va dir unes paraules introduct\u00f2ries a la sessi\u00f3.<\/p>\n<p><img loading=\"lazy\" decoding=\"async\" class=\"aligncenter size-full wp-image-3351\" src=\"https:\/\/ramib.org\/oficial\/wp-content\/uploads\/2022\/01\/OVARIO1.jpg\" alt=\"\" width=\"1024\" height=\"683\" srcset=\"https:\/\/ramib.org\/oficial\/wp-content\/uploads\/2022\/01\/OVARIO1.jpg 1024w, https:\/\/ramib.org\/oficial\/wp-content\/uploads\/2022\/01\/OVARIO1-300x200.jpg 300w, https:\/\/ramib.org\/oficial\/wp-content\/uploads\/2022\/01\/OVARIO1-768x512.jpg 768w, https:\/\/ramib.org\/oficial\/wp-content\/uploads\/2022\/01\/OVARIO1-696x464.jpg 696w, https:\/\/ramib.org\/oficial\/wp-content\/uploads\/2022\/01\/OVARIO1-630x420.jpg 630w\" sizes=\"(max-width: 1024px) 100vw, 1024px\" \/><\/p>\n<p style=\"text-align: justify;\">La sessi\u00f3 va ser duta a terme per la Dra. Dra. Anna Torrent, Cap de la Secci\u00f3 de ginecologia del Hospital Universitari Son Espases i pel Dr. Rafael Morales, Cap de la Secci\u00f3 de cirurgia digestiva del mateix Hospital.<\/p>\n<p><img loading=\"lazy\" decoding=\"async\" class=\"aligncenter size-full wp-image-3353\" src=\"https:\/\/ramib.org\/oficial\/wp-content\/uploads\/2022\/01\/OVARIO2.jpg\" alt=\"\" width=\"1024\" height=\"683\" srcset=\"https:\/\/ramib.org\/oficial\/wp-content\/uploads\/2022\/01\/OVARIO2.jpg 1024w, https:\/\/ramib.org\/oficial\/wp-content\/uploads\/2022\/01\/OVARIO2-300x200.jpg 300w, https:\/\/ramib.org\/oficial\/wp-content\/uploads\/2022\/01\/OVARIO2-768x512.jpg 768w, https:\/\/ramib.org\/oficial\/wp-content\/uploads\/2022\/01\/OVARIO2-696x464.jpg 696w, https:\/\/ramib.org\/oficial\/wp-content\/uploads\/2022\/01\/OVARIO2-630x420.jpg 630w\" sizes=\"(max-width: 1024px) 100vw, 1024px\" \/> <img loading=\"lazy\" decoding=\"async\" class=\"aligncenter size-full wp-image-3355\" src=\"https:\/\/ramib.org\/oficial\/wp-content\/uploads\/2022\/01\/OVARIO3.jpg\" alt=\"\" width=\"1024\" height=\"683\" srcset=\"https:\/\/ramib.org\/oficial\/wp-content\/uploads\/2022\/01\/OVARIO3.jpg 1024w, https:\/\/ramib.org\/oficial\/wp-content\/uploads\/2022\/01\/OVARIO3-300x200.jpg 300w, https:\/\/ramib.org\/oficial\/wp-content\/uploads\/2022\/01\/OVARIO3-768x512.jpg 768w, https:\/\/ramib.org\/oficial\/wp-content\/uploads\/2022\/01\/OVARIO3-696x464.jpg 696w, https:\/\/ramib.org\/oficial\/wp-content\/uploads\/2022\/01\/OVARIO3-630x420.jpg 630w\" sizes=\"(max-width: 1024px) 100vw, 1024px\" \/><\/p>\n<p style=\"text-align: justify;\"><span lang=\"CA\">La Dra. Anna Torrent i el Dr. Rafael Morales, impulsors des de les seves responsabilitats als Serveis de Ginecologia i Cirurgia del Hospital Universitari de Son Espases del Consens Balear de Tractament del C\u00e0ncer d\u2019Ovari, el varen presentar i discutir. <\/span><\/p>\n<p><img loading=\"lazy\" decoding=\"async\" class=\"aligncenter size-full wp-image-3357\" src=\"https:\/\/ramib.org\/oficial\/wp-content\/uploads\/2022\/01\/OVARIO4.jpg\" alt=\"\" width=\"1024\" height=\"683\" srcset=\"https:\/\/ramib.org\/oficial\/wp-content\/uploads\/2022\/01\/OVARIO4.jpg 1024w, https:\/\/ramib.org\/oficial\/wp-content\/uploads\/2022\/01\/OVARIO4-300x200.jpg 300w, https:\/\/ramib.org\/oficial\/wp-content\/uploads\/2022\/01\/OVARIO4-768x512.jpg 768w, https:\/\/ramib.org\/oficial\/wp-content\/uploads\/2022\/01\/OVARIO4-696x464.jpg 696w, https:\/\/ramib.org\/oficial\/wp-content\/uploads\/2022\/01\/OVARIO4-630x420.jpg 630w\" sizes=\"(max-width: 1024px) 100vw, 1024px\" \/> <img loading=\"lazy\" decoding=\"async\" class=\"aligncenter size-full wp-image-3359\" src=\"https:\/\/ramib.org\/oficial\/wp-content\/uploads\/2022\/01\/OVARIO5.jpg\" alt=\"\" width=\"1024\" height=\"683\" srcset=\"https:\/\/ramib.org\/oficial\/wp-content\/uploads\/2022\/01\/OVARIO5.jpg 1024w, https:\/\/ramib.org\/oficial\/wp-content\/uploads\/2022\/01\/OVARIO5-300x200.jpg 300w, https:\/\/ramib.org\/oficial\/wp-content\/uploads\/2022\/01\/OVARIO5-768x512.jpg 768w, https:\/\/ramib.org\/oficial\/wp-content\/uploads\/2022\/01\/OVARIO5-696x464.jpg 696w, https:\/\/ramib.org\/oficial\/wp-content\/uploads\/2022\/01\/OVARIO5-630x420.jpg 630w\" sizes=\"(max-width: 1024px) 100vw, 1024px\" \/><\/p>\n<p style=\"text-align: justify;\"><span lang=\"CA\">Representa un gran pas endavant en la molt necess\u00e0ria millora del tractament d\u2019aquest c\u00e0ncer, el que presenta una mortalitat mes alta entre els c\u00e0ncers genitals femenins, a Espanya i a Illes Balears, amb xifres similars. <\/span><\/p>\n<p style=\"text-align: justify;\"><span lang=\"CA\">A la presentaci\u00f3 dels Drs. Torrent i Morales va seguir un col\u00b7loqui amb els assistents, moderat per el Dr. Javier Cort\u00e9s.<\/span><\/p>\n<p style=\"text-align: justify;\"><img loading=\"lazy\" decoding=\"async\" class=\"aligncenter size-full wp-image-3363\" src=\"https:\/\/ramib.org\/oficial\/wp-content\/uploads\/2022\/01\/OVARIO7.jpg\" alt=\"\" width=\"1024\" height=\"683\" srcset=\"https:\/\/ramib.org\/oficial\/wp-content\/uploads\/2022\/01\/OVARIO7.jpg 1024w, https:\/\/ramib.org\/oficial\/wp-content\/uploads\/2022\/01\/OVARIO7-300x200.jpg 300w, https:\/\/ramib.org\/oficial\/wp-content\/uploads\/2022\/01\/OVARIO7-768x512.jpg 768w, https:\/\/ramib.org\/oficial\/wp-content\/uploads\/2022\/01\/OVARIO7-696x464.jpg 696w, https:\/\/ramib.org\/oficial\/wp-content\/uploads\/2022\/01\/OVARIO7-630x420.jpg 630w\" sizes=\"(max-width: 1024px) 100vw, 1024px\" \/><\/p>\n<p style=\"text-align: justify;\">Pot visualitzar la sessi\u00f3 cient\u00edfica en directe en el canal de youtube de la corporaci\u00f3 clicant el seg\u00fcent enlla\u00e7:<\/p>\n<p><iframe loading=\"lazy\" title=\"Tratamiento Multidisciplinar del C\u00e1ncer de Ovario\" width=\"696\" height=\"392\" src=\"https:\/\/www.youtube.com\/embed\/HwahpgK9nvE?start=796&#038;feature=oembed\" frameborder=\"0\" allow=\"accelerometer; autoplay; clipboard-write; encrypted-media; gyroscope; picture-in-picture\" allowfullscreen><\/iframe><\/p>\n\n\n<p><\/p>\n","protected":false},"excerpt":{"rendered":"<p>El passat dia 1 de febrer de 2022 es va dur a terme a la seu de la corporaci\u00f3 la sessi\u00f3 cient\u00edfica Tractament Multidisciplinari del C\u00e0ncer d&#8217;Ovari. Document consens balears. [&hellip;]<\/p>\n","protected":false},"author":3,"featured_media":3365,"comment_status":"open","ping_status":"closed","sticky":false,"template":"","format":"standard","meta":{"_monsterinsights_skip_tracking":false,"_monsterinsights_sitenote_active":false,"_monsterinsights_sitenote_note":"","_monsterinsights_sitenote_category":0,"footnotes":""},"categories":[14,24,269,17],"tags":[],"_links":{"self":[{"href":"https:\/\/ramib.org\/oficial\/index.php\/wp-json\/wp\/v2\/posts\/3235"}],"collection":[{"href":"https:\/\/ramib.org\/oficial\/index.php\/wp-json\/wp\/v2\/posts"}],"about":[{"href":"https:\/\/ramib.org\/oficial\/index.php\/wp-json\/wp\/v2\/types\/post"}],"author":[{"embeddable":true,"href":"https:\/\/ramib.org\/oficial\/index.php\/wp-json\/wp\/v2\/users\/3"}],"replies":[{"embeddable":true,"href":"https:\/\/ramib.org\/oficial\/index.php\/wp-json\/wp\/v2\/comments?post=3235"}],"version-history":[{"count":5,"href":"https:\/\/ramib.org\/oficial\/index.php\/wp-json\/wp\/v2\/posts\/3235\/revisions"}],"predecessor-version":[{"id":3370,"href":"https:\/\/ramib.org\/oficial\/index.php\/wp-json\/wp\/v2\/posts\/3235\/revisions\/3370"}],"wp:featuredmedia":[{"embeddable":true,"href":"https:\/\/ramib.org\/oficial\/index.php\/wp-json\/wp\/v2\/media\/3365"}],"wp:attachment":[{"href":"https:\/\/ramib.org\/oficial\/index.php\/wp-json\/wp\/v2\/media?parent=3235"}],"wp:term":[{"taxonomy":"category","embeddable":true,"href":"https:\/\/ramib.org\/oficial\/index.php\/wp-json\/wp\/v2\/categories?post=3235"},{"taxonomy":"post_tag","embeddable":true,"href":"https:\/\/ramib.org\/oficial\/index.php\/wp-json\/wp\/v2\/tags?post=3235"}],"curies":[{"name":"wp","href":"https:\/\/api.w.org\/{rel}","templated":true}]}}