{"id":319,"date":"2017-09-22T15:13:46","date_gmt":"2017-09-22T15:13:46","guid":{"rendered":"https:\/\/ramib.org\/oficial\/index.php\/sessio-cientifica-04-10-2017-preservacio-de-la-fertilitat-en-pacients-oncologics\/"},"modified":"2019-09-02T19:35:43","modified_gmt":"2019-09-02T19:35:43","slug":"sessio-cientifica-04-10-2017-preservacio-de-la-fertilitat-en-pacients-oncologics","status":"publish","type":"post","link":"https:\/\/ramib.org\/oficial\/index.php\/2017\/09\/22\/sessio-cientifica-04-10-2017-preservacio-de-la-fertilitat-en-pacients-oncologics\/","title":{"rendered":"Sessi\u00f3 divulgativa 04\/10\/2017: Preservaci\u00f3 de la fertilitat en pacients oncol\u00f2gics&#8221;"},"content":{"rendered":"<p>&nbsp;<\/p>\n<p style=\"text-align: justify;\"><span style=\"color: #212121; font-family: verdana, geneva; font-size: 10pt; text-align: left; white-space: pre-wrap;\">Sessi\u00f3 divulgativa.-El passat dimecres dia 4 d&#8217;octubre <span style=\"font-size: 10pt; line-height: 115%; font-family: Verdana, sans-serif; color: #222222;\">es va celebrar a la seu acad\u00e8mica de Can Campaner la sessi\u00f3 divulgativa <\/span>&#8220;Preservaci\u00f3 de la fertilitat en pacients oncol\u00f2gics&#8221;.<\/span><\/p>\n<p>  <!--more-->  <\/p>\n<p style=\"text-align: justify;\"><span style=\"font-size: 10pt;\"><span style=\"color: #212121; font-family: verdana, geneva; text-align: left; white-space: pre-wrap;\">En l&#8217;acte, organitzat conjuntament entre l&#8217;Associaci\u00f3 Espanyola Contra el C\u00e0ncer i la Reial Acad\u00e8mia de Medicina de els Illes Balears varen intervenir:<\/span><\/span><\/p>\n<p style=\"text-align: justify;\"><span style=\"font-size: 10pt;\"><span style=\"color: #212121; font-family: verdana, geneva; text-align: left; white-space: pre-wrap;\">Dr. Maci\u00e0 Tom\u00e0s. President de la Reial Acad\u00e8mia de Medicina de les Illes Balears. <\/span><\/span><\/p>\n<p><img decoding=\"async\" src=\"images\/noticies\/2017\/aeccfertilidad2.JPG\" alt=\"aeccfertilidad2\" style=\"display: block; margin-left: auto; margin-right: auto;\" \/><\/p>\n<p style=\"text-align: justify;\"><span style=\"font-size: 10pt;\"><span style=\"color: #212121; font-family: verdana, geneva; text-align: left; white-space: pre-wrap;\">Javier Cort\u00e9s. Acad\u00e8mic Numerari i President de la Junta Provincial de Balears de l&#8217;Associaci\u00f3 Espanyola Contra el C\u00e0ncer (AECC).<\/span><\/span><\/p>\n<p><img decoding=\"async\" src=\"images\/noticies\/2017\/aeccfertilidad3.JPG\" alt=\"aeccfertilidad3\" style=\"display: block; margin-left: auto; margin-right: auto;\" \/><\/p>\n<p style=\"text-align: justify;\"><span style=\"font-size: 10pt;\"><span style=\"color: #212121; font-family: verdana, geneva; text-align: left; white-space: pre-wrap;\">Dr. Hern\u00e1n Gioseffi. Cap del Servei d&#8217;Oncologia M\u00e8dica de l&#8217;Hospital de Manacor i Vocal T\u00e8cnic del Consell Executiu de la Junta Provincial de Balears de l&#8217;AECC. <\/span><\/span><\/p>\n<p><img decoding=\"async\" src=\"images\/noticies\/2017\/aeccfertilidad4.JPG\" alt=\"aeccfertilidad4\" style=\"display: block; margin-left: auto; margin-right: auto;\" \/><\/p>\n<p style=\"text-align: justify;\"><span style=\"font-size: 10pt;\"><span style=\"color: #212121; font-family: verdana, geneva; text-align: left; white-space: pre-wrap;\">Dra. Margalida Torres. Experta en tractaments de fertilitat d&#8217;IVI Mallorca.<\/span><\/span><\/p>\n<p><img decoding=\"async\" src=\"images\/noticies\/2017\/aeccfertilidad5.JPG\" alt=\"aeccfertilidad5\" style=\"display: block; margin-left: auto; margin-right: auto;\" \/><\/p>\n<p style=\"text-align: justify;\"><span style=\"font-family: verdana, geneva;\">En acabar, la Consellera de Salut Patricia G\u00f3mez Picard va dedicar unes paraules al p\u00fablic asistent i als organitzadors de l&#8217;acte.<\/span><\/p>\n<p><img decoding=\"async\" src=\"images\/noticies\/2017\/aeccfertilidad1.JPG\" alt=\"aeccfertilidad1\" style=\"display: block; margin-left: auto; margin-right: auto;\" \/><\/p>\n","protected":false},"excerpt":{"rendered":"<p>&nbsp; Sessi\u00f3 divulgativa.-El passat dimecres dia 4 d&#8217;octubre es va celebrar a la seu acad\u00e8mica de Can Campaner la sessi\u00f3 divulgativa &#8220;Preservaci\u00f3 de la fertilitat en pacients oncol\u00f2gics&#8221;.<\/p>\n","protected":false},"author":3,"featured_media":0,"comment_status":"closed","ping_status":"closed","sticky":false,"template":"","format":"standard","meta":{"_monsterinsights_skip_tracking":false,"_monsterinsights_sitenote_active":false,"_monsterinsights_sitenote_note":"","_monsterinsights_sitenote_category":0,"footnotes":""},"categories":[],"tags":[],"_links":{"self":[{"href":"https:\/\/ramib.org\/oficial\/index.php\/wp-json\/wp\/v2\/posts\/319"}],"collection":[{"href":"https:\/\/ramib.org\/oficial\/index.php\/wp-json\/wp\/v2\/posts"}],"about":[{"href":"https:\/\/ramib.org\/oficial\/index.php\/wp-json\/wp\/v2\/types\/post"}],"author":[{"embeddable":true,"href":"https:\/\/ramib.org\/oficial\/index.php\/wp-json\/wp\/v2\/users\/3"}],"replies":[{"embeddable":true,"href":"https:\/\/ramib.org\/oficial\/index.php\/wp-json\/wp\/v2\/comments?post=319"}],"version-history":[{"count":1,"href":"https:\/\/ramib.org\/oficial\/index.php\/wp-json\/wp\/v2\/posts\/319\/revisions"}],"predecessor-version":[{"id":800,"href":"https:\/\/ramib.org\/oficial\/index.php\/wp-json\/wp\/v2\/posts\/319\/revisions\/800"}],"wp:attachment":[{"href":"https:\/\/ramib.org\/oficial\/index.php\/wp-json\/wp\/v2\/media?parent=319"}],"wp:term":[{"taxonomy":"category","embeddable":true,"href":"https:\/\/ramib.org\/oficial\/index.php\/wp-json\/wp\/v2\/categories?post=319"},{"taxonomy":"post_tag","embeddable":true,"href":"https:\/\/ramib.org\/oficial\/index.php\/wp-json\/wp\/v2\/tags?post=319"}],"curies":[{"name":"wp","href":"https:\/\/api.w.org\/{rel}","templated":true}]}}