{"id":317,"date":"2017-09-18T12:48:04","date_gmt":"2017-09-18T12:48:04","guid":{"rendered":"https:\/\/ramib.org\/oficial\/index.php\/sesion-cientifica-03-10-2017-infeccion-respiratoria-precoz-en-la-infancia-y-morbilidad-respiratoria-posterior\/"},"modified":"2019-09-02T19:35:53","modified_gmt":"2019-09-02T19:35:53","slug":"sesion-cientifica-03-10-2017-infeccion-respiratoria-precoz-en-la-infancia-y-morbilidad-respiratoria-posterior","status":"publish","type":"post","link":"https:\/\/ramib.org\/oficial\/index.php\/2017\/09\/18\/sesion-cientifica-03-10-2017-infeccion-respiratoria-precoz-en-la-infancia-y-morbilidad-respiratoria-posterior\/","title":{"rendered":"Sesi\u00f3n cient\u00edfica 03\/10\/2017: &#8220;Infecci\u00f3n respiratoria precoz en la infancia y morbilidad respiratoria posterior&#8221;"},"content":{"rendered":"<p>&nbsp;<\/p>\n<p style=\"text-align: justify;\"><span lang=\"CA\" style=\"font-family: verdana, geneva; font-size: 10pt;\">Sesi\u00f3n cient\u00edfica. &#8211; D\u00eda 3 de octubre se celebr\u00f3 en la sede acad\u00e9mica de Can Campaner la sesi\u00f3n cient\u00edfica &#8220;Infecci\u00f3n respiratoria precoz en la infancia y morbilidad respiratoria posterior&#8221;.&nbsp;<\/span><\/p>\n<p>  <!--more-->  <\/p>\n<p style=\"text-align: justify;\"><span style=\"font-family: verdana, geneva; font-size: 10pt;\">Present\u00f3 al conferenciante la acad\u00e9mica numeraria Dra. Juana Maria Rom\u00e1n Pi\u00f1ana el coloquio el Sr. presidente de la RAMIB.<\/span><\/p>\n<p><img decoding=\"async\" src=\"images\/noticies\/2017\/Dr.gonzalez1.JPG\" alt=\"Dr.gonzalez1\" style=\"display: block; margin-left: auto; margin-right: auto;\" \/><\/p>\n<p style=\"text-align: justify;\"><span style=\"font-family: verdana, geneva; font-size: 10pt;\">La ponencia fue llevada a cargo del Dr. Eduardo Gonz\u00e1lez P\u00e9rez-Yarza,Acad\u00e9mico Numerario de la Real Academia de Medicina del Pa\u00eds Vasco. Profesor Titular y Jefe de Servicio de Pediatr\u00eda. Hospital Universitario Donostia.<\/span><\/p>\n<p><img decoding=\"async\" src=\"images\/noticies\/2017\/Dr.gonzalez3.jpg\" alt=\"Dr.gonzalez3\" style=\"display: block; margin-left: auto; margin-right: auto;\" \/><\/p>\n<p style=\"text-align: justify;\"><span style=\"font-family: verdana, geneva;\"><img decoding=\"async\" src=\"images\/noticies\/2017\/Dr.gonzalez2.JPG\" alt=\"Dr.gonzalez2\" style=\"display: block; margin-left: auto; margin-right: auto;\" \/><\/span><\/p>\n<p style=\"text-align: justify;\"><span style=\"font-family: verdana, geneva; font-size: 10pt;\">La ponencia fue seguida con gran inter\u00e9s por el p\u00fablico asistente finalizando con el habitual debate posterior a las ponencias.<\/span><\/p>\n<p><img decoding=\"async\" src=\"images\/noticies\/2017\/Dr.gonzalez5.JPG\" alt=\"Dr.gonzalez5\" style=\"display: block; margin-left: auto; margin-right: auto;\" \/><\/p>\n<p>&nbsp;<\/p>\n","protected":false},"excerpt":{"rendered":"<p>&nbsp; Sesi\u00f3n cient\u00edfica. &#8211; D\u00eda 3 de octubre se celebr\u00f3 en la sede acad\u00e9mica de Can Campaner la sesi\u00f3n cient\u00edfica &#8220;Infecci\u00f3n respiratoria precoz en la infancia y morbilidad respiratoria posterior&#8221;.&nbsp;<\/p>\n","protected":false},"author":3,"featured_media":0,"comment_status":"closed","ping_status":"closed","sticky":false,"template":"","format":"standard","meta":{"_monsterinsights_skip_tracking":false,"_monsterinsights_sitenote_active":false,"_monsterinsights_sitenote_note":"","_monsterinsights_sitenote_category":0,"footnotes":""},"categories":[],"tags":[],"_links":{"self":[{"href":"https:\/\/ramib.org\/oficial\/index.php\/wp-json\/wp\/v2\/posts\/317"}],"collection":[{"href":"https:\/\/ramib.org\/oficial\/index.php\/wp-json\/wp\/v2\/posts"}],"about":[{"href":"https:\/\/ramib.org\/oficial\/index.php\/wp-json\/wp\/v2\/types\/post"}],"author":[{"embeddable":true,"href":"https:\/\/ramib.org\/oficial\/index.php\/wp-json\/wp\/v2\/users\/3"}],"replies":[{"embeddable":true,"href":"https:\/\/ramib.org\/oficial\/index.php\/wp-json\/wp\/v2\/comments?post=317"}],"version-history":[{"count":1,"href":"https:\/\/ramib.org\/oficial\/index.php\/wp-json\/wp\/v2\/posts\/317\/revisions"}],"predecessor-version":[{"id":801,"href":"https:\/\/ramib.org\/oficial\/index.php\/wp-json\/wp\/v2\/posts\/317\/revisions\/801"}],"wp:attachment":[{"href":"https:\/\/ramib.org\/oficial\/index.php\/wp-json\/wp\/v2\/media?parent=317"}],"wp:term":[{"taxonomy":"category","embeddable":true,"href":"https:\/\/ramib.org\/oficial\/index.php\/wp-json\/wp\/v2\/categories?post=317"},{"taxonomy":"post_tag","embeddable":true,"href":"https:\/\/ramib.org\/oficial\/index.php\/wp-json\/wp\/v2\/tags?post=317"}],"curies":[{"name":"wp","href":"https:\/\/api.w.org\/{rel}","templated":true}]}}