{"id":316,"date":"2017-09-18T12:47:03","date_gmt":"2017-09-18T12:47:03","guid":{"rendered":"https:\/\/ramib.org\/oficial\/index.php\/sessio-cientifica-03-10-2017-infeccion-respiratoria-precoz-en-la-infancia-y-morbilidad-respiratoria-posterior\/"},"modified":"2019-09-02T19:36:01","modified_gmt":"2019-09-02T19:36:01","slug":"sessio-cientifica-03-10-2017-infeccion-respiratoria-precoz-en-la-infancia-y-morbilidad-respiratoria-posterior","status":"publish","type":"post","link":"https:\/\/ramib.org\/oficial\/index.php\/2017\/09\/18\/sessio-cientifica-03-10-2017-infeccion-respiratoria-precoz-en-la-infancia-y-morbilidad-respiratoria-posterior\/","title":{"rendered":"Sessi\u00f3 cient\u00edfica 03\/10\/2017: &#8220;Infecci\u00f3n respiratoria precoz en la infancia y morbilidad respiratoria posterior\u201d"},"content":{"rendered":"<p>&nbsp;<\/p>\n<p style=\"text-align: justify;\"><span style=\"font-family: verdana, geneva; font-size: 10pt;\">Sessi\u00f3 cient\u00edfica. &#8211; Dia 3 d&#8217;octubre es va celebrar a la seu acad\u00e8mica de Can Campaner la sessi\u00f3 cient\u00edfica &#8220;Infecci\u00f3 respirat\u00f2ria preco\u00e7 en la inf\u00e0ncia i morbiditat respirat\u00f2ria posterior&#8221;.<\/span><\/p>\n<p><span style=\"font-size: 10pt;\"><\/span><\/p>\n<p>  <!--more-->  <\/p>\n<p style=\"text-align: justify;\"><span style=\"font-family: verdana, geneva; font-size: 10pt;\">Va presentar al conferenciant LA acad\u00e8mic numerari Dra. Joana Maria Rom\u00e1n Pi\u00f1ana el col\u00b7loqui el Sr. president de la RAMIB.<\/span><\/p>\n<p><img decoding=\"async\" src=\"images\/noticies\/2017\/Dr.gonzalez1.JPG\" alt=\"Dr.gonzalez1\" style=\"display: block; margin-left: auto; margin-right: auto;\" \/><\/p>\n<p style=\"text-align: justify;\"><span style=\"font-family: verdana, geneva; font-size: 10pt;\">La pon\u00e8ncia va ser portada a c\u00e0rrec del Dr. Eduardo Gonz\u00e1lez P\u00e9rez-Yarza, Acad\u00e8mic Numerari de la Reial Acad\u00e8mia de Medicina de l&#8217;Pa\u00eds Basc. Professor Titular i Cap de Servei de Pediatria. Hospital Universitari Donostia.<\/span><\/p>\n<p><img decoding=\"async\" src=\"images\/noticies\/2017\/Dr.gonzalez3.jpg\" alt=\"Dr.gonzalez3\" style=\"display: block; margin-left: auto; margin-right: auto;\" \/><\/p>\n<p><img decoding=\"async\" src=\"images\/noticies\/2017\/Dr.gonzalez2.JPG\" alt=\"Dr.gonzalez2\" style=\"display: block; margin-left: auto; margin-right: auto;\" \/><\/p>\n<p style=\"text-align: justify;\"><span style=\"font-family: verdana, geneva; font-size: 10pt;\">La pon\u00e8ncia va ser seguida amb gran inter\u00e8s pel p\u00fablic assistent finalitzant amb l&#8217;habitual debat posterior a les pon\u00e8ncies.<\/span><\/p>\n<p><img decoding=\"async\" src=\"images\/noticies\/2017\/Dr.gonzalez5.JPG\" alt=\"Dr.gonzalez5\" style=\"display: block; margin-left: auto; margin-right: auto;\" \/><\/p>\n<p style=\"margin-bottom: 0.0001pt; text-align: justify; line-height: normal;\"><span class=\"textmenu31\" style=\"font-family: verdana, geneva;\"><span style=\"font-size: 10pt; color: windowtext;\"><\/span><\/span><\/p>\n","protected":false},"excerpt":{"rendered":"<p>&nbsp; Sessi\u00f3 cient\u00edfica. &#8211; Dia 3 d&#8217;octubre es va celebrar a la seu acad\u00e8mica de Can Campaner la sessi\u00f3 cient\u00edfica &#8220;Infecci\u00f3 respirat\u00f2ria preco\u00e7 en la inf\u00e0ncia i morbiditat respirat\u00f2ria posterior&#8221;.<\/p>\n","protected":false},"author":3,"featured_media":0,"comment_status":"closed","ping_status":"closed","sticky":false,"template":"","format":"standard","meta":{"_monsterinsights_skip_tracking":false,"_monsterinsights_sitenote_active":false,"_monsterinsights_sitenote_note":"","_monsterinsights_sitenote_category":0,"footnotes":""},"categories":[],"tags":[],"_links":{"self":[{"href":"https:\/\/ramib.org\/oficial\/index.php\/wp-json\/wp\/v2\/posts\/316"}],"collection":[{"href":"https:\/\/ramib.org\/oficial\/index.php\/wp-json\/wp\/v2\/posts"}],"about":[{"href":"https:\/\/ramib.org\/oficial\/index.php\/wp-json\/wp\/v2\/types\/post"}],"author":[{"embeddable":true,"href":"https:\/\/ramib.org\/oficial\/index.php\/wp-json\/wp\/v2\/users\/3"}],"replies":[{"embeddable":true,"href":"https:\/\/ramib.org\/oficial\/index.php\/wp-json\/wp\/v2\/comments?post=316"}],"version-history":[{"count":1,"href":"https:\/\/ramib.org\/oficial\/index.php\/wp-json\/wp\/v2\/posts\/316\/revisions"}],"predecessor-version":[{"id":802,"href":"https:\/\/ramib.org\/oficial\/index.php\/wp-json\/wp\/v2\/posts\/316\/revisions\/802"}],"wp:attachment":[{"href":"https:\/\/ramib.org\/oficial\/index.php\/wp-json\/wp\/v2\/media?parent=316"}],"wp:term":[{"taxonomy":"category","embeddable":true,"href":"https:\/\/ramib.org\/oficial\/index.php\/wp-json\/wp\/v2\/categories?post=316"},{"taxonomy":"post_tag","embeddable":true,"href":"https:\/\/ramib.org\/oficial\/index.php\/wp-json\/wp\/v2\/tags?post=316"}],"curies":[{"name":"wp","href":"https:\/\/api.w.org\/{rel}","templated":true}]}}