{"id":314,"date":"2017-06-21T11:51:01","date_gmt":"2017-06-21T11:51:01","guid":{"rendered":"https:\/\/ramib.org\/oficial\/index.php\/sesion-cientifica-04-07-2017-nuevos-avances-en-alergologia\/"},"modified":"2020-03-08T19:25:30","modified_gmt":"2020-03-08T19:25:30","slug":"sesion-cientifica-04-07-2017-nuevos-avances-en-alergologia","status":"publish","type":"post","link":"https:\/\/ramib.org\/oficial\/index.php\/2017\/06\/21\/sesion-cientifica-04-07-2017-nuevos-avances-en-alergologia\/","title":{"rendered":"Sesi\u00f3n cient\u00edfica 04\/07\/2017: &#8220;Nuevos avances en alergolog\u00eda&#8221;"},"content":{"rendered":"<p>&nbsp;<\/p>\n<p>&nbsp;<\/p>\n<p style=\"margin-bottom: 0.0001pt; text-align: justify; background-image: initial; background-position: initial; background-repeat: initial; background-attachment: initial;\"><span style=\"font-size: 10pt; line-height: 115%; font-family: Verdana, sans-serif;\">D\u00eda 4 de julio se celebr\u00f3 en la sede acad\u00e9mica de Can Campaner la sesi\u00f3n cient\u00edfica &#8220;Nuevos avances en alergolog\u00eda\u201d.<\/span><\/p>\n<p>&nbsp;<\/p>\n<p>  <!--more-->  <\/p>\n<p style=\"margin-bottom: 0.0001pt; text-align: justify; background-image: initial; background-position: initial; background-repeat: initial; background-attachment: initial;\"><span style=\"font-size: 10pt; line-height: 115%; font-family: Verdana, sans-serif;\">Present\u00f3 al conferenciante el acad\u00e9mico numerario Dr. Juan March Noguera y moder\u00f3 el coloquio el Sr. presidente de la RAMIB.<\/span><\/p>\n<p><img decoding=\"async\" src=\"images\/noticies\/2017\/Dr.Oehling2.jpg\" alt=\"Dr.Oehling2\" style=\"display: block; margin: 6px auto 3px;\" \/><\/p>\n<p style=\"margin-bottom: 0.0001pt; text-align: justify; background-image: initial; background-position: initial; background-repeat: initial; background-attachment: initial;\"><span style=\"font-size: 10pt; line-height: 115%; font-family: Verdana, sans-serif;\">La ponencia fue llevada a cargo del Dr. Albert Oehling, Presidente de la Sociedad Balear de alergolog\u00eda y Director del Centro de alergia y asma balear.<\/span><\/p>\n<p><img decoding=\"async\" src=\"images\/noticies\/2017\/Dr.Oehling1.jpg\" alt=\"Dr.Oehling1\" style=\"display: block; margin: 6px auto 3px;\" \/><\/p>\n<p><img decoding=\"async\" src=\"images\/noticies\/2017\/Dr.Oehling3.jpg\" alt=\"Dr.Oehling3\" style=\"display: block; margin-left: auto; margin-right: auto;\" \/><\/p>\n<p style=\"margin-bottom: 0.0001pt; text-align: justify; background-image: initial; background-position: initial; background-repeat: initial; background-attachment: initial;\"><span style=\"font-size: 10pt; line-height: 115%; font-family: Verdana, sans-serif; color: #222222;\">La ponencia fue seguida con gran inter\u00e9s por el p\u00fablico asistente finalizando con el habitual debate posterior a las ponencias.<\/span><\/p>\n<p><img decoding=\"async\" src=\"images\/noticies\/2017\/Dr.Oehling4.jpg\" alt=\"Dr.Oehling4\" style=\"display: block; margin: 6px auto 3px;\" \/><\/p>\n<p style=\"text-align: justify;\"><span style=\"font-family: verdana, geneva; font-size: 10pt;\"><\/span><\/p>\n","protected":false},"excerpt":{"rendered":"<p>&nbsp; &nbsp; D\u00eda 4 de julio se celebr\u00f3 en la sede acad\u00e9mica de Can Campaner la sesi\u00f3n cient\u00edfica &#8220;Nuevos avances en alergolog\u00eda\u201d. &nbsp;<\/p>\n","protected":false},"author":3,"featured_media":0,"comment_status":"closed","ping_status":"closed","sticky":false,"template":"","format":"standard","meta":{"_monsterinsights_skip_tracking":false,"_monsterinsights_sitenote_active":false,"_monsterinsights_sitenote_note":"","_monsterinsights_sitenote_category":0,"footnotes":""},"categories":[24,172,17],"tags":[],"_links":{"self":[{"href":"https:\/\/ramib.org\/oficial\/index.php\/wp-json\/wp\/v2\/posts\/314"}],"collection":[{"href":"https:\/\/ramib.org\/oficial\/index.php\/wp-json\/wp\/v2\/posts"}],"about":[{"href":"https:\/\/ramib.org\/oficial\/index.php\/wp-json\/wp\/v2\/types\/post"}],"author":[{"embeddable":true,"href":"https:\/\/ramib.org\/oficial\/index.php\/wp-json\/wp\/v2\/users\/3"}],"replies":[{"embeddable":true,"href":"https:\/\/ramib.org\/oficial\/index.php\/wp-json\/wp\/v2\/comments?post=314"}],"version-history":[{"count":1,"href":"https:\/\/ramib.org\/oficial\/index.php\/wp-json\/wp\/v2\/posts\/314\/revisions"}],"predecessor-version":[{"id":803,"href":"https:\/\/ramib.org\/oficial\/index.php\/wp-json\/wp\/v2\/posts\/314\/revisions\/803"}],"wp:attachment":[{"href":"https:\/\/ramib.org\/oficial\/index.php\/wp-json\/wp\/v2\/media?parent=314"}],"wp:term":[{"taxonomy":"category","embeddable":true,"href":"https:\/\/ramib.org\/oficial\/index.php\/wp-json\/wp\/v2\/categories?post=314"},{"taxonomy":"post_tag","embeddable":true,"href":"https:\/\/ramib.org\/oficial\/index.php\/wp-json\/wp\/v2\/tags?post=314"}],"curies":[{"name":"wp","href":"https:\/\/api.w.org\/{rel}","templated":true}]}}