{"id":3135,"date":"2021-11-29T12:41:00","date_gmt":"2021-11-29T12:41:00","guid":{"rendered":"https:\/\/ramib.org\/oficial\/?p=3135"},"modified":"2022-11-19T12:44:47","modified_gmt":"2022-11-19T12:44:47","slug":"presentacion-del-libro-el-zaguan-de-la-eternidad-de-jesus-a-garcia-sevilla","status":"publish","type":"post","link":"https:\/\/ramib.org\/oficial\/index.php\/2021\/11\/29\/presentacion-del-libro-el-zaguan-de-la-eternidad-de-jesus-a-garcia-sevilla\/?lang=es","title":{"rendered":"Presentaci\u00f3n del libro &#8220;El zagu\u00e1n de la eternidad&#8221; de Jes\u00fas A. Garc\u00eda Sevilla."},"content":{"rendered":"<p style=\"text-align: justify;\">El pasado 29 de noviembre se llev\u00f3 a cabo, en el sal\u00f3n de actos de la RAMIB, la presentaci\u00f3n del libro &#8220;El zagu\u00e1n de la eternidad&#8221; de Jes\u00fas A. Garc\u00eda Sevilla<img loading=\"lazy\" decoding=\"async\" class=\"aligncenter size-full wp-image-3127\" src=\"https:\/\/ramib.org\/oficial\/wp-content\/uploads\/2021\/12\/GarciaSevilla1.jpg\" alt=\"\" width=\"1024\" height=\"683\" srcset=\"https:\/\/ramib.org\/oficial\/wp-content\/uploads\/2021\/12\/GarciaSevilla1.jpg 1024w, https:\/\/ramib.org\/oficial\/wp-content\/uploads\/2021\/12\/GarciaSevilla1-300x200.jpg 300w, https:\/\/ramib.org\/oficial\/wp-content\/uploads\/2021\/12\/GarciaSevilla1-768x512.jpg 768w, https:\/\/ramib.org\/oficial\/wp-content\/uploads\/2021\/12\/GarciaSevilla1-696x464.jpg 696w, https:\/\/ramib.org\/oficial\/wp-content\/uploads\/2021\/12\/GarciaSevilla1-630x420.jpg 630w\" sizes=\"(max-width: 1024px) 100vw, 1024px\" \/>.<\/p>\n<p style=\"text-align: justify;\">Abri\u00f3 el acto el Presidente de la RAMIB, Excmo. Sr. Maci\u00e0 Tom\u00e0s Salv\u00e0 otorgando la palabra a la Dra. Pilar Andr\u00e9s, Catedr\u00e1tica de Psicolog\u00eda de la Universitat de les Illes Balears, para hacer una primera presentaci\u00f3n del libro y del autor.<\/p>\n<p><img loading=\"lazy\" decoding=\"async\" class=\"aligncenter size-full wp-image-3129\" src=\"https:\/\/ramib.org\/oficial\/wp-content\/uploads\/2021\/12\/GarciaSevilla2.jpg\" alt=\"\" width=\"1024\" height=\"683\" srcset=\"https:\/\/ramib.org\/oficial\/wp-content\/uploads\/2021\/12\/GarciaSevilla2.jpg 1024w, https:\/\/ramib.org\/oficial\/wp-content\/uploads\/2021\/12\/GarciaSevilla2-300x200.jpg 300w, https:\/\/ramib.org\/oficial\/wp-content\/uploads\/2021\/12\/GarciaSevilla2-768x512.jpg 768w, https:\/\/ramib.org\/oficial\/wp-content\/uploads\/2021\/12\/GarciaSevilla2-696x464.jpg 696w, https:\/\/ramib.org\/oficial\/wp-content\/uploads\/2021\/12\/GarciaSevilla2-630x420.jpg 630w\" sizes=\"(max-width: 1024px) 100vw, 1024px\" \/> <img loading=\"lazy\" decoding=\"async\" class=\"aligncenter size-full wp-image-3131\" src=\"https:\/\/ramib.org\/oficial\/wp-content\/uploads\/2021\/12\/GarciaSevilla3.jpg\" alt=\"\" width=\"1024\" height=\"683\" srcset=\"https:\/\/ramib.org\/oficial\/wp-content\/uploads\/2021\/12\/GarciaSevilla3.jpg 1024w, https:\/\/ramib.org\/oficial\/wp-content\/uploads\/2021\/12\/GarciaSevilla3-300x200.jpg 300w, https:\/\/ramib.org\/oficial\/wp-content\/uploads\/2021\/12\/GarciaSevilla3-768x512.jpg 768w, https:\/\/ramib.org\/oficial\/wp-content\/uploads\/2021\/12\/GarciaSevilla3-696x464.jpg 696w, https:\/\/ramib.org\/oficial\/wp-content\/uploads\/2021\/12\/GarciaSevilla3-630x420.jpg 630w\" sizes=\"(max-width: 1024px) 100vw, 1024px\" \/><\/p>\n<p style=\"text-align: justify;\">Seguidamente el Dr. Jes\u00fas A. Garc\u00eda Sevilla hizo su intervenci\u00f3n.<\/p>\n<p style=\"text-align: justify;\">El zagu\u00e1n de la eternidad es el t\u00edtulo de la nueva novela del doctor Garc\u00eda Sevilla, investigador colaborador de la Universitat de les Illes Balears y miembro del grupo de investigaci\u00f3n en Neurofarmacologia. La obra es una combinaci\u00f3n de novela y ensayo sobre la vejez, que incluye, en la vertiente m\u00e1s de ensayo, la fisiolog\u00eda y la patolog\u00eda del envejecimiento del Homo sapiens.<\/p>\n<p><img loading=\"lazy\" decoding=\"async\" class=\"aligncenter size-full wp-image-3133\" src=\"https:\/\/ramib.org\/oficial\/wp-content\/uploads\/2021\/12\/GarciaSevilla4.jpg\" alt=\"\" width=\"1024\" height=\"683\" srcset=\"https:\/\/ramib.org\/oficial\/wp-content\/uploads\/2021\/12\/GarciaSevilla4.jpg 1024w, https:\/\/ramib.org\/oficial\/wp-content\/uploads\/2021\/12\/GarciaSevilla4-300x200.jpg 300w, https:\/\/ramib.org\/oficial\/wp-content\/uploads\/2021\/12\/GarciaSevilla4-768x512.jpg 768w, https:\/\/ramib.org\/oficial\/wp-content\/uploads\/2021\/12\/GarciaSevilla4-696x464.jpg 696w, https:\/\/ramib.org\/oficial\/wp-content\/uploads\/2021\/12\/GarciaSevilla4-630x420.jpg 630w\" sizes=\"(max-width: 1024px) 100vw, 1024px\" \/><\/p>\n<p style=\"text-align: justify;\">En el contenido de ensayo del libro, se estudian con rigor acad\u00e9mico varios aspectos de la vejez y de la demencia, desde la antig\u00fcedad hipocr\u00e1tica hasta el siglo XIX, con la llegada de la neurociencia moderna y la doctrina neuronal, especialmente los procesos neurodegenerativos, como por ejemplo el Alzheimer, y, en segundo lugar, la demencia de origen vascular, claramente asociada a la muerte de neuronas. El ensayo tambi\u00e9n es un estudio detallado de los medicamentos que se administran actualmente en el tratamiento del Alzheimer.<\/p>\n<p><img loading=\"lazy\" decoding=\"async\" class=\"aligncenter size-full wp-image-3121\" src=\"https:\/\/ramib.org\/oficial\/wp-content\/uploads\/2021\/12\/GarciaSevilla6.jpg\" alt=\"\" width=\"1024\" height=\"683\" srcset=\"https:\/\/ramib.org\/oficial\/wp-content\/uploads\/2021\/12\/GarciaSevilla6.jpg 1024w, https:\/\/ramib.org\/oficial\/wp-content\/uploads\/2021\/12\/GarciaSevilla6-300x200.jpg 300w, https:\/\/ramib.org\/oficial\/wp-content\/uploads\/2021\/12\/GarciaSevilla6-768x512.jpg 768w, https:\/\/ramib.org\/oficial\/wp-content\/uploads\/2021\/12\/GarciaSevilla6-696x464.jpg 696w, https:\/\/ramib.org\/oficial\/wp-content\/uploads\/2021\/12\/GarciaSevilla6-630x420.jpg 630w\" sizes=\"(max-width: 1024px) 100vw, 1024px\" \/><\/p>\n<p style=\"text-align: justify;\">En la parte de novela, la acci\u00f3n transcurre en Ginebra y durante tres a\u00f1os. En la narraci\u00f3n, el juez Daniel Alarc\u00f3n sufrir\u00e1 tres molestos insomnios, y, en forma de soliloquio, divagar\u00e1 sobre temas muy diversos, incluyendo problemas de salud propios de la edad, pero principalmente sobre la comprensi\u00f3n del inaccesible concepto de eternidad. A lo largo de la obra, las reflexiones del personaje, que son las del autor, iluminaran el lector sobre aquello que la ciencia puede aportar para hacer una pasa que contin\u00faa siendo inasumible por el ser humano.<\/p>\n<p><img loading=\"lazy\" decoding=\"async\" class=\"aligncenter size-full wp-image-3119\" src=\"https:\/\/ramib.org\/oficial\/wp-content\/uploads\/2021\/12\/GarciaSevilla5.jpg\" alt=\"\" width=\"1024\" height=\"683\" srcset=\"https:\/\/ramib.org\/oficial\/wp-content\/uploads\/2021\/12\/GarciaSevilla5.jpg 1024w, https:\/\/ramib.org\/oficial\/wp-content\/uploads\/2021\/12\/GarciaSevilla5-300x200.jpg 300w, https:\/\/ramib.org\/oficial\/wp-content\/uploads\/2021\/12\/GarciaSevilla5-768x512.jpg 768w, https:\/\/ramib.org\/oficial\/wp-content\/uploads\/2021\/12\/GarciaSevilla5-696x464.jpg 696w, https:\/\/ramib.org\/oficial\/wp-content\/uploads\/2021\/12\/GarciaSevilla5-630x420.jpg 630w\" sizes=\"(max-width: 1024px) 100vw, 1024px\" \/><\/p>\n<p>Una vez finalizada la presentaci\u00f3n el autor contest\u00f3 las consultas planteadas por el p\u00fablico asistente en el coloquio habitual.<\/p>\n<p><img loading=\"lazy\" decoding=\"async\" class=\"aligncenter size-full wp-image-3123\" src=\"https:\/\/ramib.org\/oficial\/wp-content\/uploads\/2021\/12\/GarciaSevilla7.jpg\" alt=\"\" width=\"1024\" height=\"683\" srcset=\"https:\/\/ramib.org\/oficial\/wp-content\/uploads\/2021\/12\/GarciaSevilla7.jpg 1024w, https:\/\/ramib.org\/oficial\/wp-content\/uploads\/2021\/12\/GarciaSevilla7-300x200.jpg 300w, https:\/\/ramib.org\/oficial\/wp-content\/uploads\/2021\/12\/GarciaSevilla7-768x512.jpg 768w, https:\/\/ramib.org\/oficial\/wp-content\/uploads\/2021\/12\/GarciaSevilla7-696x464.jpg 696w, https:\/\/ramib.org\/oficial\/wp-content\/uploads\/2021\/12\/GarciaSevilla7-630x420.jpg 630w\" sizes=\"(max-width: 1024px) 100vw, 1024px\" \/><\/p>\n","protected":false},"excerpt":{"rendered":"<p>El pasado 29 de noviembre se llev\u00f3 a cabo, en el sal\u00f3n de actos de la RAMIB, la presentaci\u00f3n del libro &#8220;El zagu\u00e1n de la eternidad&#8221; de Jes\u00fas A. Garc\u00eda [&hellip;]<\/p>\n","protected":false},"author":3,"featured_media":3125,"comment_status":"open","ping_status":"closed","sticky":false,"template":"","format":"standard","meta":{"_monsterinsights_skip_tracking":false,"_monsterinsights_sitenote_active":false,"_monsterinsights_sitenote_note":"","_monsterinsights_sitenote_category":0,"footnotes":""},"categories":[14,24,194],"tags":[251,252],"_links":{"self":[{"href":"https:\/\/ramib.org\/oficial\/index.php\/wp-json\/wp\/v2\/posts\/3135"}],"collection":[{"href":"https:\/\/ramib.org\/oficial\/index.php\/wp-json\/wp\/v2\/posts"}],"about":[{"href":"https:\/\/ramib.org\/oficial\/index.php\/wp-json\/wp\/v2\/types\/post"}],"author":[{"embeddable":true,"href":"https:\/\/ramib.org\/oficial\/index.php\/wp-json\/wp\/v2\/users\/3"}],"replies":[{"embeddable":true,"href":"https:\/\/ramib.org\/oficial\/index.php\/wp-json\/wp\/v2\/comments?post=3135"}],"version-history":[{"count":1,"href":"https:\/\/ramib.org\/oficial\/index.php\/wp-json\/wp\/v2\/posts\/3135\/revisions"}],"predecessor-version":[{"id":3136,"href":"https:\/\/ramib.org\/oficial\/index.php\/wp-json\/wp\/v2\/posts\/3135\/revisions\/3136"}],"wp:featuredmedia":[{"embeddable":true,"href":"https:\/\/ramib.org\/oficial\/index.php\/wp-json\/wp\/v2\/media\/3125"}],"wp:attachment":[{"href":"https:\/\/ramib.org\/oficial\/index.php\/wp-json\/wp\/v2\/media?parent=3135"}],"wp:term":[{"taxonomy":"category","embeddable":true,"href":"https:\/\/ramib.org\/oficial\/index.php\/wp-json\/wp\/v2\/categories?post=3135"},{"taxonomy":"post_tag","embeddable":true,"href":"https:\/\/ramib.org\/oficial\/index.php\/wp-json\/wp\/v2\/tags?post=3135"}],"curies":[{"name":"wp","href":"https:\/\/api.w.org\/{rel}","templated":true}]}}