{"id":3117,"date":"2021-11-29T12:31:00","date_gmt":"2021-11-29T12:31:00","guid":{"rendered":"https:\/\/ramib.org\/oficial\/?p=3117"},"modified":"2021-12-27T12:47:19","modified_gmt":"2021-12-27T12:47:19","slug":"presentacio-del-llibre-el-zaguan-de-la-eternidad-de-jesus-a-garcia-sevilla","status":"publish","type":"post","link":"https:\/\/ramib.org\/oficial\/index.php\/2021\/11\/29\/presentacio-del-llibre-el-zaguan-de-la-eternidad-de-jesus-a-garcia-sevilla\/","title":{"rendered":"Presentaci\u00f3 del llibre &#8220;El zagu\u00e1n de la eternidad&#8221; de Jes\u00fas A. Garc\u00eda Sevilla."},"content":{"rendered":"<p style=\"text-align: justify;\">El passat 29 de novembre es va dur a terme, al sal\u00f3 d\u2019actes de la RAMIB, la presentaci\u00f3 del llibre &#8220;El zagu\u00e1n de la eternidad&#8221; de Jes\u00fas A. Garc\u00eda Sevilla.<\/p>\n<p><img loading=\"lazy\" decoding=\"async\" class=\"aligncenter size-full wp-image-3126\" src=\"https:\/\/ramib.org\/oficial\/wp-content\/uploads\/2021\/12\/GarciaSevilla1.jpg\" alt=\"\" width=\"1024\" height=\"683\" srcset=\"https:\/\/ramib.org\/oficial\/wp-content\/uploads\/2021\/12\/GarciaSevilla1.jpg 1024w, https:\/\/ramib.org\/oficial\/wp-content\/uploads\/2021\/12\/GarciaSevilla1-300x200.jpg 300w, https:\/\/ramib.org\/oficial\/wp-content\/uploads\/2021\/12\/GarciaSevilla1-768x512.jpg 768w, https:\/\/ramib.org\/oficial\/wp-content\/uploads\/2021\/12\/GarciaSevilla1-696x464.jpg 696w, https:\/\/ramib.org\/oficial\/wp-content\/uploads\/2021\/12\/GarciaSevilla1-630x420.jpg 630w\" sizes=\"(max-width: 1024px) 100vw, 1024px\" \/><\/p>\n<p style=\"text-align: justify;\">Va obrir l&#8217;acte el President de la RAMIB, Excm. Sr. Maci\u00e0 Tom\u00e0s Salv\u00e0 atorgant la paraula a la Dra. Pilar Andr\u00e9s, Catedr\u00e0tica de Psicologia de la Universitat de les Illes Balears, per tal de fer una primera presentaci\u00f3 del llibre i de l\u2019autor.<\/p>\n<p><img loading=\"lazy\" decoding=\"async\" class=\"aligncenter size-full wp-image-3128\" src=\"https:\/\/ramib.org\/oficial\/wp-content\/uploads\/2021\/12\/GarciaSevilla2.jpg\" alt=\"\" width=\"1024\" height=\"683\" srcset=\"https:\/\/ramib.org\/oficial\/wp-content\/uploads\/2021\/12\/GarciaSevilla2.jpg 1024w, https:\/\/ramib.org\/oficial\/wp-content\/uploads\/2021\/12\/GarciaSevilla2-300x200.jpg 300w, https:\/\/ramib.org\/oficial\/wp-content\/uploads\/2021\/12\/GarciaSevilla2-768x512.jpg 768w, https:\/\/ramib.org\/oficial\/wp-content\/uploads\/2021\/12\/GarciaSevilla2-696x464.jpg 696w, https:\/\/ramib.org\/oficial\/wp-content\/uploads\/2021\/12\/GarciaSevilla2-630x420.jpg 630w\" sizes=\"(max-width: 1024px) 100vw, 1024px\" \/> <img loading=\"lazy\" decoding=\"async\" class=\"aligncenter size-full wp-image-3130\" src=\"https:\/\/ramib.org\/oficial\/wp-content\/uploads\/2021\/12\/GarciaSevilla3.jpg\" alt=\"\" width=\"1024\" height=\"683\" srcset=\"https:\/\/ramib.org\/oficial\/wp-content\/uploads\/2021\/12\/GarciaSevilla3.jpg 1024w, https:\/\/ramib.org\/oficial\/wp-content\/uploads\/2021\/12\/GarciaSevilla3-300x200.jpg 300w, https:\/\/ramib.org\/oficial\/wp-content\/uploads\/2021\/12\/GarciaSevilla3-768x512.jpg 768w, https:\/\/ramib.org\/oficial\/wp-content\/uploads\/2021\/12\/GarciaSevilla3-696x464.jpg 696w, https:\/\/ramib.org\/oficial\/wp-content\/uploads\/2021\/12\/GarciaSevilla3-630x420.jpg 630w\" sizes=\"(max-width: 1024px) 100vw, 1024px\" \/><\/p>\n<p style=\"text-align: justify;\">Seguidament el Dr. Jes\u00fas A. Garc\u00eda Sevilla va fer la seva intervenci\u00f3.<\/p>\n<p style=\"text-align: justify;\">El zagu\u00e1n de la eternidad \u00e9s el t\u00edtol de la nova novel\u00b7la del doctor Garc\u00eda Sevilla, investigador col\u00b7laborador de la Universitat de les Illes Balears i membre del grup de recerca en Neurofarmacologia. L\u2019obra \u00e9s una combinaci\u00f3 de novel\u00b7la i assaig sobre la vellesa, que inclou, en el vessant m\u00e9s d\u2019assaig, la fisiologia i la patologia de l\u2019envelliment de l\u2019Homo sapiens.<\/p>\n<p><img loading=\"lazy\" decoding=\"async\" class=\"aligncenter size-full wp-image-3132\" src=\"https:\/\/ramib.org\/oficial\/wp-content\/uploads\/2021\/12\/GarciaSevilla4.jpg\" alt=\"\" width=\"1024\" height=\"683\" srcset=\"https:\/\/ramib.org\/oficial\/wp-content\/uploads\/2021\/12\/GarciaSevilla4.jpg 1024w, https:\/\/ramib.org\/oficial\/wp-content\/uploads\/2021\/12\/GarciaSevilla4-300x200.jpg 300w, https:\/\/ramib.org\/oficial\/wp-content\/uploads\/2021\/12\/GarciaSevilla4-768x512.jpg 768w, https:\/\/ramib.org\/oficial\/wp-content\/uploads\/2021\/12\/GarciaSevilla4-696x464.jpg 696w, https:\/\/ramib.org\/oficial\/wp-content\/uploads\/2021\/12\/GarciaSevilla4-630x420.jpg 630w\" sizes=\"(max-width: 1024px) 100vw, 1024px\" \/><\/p>\n<p style=\"text-align: justify;\">En el contingut d\u2019assaig del llibre, s\u2019estudien amb rigor acad\u00e8mic diversos aspectes de la vellesa i de la dem\u00e8ncia, des de l\u2019antiguitat hipocr\u00e0tica fins al segle XIX, amb l\u2019arribada de la neuroci\u00e8ncia moderna i la doctrina neuronal, especialment els processos neurodegeneratius, com ara l\u2019Alzheimer, i, en segon lloc, la dem\u00e8ncia d\u2019origen vascular, clarament associada a la mort de neurones. L\u2019assaig tamb\u00e9 \u00e9s un estudi detallat dels medicaments que s\u2019administren actualment en el tractament de l\u2019Alzheimer.<\/p>\n<p><img loading=\"lazy\" decoding=\"async\" class=\"aligncenter size-full wp-image-3120\" src=\"https:\/\/ramib.org\/oficial\/wp-content\/uploads\/2021\/12\/GarciaSevilla6.jpg\" alt=\"\" width=\"1024\" height=\"683\" srcset=\"https:\/\/ramib.org\/oficial\/wp-content\/uploads\/2021\/12\/GarciaSevilla6.jpg 1024w, https:\/\/ramib.org\/oficial\/wp-content\/uploads\/2021\/12\/GarciaSevilla6-300x200.jpg 300w, https:\/\/ramib.org\/oficial\/wp-content\/uploads\/2021\/12\/GarciaSevilla6-768x512.jpg 768w, https:\/\/ramib.org\/oficial\/wp-content\/uploads\/2021\/12\/GarciaSevilla6-696x464.jpg 696w, https:\/\/ramib.org\/oficial\/wp-content\/uploads\/2021\/12\/GarciaSevilla6-630x420.jpg 630w\" sizes=\"(max-width: 1024px) 100vw, 1024px\" \/><\/p>\n<p style=\"text-align: justify;\">En la part de novel\u00b7la, l\u2019acci\u00f3 transcorre a Ginebra i durant tres anys. En la narraci\u00f3, el jutge Daniel Alarc\u00f3n patir\u00e0 tres molests insomnis, i, en forma de soliloqui, divagar\u00e0 sobre temes molt diversos, incloent-hi problemes de salut propis de l\u2019edat, per\u00f2 principalment sobre la comprensi\u00f3 de l\u2019inaccessible concepte d\u2019eternitat.<\/p>\n<p><img loading=\"lazy\" decoding=\"async\" class=\"aligncenter size-full wp-image-3118\" src=\"https:\/\/ramib.org\/oficial\/wp-content\/uploads\/2021\/12\/GarciaSevilla5.jpg\" alt=\"\" width=\"1024\" height=\"683\" srcset=\"https:\/\/ramib.org\/oficial\/wp-content\/uploads\/2021\/12\/GarciaSevilla5.jpg 1024w, https:\/\/ramib.org\/oficial\/wp-content\/uploads\/2021\/12\/GarciaSevilla5-300x200.jpg 300w, https:\/\/ramib.org\/oficial\/wp-content\/uploads\/2021\/12\/GarciaSevilla5-768x512.jpg 768w, https:\/\/ramib.org\/oficial\/wp-content\/uploads\/2021\/12\/GarciaSevilla5-696x464.jpg 696w, https:\/\/ramib.org\/oficial\/wp-content\/uploads\/2021\/12\/GarciaSevilla5-630x420.jpg 630w\" sizes=\"(max-width: 1024px) 100vw, 1024px\" \/><\/p>\n<p style=\"text-align: justify;\">Al llarg de l\u2019obra, les reflexions del personatge, que s\u00f3n les de l\u2019autor, il\u00b7luminaran el lector sobre all\u00f2 que la ci\u00e8ncia pot aportar per fer una passa que continua essent inassumible per l\u2019\u00e9sser hum\u00e0.<\/p>\n<p>Una vegada finalitzada la presentaci\u00f3 l&#8217;autor va respondre als dubtes del p\u00fablic assistent en l&#8217;habitual col\u00b7loqui posterior.<\/p>\n<p><img loading=\"lazy\" decoding=\"async\" class=\"aligncenter size-full wp-image-3122\" src=\"https:\/\/ramib.org\/oficial\/wp-content\/uploads\/2021\/12\/GarciaSevilla7.jpg\" alt=\"\" width=\"1024\" height=\"683\" srcset=\"https:\/\/ramib.org\/oficial\/wp-content\/uploads\/2021\/12\/GarciaSevilla7.jpg 1024w, https:\/\/ramib.org\/oficial\/wp-content\/uploads\/2021\/12\/GarciaSevilla7-300x200.jpg 300w, https:\/\/ramib.org\/oficial\/wp-content\/uploads\/2021\/12\/GarciaSevilla7-768x512.jpg 768w, https:\/\/ramib.org\/oficial\/wp-content\/uploads\/2021\/12\/GarciaSevilla7-696x464.jpg 696w, https:\/\/ramib.org\/oficial\/wp-content\/uploads\/2021\/12\/GarciaSevilla7-630x420.jpg 630w\" sizes=\"(max-width: 1024px) 100vw, 1024px\" \/><\/p>\n","protected":false},"excerpt":{"rendered":"<p>El passat 29 de novembre es va dur a terme, al sal\u00f3 d\u2019actes de la RAMIB, la presentaci\u00f3 del llibre &#8220;El zagu\u00e1n de la eternidad&#8221; de Jes\u00fas A. Garc\u00eda Sevilla. [&hellip;]<\/p>\n","protected":false},"author":3,"featured_media":3124,"comment_status":"open","ping_status":"closed","sticky":false,"template":"","format":"standard","meta":{"_monsterinsights_skip_tracking":false,"_monsterinsights_sitenote_active":false,"_monsterinsights_sitenote_note":"","_monsterinsights_sitenote_category":0,"footnotes":""},"categories":[14,24,194,17],"tags":[251],"_links":{"self":[{"href":"https:\/\/ramib.org\/oficial\/index.php\/wp-json\/wp\/v2\/posts\/3117"}],"collection":[{"href":"https:\/\/ramib.org\/oficial\/index.php\/wp-json\/wp\/v2\/posts"}],"about":[{"href":"https:\/\/ramib.org\/oficial\/index.php\/wp-json\/wp\/v2\/types\/post"}],"author":[{"embeddable":true,"href":"https:\/\/ramib.org\/oficial\/index.php\/wp-json\/wp\/v2\/users\/3"}],"replies":[{"embeddable":true,"href":"https:\/\/ramib.org\/oficial\/index.php\/wp-json\/wp\/v2\/comments?post=3117"}],"version-history":[{"count":2,"href":"https:\/\/ramib.org\/oficial\/index.php\/wp-json\/wp\/v2\/posts\/3117\/revisions"}],"predecessor-version":[{"id":3137,"href":"https:\/\/ramib.org\/oficial\/index.php\/wp-json\/wp\/v2\/posts\/3117\/revisions\/3137"}],"wp:featuredmedia":[{"embeddable":true,"href":"https:\/\/ramib.org\/oficial\/index.php\/wp-json\/wp\/v2\/media\/3124"}],"wp:attachment":[{"href":"https:\/\/ramib.org\/oficial\/index.php\/wp-json\/wp\/v2\/media?parent=3117"}],"wp:term":[{"taxonomy":"category","embeddable":true,"href":"https:\/\/ramib.org\/oficial\/index.php\/wp-json\/wp\/v2\/categories?post=3117"},{"taxonomy":"post_tag","embeddable":true,"href":"https:\/\/ramib.org\/oficial\/index.php\/wp-json\/wp\/v2\/tags?post=3117"}],"curies":[{"name":"wp","href":"https:\/\/api.w.org\/{rel}","templated":true}]}}