{"id":31,"date":"2013-01-24T11:52:26","date_gmt":"2013-01-24T11:52:26","guid":{"rendered":"https:\/\/ramib.org\/oficial\/index.php\/celebracion-de-la-solemne-sesion-inaugural-del-curso-academico-2013\/"},"modified":"2019-09-03T10:23:55","modified_gmt":"2019-09-03T10:23:55","slug":"celebracion-de-la-solemne-sesion-inaugural-del-curso-academico-2013","status":"publish","type":"post","link":"https:\/\/ramib.org\/oficial\/index.php\/2013\/01\/24\/celebracion-de-la-solemne-sesion-inaugural-del-curso-academico-2013\/","title":{"rendered":"Celebraci\u00f3n de la Solemne Sesi\u00f3n Inaugural del Curso Acad\u00e9mico 2013"},"content":{"rendered":"<p><span class=\"cargoMiembro\">Convocat\u00f2ria de la Solemne Sessi\u00f3 Inaugural del Curs Acad\u00e8mic 2013. La Academia se reunir\u00e1 el jueves d\u00eda 24 de enero de 2013, a las 19.00 horas, en la sede de la Conseller\u00eda de Salud, Familia y Bienestar Social y, sede de la Reial Acad\u00e8mia de Medicina, en sesi\u00f3n solemne, para llevar a cabo el siguiente orden del d\u00eda: Punto \u00fanico. Celebraci\u00f3n de la Solemne Sesi\u00f3n Inaugural del Curso Acad\u00e9mico 2013. <br \/><\/span><\/p>\n<p>  <!--more-->  <\/p>\n<p><span class=\"cargoMiembro\"><strong>Convocat\u00f2ria de\u00a0la Solemne Sessi\u00f3 Inaugural\u00a0del Curs Acad\u00e8mic 2013.<\/strong><\/span><\/p>\n<p>L\u2019Acad\u00e8mia es reunir\u00e0 el dijous dia 24 de gener de\u00a02013, a\u00a0les 19.00 hores, a la seu de la Conselleria de Salut, Fam\u00edlia i Benestar Social i seu de\u00a0la Reial Acad\u00e8mia\u00a0de Medicina, carrer Can Campaner n\u00fam. 4 de Palma, en sessi\u00f3 solemne, per dur a terme el seg\u00fcent ordre del dia:<\/p>\n<p><strong>Punt \u00fanic<\/strong>. <strong><em>Celebraci\u00f3 de\u00a0la Solemne Sessi\u00f3 Inaugural\u00a0del Curs Acad\u00e8mic 2013.<\/em><\/strong><\/p>\n<p>* Lectura de la Mem\u00f2ria del Curs Acad\u00e8mic 2012.<\/p>\n<p>* Lectura de\u00a0la Lli\u00e7\u00f3 Inaugural:\u00a0<strong>&#8220;<em>\u00bf<\/em><\/strong><em><strong>C\u00f3mo evolucion\u00f3 la bipedestaci\u00f3n hasta el ser humano actual?: An\u00e1lisis adaptativo del segmento lumbo-sacro-p\u00e9lvico.\u201d<\/strong><\/em>\u00a0a c\u00e0rrec del M. I. Sr. Dr. Antoni Ca\u00f1ellas Trobat.<\/p>\n<p>* Lliurament dels Premis i Distincions del Curs Acad\u00e8mic 2012.<\/p>\n<p>El que, per ordre de l\u2019Excel\u00b7lent\u00edssim Senyor President us particip, per assistir a la dita sessi\u00f3 solemne.<\/p>\n<p>El Secretari General,<\/p>\n<p>Pere Riutord Sbert<\/p>\n<table width=\"97%\" align=\"center\">\n<tbody>\n<tr>\n<td valign=\"top\" width=\"13%\">\n<h3><span class=\"gris12Oscuro\">Data: <\/span><\/h3>\n<\/td>\n<td valign=\"top\" width=\"87%\">\n<h3>24\/01\/2013<\/h3>\n<\/td>\n<\/tr>\n<tr>\n<td valign=\"top\">\n<h3><span class=\"gris12Oscuro\"> Lloc: <\/span><\/h3>\n<\/td>\n<td valign=\"top\">\n<h3>RAMIB<\/h3>\n<\/td>\n<\/tr>\n<tr>\n<td valign=\"top\">\n<h3><span class=\"gris12Oscuro\"> Hora: <\/span><\/h3>\n<\/td>\n<td valign=\"top\">\n<h3>19: 00<\/h3>\n<\/td>\n<\/tr>\n<\/tbody>\n<\/table>\n","protected":false},"excerpt":{"rendered":"<p>Convocat\u00f2ria de la Solemne Sessi\u00f3 Inaugural del Curs Acad\u00e8mic 2013. La Academia se reunir\u00e1 el jueves d\u00eda 24 de enero de 2013, a las 19.00 horas, en la sede de [&hellip;]<\/p>\n","protected":false},"author":2,"featured_media":0,"comment_status":"closed","ping_status":"closed","sticky":false,"template":"","format":"standard","meta":{"_monsterinsights_skip_tracking":false,"_monsterinsights_sitenote_active":false,"_monsterinsights_sitenote_note":"","_monsterinsights_sitenote_category":0,"footnotes":""},"categories":[],"tags":[],"_links":{"self":[{"href":"https:\/\/ramib.org\/oficial\/index.php\/wp-json\/wp\/v2\/posts\/31"}],"collection":[{"href":"https:\/\/ramib.org\/oficial\/index.php\/wp-json\/wp\/v2\/posts"}],"about":[{"href":"https:\/\/ramib.org\/oficial\/index.php\/wp-json\/wp\/v2\/types\/post"}],"author":[{"embeddable":true,"href":"https:\/\/ramib.org\/oficial\/index.php\/wp-json\/wp\/v2\/users\/2"}],"replies":[{"embeddable":true,"href":"https:\/\/ramib.org\/oficial\/index.php\/wp-json\/wp\/v2\/comments?post=31"}],"version-history":[{"count":1,"href":"https:\/\/ramib.org\/oficial\/index.php\/wp-json\/wp\/v2\/posts\/31\/revisions"}],"predecessor-version":[{"id":993,"href":"https:\/\/ramib.org\/oficial\/index.php\/wp-json\/wp\/v2\/posts\/31\/revisions\/993"}],"wp:attachment":[{"href":"https:\/\/ramib.org\/oficial\/index.php\/wp-json\/wp\/v2\/media?parent=31"}],"wp:term":[{"taxonomy":"category","embeddable":true,"href":"https:\/\/ramib.org\/oficial\/index.php\/wp-json\/wp\/v2\/categories?post=31"},{"taxonomy":"post_tag","embeddable":true,"href":"https:\/\/ramib.org\/oficial\/index.php\/wp-json\/wp\/v2\/tags?post=31"}],"curies":[{"name":"wp","href":"https:\/\/api.w.org\/{rel}","templated":true}]}}