{"id":308,"date":"2017-04-19T13:05:15","date_gmt":"2017-04-19T13:05:15","guid":{"rendered":"https:\/\/ramib.org\/oficial\/index.php\/sessio-cientifica-02-05-2017-la-paralisi-cerebral-un-paradigma-dintre-de-la-salut\/"},"modified":"2019-09-02T19:39:35","modified_gmt":"2019-09-02T19:39:35","slug":"sessio-cientifica-02-05-2017-la-paralisi-cerebral-un-paradigma-dintre-de-la-salut","status":"publish","type":"post","link":"https:\/\/ramib.org\/oficial\/index.php\/2017\/04\/19\/sessio-cientifica-02-05-2017-la-paralisi-cerebral-un-paradigma-dintre-de-la-salut\/","title":{"rendered":"Sessi\u00f3 cient\u00edfica 02\/05\/2017: &#8220;La par\u00e0lisi cerebral: un paradigma dintre de la salut\u201d"},"content":{"rendered":"<p>&nbsp;<\/p>\n<p style=\"text-align: justify;\"><span style=\"font-family: verdana, geneva; font-size: 10pt;\">D\u00eda 2 de maig de 2017, va tenir lloc en la seu de la Reial Acad\u00e8mia de Medicina de les Illes Balears la sessi\u00f3 cient\u00edfica sobre&nbsp;<span lang=\"ca\">&#8220;la par\u00e0lisi cerebral: un paradigma dins de la salut&#8221;.<\/span><\/span><\/p>\n<p>  <!--more-->  <\/p>\n<p style=\"text-align: justify;\"><span style=\"color: #222222; font-family: Verdana, sans-serif; font-size: 10pt; text-align: justify;\">Va presentar a la conferenciant l&#8217;acad\u00e8mic numerari Dr. Pere Riutord Sbert i va moderar el col\u00b7loqui el Sr. president de la RAMIB.<\/span><\/p>\n<p style=\"font-size: 16.016px;\"><img decoding=\"async\" src=\"images\/noticies\/2017\/sebastia_manresa1.jpg\" alt=\"sebastia manresa1\" style=\"display: block; margin-left: auto; margin-right: auto;\" \/><\/p>\n<p style=\"font-size: 16.016px;\"><img decoding=\"async\" src=\"images\/noticies\/2017\/sebastia_manresa2.jpg\" alt=\"sebastia manresa2\" style=\"display: block; margin-left: auto; margin-right: auto;\" \/><\/p>\n<p style=\"text-align: justify;\"><span style=\"font-family: verdana, geneva; font-size: 10pt;\">La pon\u00e8ncia va ser duta a terme pel Dr. Sebasti\u00e0 Manresa Tejedor, Doctor en Medicina i Cirurgia, especialista en Medicina del Treball i en Cirurgia Ortop\u00e8dica i Traumatol\u00f2gica i Acad\u00e8mic corresponent de la nostra corporaci\u00f3.<\/span><\/p>\n<p style=\"font-size: 16.016px;\"><img decoding=\"async\" src=\"images\/noticies\/2017\/sebastia_manresa3.jpg\" alt=\"sebastia manresa3\" style=\"display: block; margin-left: auto; margin-right: auto;\" \/><\/p>\n<p style=\"font-size: 16.016px;\"><img decoding=\"async\" src=\"images\/noticies\/2017\/sebastia_manresa4.jpg\" alt=\"sebastia manresa4\" style=\"display: block; margin-left: auto; margin-right: auto;\" \/><\/p>\n<p style=\"text-align: justify;\"><span style=\"font-family: verdana, geneva; font-size: 10pt;\">Despr\u00e9s de la magn\u00edfica exposici\u00f3 i un interessant debat, el president de la Reial Acad\u00e8mia de Medicina, Dr. Maci\u00e0 Tom\u00e0s Salv\u00e0, va donar per finalitzat l&#8217;acte tancant la sessi\u00f3.<\/span><\/p>\n<p style=\"font-size: 16.016px;\"><img decoding=\"async\" src=\"images\/noticies\/2017\/sebastia_manresa6.jpg\" alt=\"sebastia manresa6\" style=\"display: block; margin-left: auto; margin-right: auto;\" \/><\/p>\n<p style=\"font-size: 16.016px;\"><img decoding=\"async\" src=\"images\/noticies\/2017\/sebastia_manresa5.jpg\" alt=\"sebastia manresa5\" style=\"display: block; margin-left: auto; margin-right: auto;\" \/><\/p>\n<p style=\"text-align: justify;\"><span style=\"font-family: verdana, geneva;\"><\/span><\/p>\n","protected":false},"excerpt":{"rendered":"<p>&nbsp; D\u00eda 2 de maig de 2017, va tenir lloc en la seu de la Reial Acad\u00e8mia de Medicina de les Illes Balears la sessi\u00f3 cient\u00edfica sobre&nbsp;&#8220;la par\u00e0lisi cerebral: un [&hellip;]<\/p>\n","protected":false},"author":3,"featured_media":0,"comment_status":"closed","ping_status":"closed","sticky":false,"template":"","format":"standard","meta":{"_monsterinsights_skip_tracking":false,"_monsterinsights_sitenote_active":false,"_monsterinsights_sitenote_note":"","_monsterinsights_sitenote_category":0,"footnotes":""},"categories":[],"tags":[],"_links":{"self":[{"href":"https:\/\/ramib.org\/oficial\/index.php\/wp-json\/wp\/v2\/posts\/308"}],"collection":[{"href":"https:\/\/ramib.org\/oficial\/index.php\/wp-json\/wp\/v2\/posts"}],"about":[{"href":"https:\/\/ramib.org\/oficial\/index.php\/wp-json\/wp\/v2\/types\/post"}],"author":[{"embeddable":true,"href":"https:\/\/ramib.org\/oficial\/index.php\/wp-json\/wp\/v2\/users\/3"}],"replies":[{"embeddable":true,"href":"https:\/\/ramib.org\/oficial\/index.php\/wp-json\/wp\/v2\/comments?post=308"}],"version-history":[{"count":1,"href":"https:\/\/ramib.org\/oficial\/index.php\/wp-json\/wp\/v2\/posts\/308\/revisions"}],"predecessor-version":[{"id":809,"href":"https:\/\/ramib.org\/oficial\/index.php\/wp-json\/wp\/v2\/posts\/308\/revisions\/809"}],"wp:attachment":[{"href":"https:\/\/ramib.org\/oficial\/index.php\/wp-json\/wp\/v2\/media?parent=308"}],"wp:term":[{"taxonomy":"category","embeddable":true,"href":"https:\/\/ramib.org\/oficial\/index.php\/wp-json\/wp\/v2\/categories?post=308"},{"taxonomy":"post_tag","embeddable":true,"href":"https:\/\/ramib.org\/oficial\/index.php\/wp-json\/wp\/v2\/tags?post=308"}],"curies":[{"name":"wp","href":"https:\/\/api.w.org\/{rel}","templated":true}]}}