{"id":307,"date":"2017-04-19T13:02:09","date_gmt":"2017-04-19T13:02:09","guid":{"rendered":"https:\/\/ramib.org\/oficial\/index.php\/sesion-cientifica-02-05-2017-la-paralisis-cerebral-un-paradigma-dentro-de-la-salud\/"},"modified":"2019-09-02T19:39:27","modified_gmt":"2019-09-02T19:39:27","slug":"sesion-cientifica-02-05-2017-la-paralisis-cerebral-un-paradigma-dentro-de-la-salud","status":"publish","type":"post","link":"https:\/\/ramib.org\/oficial\/index.php\/2017\/04\/19\/sesion-cientifica-02-05-2017-la-paralisis-cerebral-un-paradigma-dentro-de-la-salud\/","title":{"rendered":"Sesi\u00f3n cient\u00edfica 02\/05\/2017: &#8220;La par\u00e1lisis cerebral: un paradigma dentro de la salud&#8221;"},"content":{"rendered":"<p>&nbsp;<\/p>\n<p style=\"text-align: justify;\"><span style=\"font-family: verdana, geneva; font-size: 10pt;\">D\u00eda 2 de mayo 2017, tuvo lugar en la sede de la Real Academia de Medicina de las Islas Baleares la sesi\u00f3n cient\u00edfica sobre &#8220;la par\u00e1lisis cerebral: un paradigma dentro de la salud&#8221;.<\/span><\/p>\n<p>  <!--more-->  <\/p>\n<p style=\"text-align: justify;\"><span style=\"font-family: verdana, geneva; font-size: 10pt; text-align: justify;\">Present\u00f3 a la conferenciante el acad\u00e9mico numerario Dr. Pere Riutord Sbert y moder\u00f3 el coloquio el Sr. presidente de la RAMIB.<\/span><\/p>\n<p><img decoding=\"async\" src=\"images\/noticies\/2017\/sebastia_manresa1.jpg\" alt=\"sebastia manresa1\" style=\"display: block; margin-left: auto; margin-right: auto;\" \/><\/p>\n<p><img decoding=\"async\" src=\"images\/noticies\/2017\/sebastia_manresa2.jpg\" alt=\"sebastia manresa2\" style=\"display: block; margin-left: auto; margin-right: auto;\" \/><\/p>\n<p style=\"text-align: justify;\"><span style=\"font-family: verdana, geneva; font-size: 10pt; text-align: justify;\">La ponencia fue llevada a cabo por el Dr. Sebasti\u00e1n Manresa Tejedor, Doctor en Medicina y Cirug\u00eda, Especialista en Medicina del Trabajo y en Cirug\u00eda Ortop\u00e9dica y Traumatol\u00f3gica y Acad\u00e9mico correspondiente de nuestra corporaci\u00f3n.<\/span><\/p>\n<p><img decoding=\"async\" src=\"images\/noticies\/2017\/sebastia_manresa3.jpg\" alt=\"sebastia manresa3\" style=\"display: block; margin-left: auto; margin-right: auto;\" \/><\/p>\n<p><img decoding=\"async\" src=\"images\/noticies\/2017\/sebastia_manresa4.jpg\" alt=\"sebastia manresa4\" style=\"display: block; margin-left: auto; margin-right: auto;\" \/><\/p>\n<p style=\"text-align: justify;\"><span style=\"font-family: verdana, geneva;\"><span style=\"font-size: 10pt;\">Despu\u00e9s de la magn\u00edfica exposici\u00f3n y un interesante debate, el presidente de la Real Academia de Medicina, Dr. Maci\u00e0 Tom\u00e1s Salv\u00e1, dio por finalizado el acto cerrando la sesi\u00f3n<\/span>.<\/span><\/p>\n<p><img decoding=\"async\" src=\"images\/noticies\/2017\/sebastia_manresa6.jpg\" alt=\"sebastia manresa6\" style=\"display: block; margin-left: auto; margin-right: auto;\" \/><\/p>\n<p><img decoding=\"async\" src=\"images\/noticies\/2017\/sebastia_manresa5.jpg\" alt=\"sebastia manresa5\" style=\"display: block; margin-left: auto; margin-right: auto;\" \/><\/p>\n","protected":false},"excerpt":{"rendered":"<p>&nbsp; D\u00eda 2 de mayo 2017, tuvo lugar en la sede de la Real Academia de Medicina de las Islas Baleares la sesi\u00f3n cient\u00edfica sobre &#8220;la par\u00e1lisis cerebral: un paradigma [&hellip;]<\/p>\n","protected":false},"author":3,"featured_media":0,"comment_status":"closed","ping_status":"closed","sticky":false,"template":"","format":"standard","meta":{"_monsterinsights_skip_tracking":false,"_monsterinsights_sitenote_active":false,"_monsterinsights_sitenote_note":"","_monsterinsights_sitenote_category":0,"footnotes":""},"categories":[],"tags":[],"_links":{"self":[{"href":"https:\/\/ramib.org\/oficial\/index.php\/wp-json\/wp\/v2\/posts\/307"}],"collection":[{"href":"https:\/\/ramib.org\/oficial\/index.php\/wp-json\/wp\/v2\/posts"}],"about":[{"href":"https:\/\/ramib.org\/oficial\/index.php\/wp-json\/wp\/v2\/types\/post"}],"author":[{"embeddable":true,"href":"https:\/\/ramib.org\/oficial\/index.php\/wp-json\/wp\/v2\/users\/3"}],"replies":[{"embeddable":true,"href":"https:\/\/ramib.org\/oficial\/index.php\/wp-json\/wp\/v2\/comments?post=307"}],"version-history":[{"count":1,"href":"https:\/\/ramib.org\/oficial\/index.php\/wp-json\/wp\/v2\/posts\/307\/revisions"}],"predecessor-version":[{"id":808,"href":"https:\/\/ramib.org\/oficial\/index.php\/wp-json\/wp\/v2\/posts\/307\/revisions\/808"}],"wp:attachment":[{"href":"https:\/\/ramib.org\/oficial\/index.php\/wp-json\/wp\/v2\/media?parent=307"}],"wp:term":[{"taxonomy":"category","embeddable":true,"href":"https:\/\/ramib.org\/oficial\/index.php\/wp-json\/wp\/v2\/categories?post=307"},{"taxonomy":"post_tag","embeddable":true,"href":"https:\/\/ramib.org\/oficial\/index.php\/wp-json\/wp\/v2\/tags?post=307"}],"curies":[{"name":"wp","href":"https:\/\/api.w.org\/{rel}","templated":true}]}}