{"id":3017,"date":"2021-10-17T20:54:00","date_gmt":"2021-10-17T20:54:00","guid":{"rendered":"https:\/\/ramib.org\/oficial\/?p=3017"},"modified":"2021-11-17T21:00:39","modified_gmt":"2021-11-17T21:00:39","slug":"solemne-sessio-dingres-com-academic-dhonor-de-lexcm-sr-josep-orol-bonnin-gubianas","status":"publish","type":"post","link":"https:\/\/ramib.org\/oficial\/index.php\/2021\/10\/17\/solemne-sessio-dingres-com-academic-dhonor-de-lexcm-sr-josep-orol-bonnin-gubianas\/","title":{"rendered":"Solemne sessi\u00f3 d&#8217;ingr\u00e9s com Acad\u00e8mic d&#8217;Honor de l&#8217;Excm. Sr. Josep Oriol Bonn\u00edn Gubianas"},"content":{"rendered":"<p style=\"text-align: justify;\">El passat dia 27 d\u2019octubre de 2021, va tenir lloc a la seu de la Reial Acad\u00e8mia de Medicina de les Illes Balears la solemne sessi\u00f3 d\u2019ingr\u00e9s com Acad\u00e8mic d\u2019Honor de l\u2019Excm. Sr. Josep Oriol Bonn\u00edn Gubianas.<\/p>\n<p>Va obrir l&#8217;acte l&#8217;Excm. Sr President Maci\u00e0 Tom\u00e0s Salv\u00e0.<\/p>\n<p><img loading=\"lazy\" decoding=\"async\" class=\"aligncenter size-full wp-image-3020\" src=\"https:\/\/ramib.org\/oficial\/wp-content\/uploads\/2021\/11\/Bonnin1-scaled.jpg\" alt=\"\" width=\"2560\" height=\"1707\" srcset=\"https:\/\/ramib.org\/oficial\/wp-content\/uploads\/2021\/11\/Bonnin1-scaled.jpg 2560w, https:\/\/ramib.org\/oficial\/wp-content\/uploads\/2021\/11\/Bonnin1-300x200.jpg 300w, https:\/\/ramib.org\/oficial\/wp-content\/uploads\/2021\/11\/Bonnin1-1024x683.jpg 1024w, https:\/\/ramib.org\/oficial\/wp-content\/uploads\/2021\/11\/Bonnin1-768x512.jpg 768w, https:\/\/ramib.org\/oficial\/wp-content\/uploads\/2021\/11\/Bonnin1-1536x1024.jpg 1536w, https:\/\/ramib.org\/oficial\/wp-content\/uploads\/2021\/11\/Bonnin1-2048x1365.jpg 2048w, https:\/\/ramib.org\/oficial\/wp-content\/uploads\/2021\/11\/Bonnin1-696x464.jpg 696w, https:\/\/ramib.org\/oficial\/wp-content\/uploads\/2021\/11\/Bonnin1-1068x712.jpg 1068w, https:\/\/ramib.org\/oficial\/wp-content\/uploads\/2021\/11\/Bonnin1-630x420.jpg 630w, https:\/\/ramib.org\/oficial\/wp-content\/uploads\/2021\/11\/Bonnin1-1920x1280.jpg 1920w\" sizes=\"(max-width: 2560px) 100vw, 2560px\" \/><\/p>\n<p style=\"text-align: justify;\">El Dr. Bonnin va ser elegit dia 7 de novembre de 2017 per unanimitat entre els membres de la corporaci\u00f3.<\/p>\n<p style=\"text-align: justify;\">En compliment dels estatuts corporatius, el candidat havia estat proposat al ple per l\u2019actual president, Dr. Maci\u00e0 Tom\u00e0s, a petici\u00f3 de cinc acad\u00e8mics, en aquest cas els antics presidents Drs. Josep Tom\u00e0s, Alfonso Ballesteros i Bartomeu Anguera i els dos acad\u00e8mics m\u00e9s antics, els Drs. Miquel Munar i Juana M\u00aa Rom\u00e1n.<\/p>\n<p style=\"text-align: justify;\">La petici\u00f3 venia justificada per raons dels m\u00e8rits extraordinaris del candidat, assolits en el desenvolupament de la cirurgia card\u00edaca a Espanya.<\/p>\n<p style=\"text-align: justify;\">El nomenament d\u2019acad\u00e8mic d\u2019honor \u00e9s la m\u00e0xima distinci\u00f3 que atorga la Reial Acad\u00e8mia i recau en personalitats de renom internacional.<\/p>\n<p><img loading=\"lazy\" decoding=\"async\" class=\"aligncenter size-full wp-image-3024\" src=\"https:\/\/ramib.org\/oficial\/wp-content\/uploads\/2021\/11\/Bonnin3.jpg\" alt=\"\" width=\"1024\" height=\"683\" srcset=\"https:\/\/ramib.org\/oficial\/wp-content\/uploads\/2021\/11\/Bonnin3.jpg 1024w, https:\/\/ramib.org\/oficial\/wp-content\/uploads\/2021\/11\/Bonnin3-300x200.jpg 300w, https:\/\/ramib.org\/oficial\/wp-content\/uploads\/2021\/11\/Bonnin3-768x512.jpg 768w, https:\/\/ramib.org\/oficial\/wp-content\/uploads\/2021\/11\/Bonnin3-696x464.jpg 696w, https:\/\/ramib.org\/oficial\/wp-content\/uploads\/2021\/11\/Bonnin3-630x420.jpg 630w\" sizes=\"(max-width: 1024px) 100vw, 1024px\" \/><\/p>\n<p style=\"text-align: justify;\">Llicenciat en medicina per la Universitat de Barcelona i especialista en cirurgia vascular, en cardiologia i cirurgia card\u00edaca, el Dr. Bonn\u00edn Gubianas va iniciar l\u2019any 1984 el programa de transplantaments de cor a Espanya. Despr\u00e9s d\u2019ocupar la pla\u00e7a de cap de servei de cirurgia card\u00edaca al Centre Quir\u00fargic Sant Jordi (1985-92) va exercir la de cap del servei de cirurgia de la Policl\u00ednica Miramar (1992, des d\u2019on va iniciar el programa de cirurgia card\u00edaca a les Illes Balears. L\u2019any 2002 va inaugurar el servei de cirurgia card\u00edaca a l\u2019Hospital Universitari Son Dureta i va exercir, posteriorment, com a cap de servei de cirurgia card\u00edaca a l\u2019Hospital Son Espases i a la Cl\u00ednica del Grup Quir\u00f3n PalmaPlanas. D\u2019aquesta manera, converteix les Illes Balears en un punt de refer\u00e8ncia internacional i mundial en l\u2019\u00e0mbit del desenvolupament de les pr\u00e0ctiques i les t\u00e8cniques quir\u00fargiques aplicades a la resoluci\u00f3 de les malalties del cor.<\/p>\n<p><img loading=\"lazy\" decoding=\"async\" class=\"aligncenter size-full wp-image-3026\" src=\"https:\/\/ramib.org\/oficial\/wp-content\/uploads\/2021\/11\/Bonnin5.jpg\" alt=\"\" width=\"1024\" height=\"683\" srcset=\"https:\/\/ramib.org\/oficial\/wp-content\/uploads\/2021\/11\/Bonnin5.jpg 1024w, https:\/\/ramib.org\/oficial\/wp-content\/uploads\/2021\/11\/Bonnin5-300x200.jpg 300w, https:\/\/ramib.org\/oficial\/wp-content\/uploads\/2021\/11\/Bonnin5-768x512.jpg 768w, https:\/\/ramib.org\/oficial\/wp-content\/uploads\/2021\/11\/Bonnin5-696x464.jpg 696w, https:\/\/ramib.org\/oficial\/wp-content\/uploads\/2021\/11\/Bonnin5-630x420.jpg 630w\" sizes=\"(max-width: 1024px) 100vw, 1024px\" \/><\/p>\n<p style=\"text-align: justify;\">Durant la seva vida professional ha intervingut m\u00e9s de 10.500 pacients de cirurgia card\u00edaca, dels quals 7.000 a les Illes Balears. Amb els m\u00e0xims reconeixements que s\u2019atorguen en l\u2019\u00e0mbit sanitari, Bonn\u00edn va ser distingit, l\u2019any 1984, amb el Premi d\u2019Investigaci\u00f3 a l\u2019Hospital de Sant Pau de Barcelona sobre trasplantament card\u00edac, i l\u2019any 1988, amb el Premi de la Societat Espanyola de Cardiologia en cardiopatia isqu\u00e8mica. L\u2019any 2009 obtingu\u00e9 el Premi Ramon Llull i el 2016 la medalla d\u2019or de les Illes Balears.<\/p>\n<p style=\"text-align: justify;\">A m\u00e9s, va obtenir mencions honor\u00edfiques pels films Trasplante card\u00edaco ort\u00f3pico experimental i Trasplante cardiopulmonar experimental, presentats en les I Jornades Nacionals de V\u00eddeo-Medicina del Postgraduat, que varen tenir lloc a Barcelona l\u2019any 1985, i el primer premi de v\u00eddeo de recerca concedit per la CIRIT en les II Jornades, el novembre del 1987. Beca d\u2019investigaci\u00f3 KNOLL el 1988, atorgada per la Societat Espanyola de Cardiologia. Ha col\u00b7laborat en m\u00e9s de cent publicacions cient\u00edfiques relacionades amb la seva especialitat. Durant els anys d\u2019exercici en la sanitat p\u00fablica de les Illes Balears, tant a l\u2019Hospital de Son Dureta com, posteriorment, a l\u2019Hospital de Son Espases, ha estat distingit en sis ocasions amb el premi IASIST com a millor centre de tercer nivell a l\u2019\u00e0rea del cor.<\/p>\n<p><img loading=\"lazy\" decoding=\"async\" class=\"aligncenter size-full wp-image-3022\" src=\"https:\/\/ramib.org\/oficial\/wp-content\/uploads\/2021\/11\/Bonnin2.jpg\" alt=\"\" width=\"1024\" height=\"683\" srcset=\"https:\/\/ramib.org\/oficial\/wp-content\/uploads\/2021\/11\/Bonnin2.jpg 1024w, https:\/\/ramib.org\/oficial\/wp-content\/uploads\/2021\/11\/Bonnin2-300x200.jpg 300w, https:\/\/ramib.org\/oficial\/wp-content\/uploads\/2021\/11\/Bonnin2-768x512.jpg 768w, https:\/\/ramib.org\/oficial\/wp-content\/uploads\/2021\/11\/Bonnin2-696x464.jpg 696w, https:\/\/ramib.org\/oficial\/wp-content\/uploads\/2021\/11\/Bonnin2-630x420.jpg 630w\" sizes=\"(max-width: 1024px) 100vw, 1024px\" \/><\/p>\n<p style=\"text-align: justify;\">L\u2019acte va contar amb l\u2019assist\u00e8ncia del president del Parlament, Vicen\u00e7 Thom\u00e0s; la consellera de Salut, Patricia G\u00f3mez; el rector de la UIB, Jaume Carot; el director general del Servei de Salut, Juli Fuster, i el deg\u00e0 de la Facultat de Medicina, Miquel Roca, entre d\u2019altres responsables institucionals.<\/p>\n<p><img loading=\"lazy\" decoding=\"async\" class=\"aligncenter size-full wp-image-3018\" src=\"https:\/\/ramib.org\/oficial\/wp-content\/uploads\/2021\/11\/Bonnin-8.jpg\" alt=\"\" width=\"1024\" height=\"683\" srcset=\"https:\/\/ramib.org\/oficial\/wp-content\/uploads\/2021\/11\/Bonnin-8.jpg 1024w, https:\/\/ramib.org\/oficial\/wp-content\/uploads\/2021\/11\/Bonnin-8-300x200.jpg 300w, https:\/\/ramib.org\/oficial\/wp-content\/uploads\/2021\/11\/Bonnin-8-768x512.jpg 768w, https:\/\/ramib.org\/oficial\/wp-content\/uploads\/2021\/11\/Bonnin-8-696x464.jpg 696w, https:\/\/ramib.org\/oficial\/wp-content\/uploads\/2021\/11\/Bonnin-8-630x420.jpg 630w\" sizes=\"(max-width: 1024px) 100vw, 1024px\" \/> <img loading=\"lazy\" decoding=\"async\" class=\"aligncenter size-full wp-image-3030\" src=\"https:\/\/ramib.org\/oficial\/wp-content\/uploads\/2021\/11\/Bonnin7.jpg\" alt=\"\" width=\"1024\" height=\"683\" srcset=\"https:\/\/ramib.org\/oficial\/wp-content\/uploads\/2021\/11\/Bonnin7.jpg 1024w, https:\/\/ramib.org\/oficial\/wp-content\/uploads\/2021\/11\/Bonnin7-300x200.jpg 300w, https:\/\/ramib.org\/oficial\/wp-content\/uploads\/2021\/11\/Bonnin7-768x512.jpg 768w, https:\/\/ramib.org\/oficial\/wp-content\/uploads\/2021\/11\/Bonnin7-696x464.jpg 696w, https:\/\/ramib.org\/oficial\/wp-content\/uploads\/2021\/11\/Bonnin7-630x420.jpg 630w\" sizes=\"(max-width: 1024px) 100vw, 1024px\" \/><\/p>\n<p style=\"text-align: justify;\">El que fou cap del servei de Cirurgia Card\u00edaca de Policl\u00ednica Miramar i, mes endavant, de l\u2019Hospital Universitari Son Espases va pronuncia\u00a0 la\u00a0 confer\u00e8ncia\u00a0 \u201cPassat, present i futur de la cirurgia coronaria\u201d.<\/p>\n<p><img loading=\"lazy\" decoding=\"async\" class=\"aligncenter size-full wp-image-3028\" src=\"https:\/\/ramib.org\/oficial\/wp-content\/uploads\/2021\/11\/Bonnin6.jpg\" alt=\"\" width=\"1024\" height=\"683\" srcset=\"https:\/\/ramib.org\/oficial\/wp-content\/uploads\/2021\/11\/Bonnin6.jpg 1024w, https:\/\/ramib.org\/oficial\/wp-content\/uploads\/2021\/11\/Bonnin6-300x200.jpg 300w, https:\/\/ramib.org\/oficial\/wp-content\/uploads\/2021\/11\/Bonnin6-768x512.jpg 768w, https:\/\/ramib.org\/oficial\/wp-content\/uploads\/2021\/11\/Bonnin6-696x464.jpg 696w, https:\/\/ramib.org\/oficial\/wp-content\/uploads\/2021\/11\/Bonnin6-630x420.jpg 630w\" sizes=\"(max-width: 1024px) 100vw, 1024px\" \/><\/p>\n<p style=\"text-align: justify;\">El doctor Bonnin va rebre la ins\u00edgnia de mans del president de\u00a0 la\u00a0 RAMIB,\u00a0 Maci\u00e0 Tom\u00e0s el qual, per part de la corporaci\u00f3, va contestar al discurs d\u2019ingr\u00e9s a on va destacar la \u201cextraordin\u00e0ria capacitat t\u00e8cnica\u201d del metge guardonat a la hora d\u2019exercir la seva especialitat, la cirurgia card\u00edaca, \u00e0mbit en el que la seva carrera l\u2019ha convertit en un dels grans referents nacionals e internacionals.<\/p>\n<p><img loading=\"lazy\" decoding=\"async\" class=\"aligncenter size-full wp-image-3034\" src=\"https:\/\/ramib.org\/oficial\/wp-content\/uploads\/2021\/11\/Bonnin11.jpg\" alt=\"\" width=\"1024\" height=\"683\" srcset=\"https:\/\/ramib.org\/oficial\/wp-content\/uploads\/2021\/11\/Bonnin11.jpg 1024w, https:\/\/ramib.org\/oficial\/wp-content\/uploads\/2021\/11\/Bonnin11-300x200.jpg 300w, https:\/\/ramib.org\/oficial\/wp-content\/uploads\/2021\/11\/Bonnin11-768x512.jpg 768w, https:\/\/ramib.org\/oficial\/wp-content\/uploads\/2021\/11\/Bonnin11-696x464.jpg 696w, https:\/\/ramib.org\/oficial\/wp-content\/uploads\/2021\/11\/Bonnin11-630x420.jpg 630w\" sizes=\"(max-width: 1024px) 100vw, 1024px\" \/> <img loading=\"lazy\" decoding=\"async\" class=\"aligncenter size-full wp-image-3032\" src=\"https:\/\/ramib.org\/oficial\/wp-content\/uploads\/2021\/11\/Bonnin10.jpg\" alt=\"\" width=\"1024\" height=\"683\" srcset=\"https:\/\/ramib.org\/oficial\/wp-content\/uploads\/2021\/11\/Bonnin10.jpg 1024w, https:\/\/ramib.org\/oficial\/wp-content\/uploads\/2021\/11\/Bonnin10-300x200.jpg 300w, https:\/\/ramib.org\/oficial\/wp-content\/uploads\/2021\/11\/Bonnin10-768x512.jpg 768w, https:\/\/ramib.org\/oficial\/wp-content\/uploads\/2021\/11\/Bonnin10-696x464.jpg 696w, https:\/\/ramib.org\/oficial\/wp-content\/uploads\/2021\/11\/Bonnin10-630x420.jpg 630w\" sizes=\"(max-width: 1024px) 100vw, 1024px\" \/><\/p>\n<p style=\"text-align: justify;\">Poden visualitzar l&#8217;acte en el canal de youtube de la corporaci\u00f3n en el seg\u00fcent enlla\u00e7: <a href=\"https:\/\/www.youtube.com\/watch?v=XbHDIMsalY8&amp;t=99s\">https:\/\/www.youtube.com\/watch?v=XbHDIMsalY8&amp;t=99s<\/a><\/p>\n","protected":false},"excerpt":{"rendered":"<p>El passat dia 27 d\u2019octubre de 2021, va tenir lloc a la seu de la Reial Acad\u00e8mia de Medicina de les Illes Balears la solemne sessi\u00f3 d\u2019ingr\u00e9s com Acad\u00e8mic d\u2019Honor [&hellip;]<\/p>\n","protected":false},"author":3,"featured_media":3036,"comment_status":"open","ping_status":"closed","sticky":false,"template":"","format":"standard","meta":{"_monsterinsights_skip_tracking":false,"_monsterinsights_sitenote_active":false,"_monsterinsights_sitenote_note":"","_monsterinsights_sitenote_category":0,"footnotes":""},"categories":[166,14,179,194,188,187],"tags":[220,221,222,199],"_links":{"self":[{"href":"https:\/\/ramib.org\/oficial\/index.php\/wp-json\/wp\/v2\/posts\/3017"}],"collection":[{"href":"https:\/\/ramib.org\/oficial\/index.php\/wp-json\/wp\/v2\/posts"}],"about":[{"href":"https:\/\/ramib.org\/oficial\/index.php\/wp-json\/wp\/v2\/types\/post"}],"author":[{"embeddable":true,"href":"https:\/\/ramib.org\/oficial\/index.php\/wp-json\/wp\/v2\/users\/3"}],"replies":[{"embeddable":true,"href":"https:\/\/ramib.org\/oficial\/index.php\/wp-json\/wp\/v2\/comments?post=3017"}],"version-history":[{"count":3,"href":"https:\/\/ramib.org\/oficial\/index.php\/wp-json\/wp\/v2\/posts\/3017\/revisions"}],"predecessor-version":[{"id":3042,"href":"https:\/\/ramib.org\/oficial\/index.php\/wp-json\/wp\/v2\/posts\/3017\/revisions\/3042"}],"wp:featuredmedia":[{"embeddable":true,"href":"https:\/\/ramib.org\/oficial\/index.php\/wp-json\/wp\/v2\/media\/3036"}],"wp:attachment":[{"href":"https:\/\/ramib.org\/oficial\/index.php\/wp-json\/wp\/v2\/media?parent=3017"}],"wp:term":[{"taxonomy":"category","embeddable":true,"href":"https:\/\/ramib.org\/oficial\/index.php\/wp-json\/wp\/v2\/categories?post=3017"},{"taxonomy":"post_tag","embeddable":true,"href":"https:\/\/ramib.org\/oficial\/index.php\/wp-json\/wp\/v2\/tags?post=3017"}],"curies":[{"name":"wp","href":"https:\/\/api.w.org\/{rel}","templated":true}]}}