{"id":298,"date":"2017-03-02T09:41:39","date_gmt":"2017-03-02T09:41:39","guid":{"rendered":"https:\/\/ramib.org\/oficial\/index.php\/premis-i-distincions-curs-academic-2016\/"},"modified":"2020-02-03T02:51:56","modified_gmt":"2020-02-03T02:51:56","slug":"premis-i-distincions-curs-academic-2016","status":"publish","type":"post","link":"https:\/\/ramib.org\/oficial\/index.php\/2017\/03\/02\/premis-i-distincions-curs-academic-2016\/","title":{"rendered":"PREMIS I DISTINCIONS CURS ACAD\u00c8MIC 2016"},"content":{"rendered":"<p>&nbsp;<\/p>\n<p style=\"text-align: justify\"><span style=\"margin: 0px;padding: 0px;border: 0px;vertical-align: baseline;background-image: initial;background-position: initial;text-align: justify;font-family: verdana, geneva;font-size: 10pt\">Es transcriu a continuaci\u00f3 la resoluci\u00f3 dels Premis convocats per la Reial Acad\u00e8mia de Medicina de les Illes Balears corresponent a la convocat\u00f2ria del Curs Acad\u00e8mic 2016<\/span><\/p>\n<p>  <!--more--><\/p>\n<p style=\"text-align: justify\"><span style=\"font-size: 10pt;color: #0000ff\"><span style=\"font-family: verdana, geneva\">A. PREMI DE LA REIAL ACAD\u00c8MIA DE MEDICINA&nbsp;<\/span><span style=\"font-family: verdana, geneva\">DE LES ILLES BALEARS<\/span><\/span><span style=\"font-family: verdana, geneva;color: #0000ff\"><\/span><\/p>\n<p style=\"text-align: justify\"><span style=\"font-size: 10pt\"><span style=\"font-family: verdana, geneva\">T\u00edtol: <em>Nuevo m\u00e9todo qRT-PCR one step para la detecci\u00f3n de la enfermedad m\u00ednima&nbsp;<\/em><\/span><em><span style=\"font-family: verdana, geneva\">residual del BCR-ABL en pacientes con leucemia mieloide cr\u00f3nica: \u00bfel secreto del&nbsp;<\/span><span style=\"font-family: verdana, geneva\">\u00e9xito de la discontinuaci\u00f3n con TKIs?.<\/span><\/em><\/span><\/p>\n<p style=\"text-align: justify\"><span style=\"font-family: verdana, geneva;font-size: 10pt\">Dr. Jordi Mart\u00ednez Serra i cols. Hospital Universitari Son Espases. Palma.<\/span><\/p>\n<p style=\"text-align: justify\"><span style=\"color: #0000ff;font-size: 10pt\"><span style=\"font-family: verdana, geneva\">B. PREMI MATEU ORFILA, A LA TRAJECT\u00d2RIA&nbsp;<\/span><span style=\"font-family: verdana, geneva\">D\u2019UN PROFESSIONAL DE LA SALUT<\/span><\/span><span style=\"font-family: verdana, geneva\"><\/span><\/p>\n<p style=\"text-align: justify\"><span style=\"font-size: 10pt\"><span style=\"font-family: verdana, geneva\">Dr. Jeroni Nadal Reus, de l\u2019Institut Barraquer de Barcelona, a proposta de la Secci\u00f3&nbsp;<\/span><span style=\"font-family: verdana, geneva\">d\u2019Oftalmologia de la filial balear de l\u2019Acad\u00e8mia de Ci\u00e8ncies M\u00e8diques i de la Salut&nbsp;<\/span><span style=\"font-family: verdana, geneva\">de Catalunya i de Balears.<\/span><\/span><\/p>\n<p style=\"text-align: justify\"><span style=\"font-family: verdana, geneva;font-size: 10pt;color: #0000ff\">C. PREMIS PATROCINATS<\/span><\/p>\n<p style=\"text-align: justify\"><span style=\"font-family: verdana, geneva;font-size: 10pt\"><span style=\"color: #000000\"><strong>1. Premi JEAN DAUSSET de l\u2019Il\u00b7ltre. Col\u00b7legi Oficial de Metges de les Illes Balears<\/strong><\/span><span style=\"color: #000000\">, a&nbsp;la millor tesi de medicina o ci\u00e8ncies afins elaborada a les Illes Balears i defensada&nbsp;durant l\u2019any 2015.<\/span><span style=\"color: #000000\"><\/span><\/span><\/p>\n<p style=\"text-align: justify\"><span style=\"color: #000000;font-size: 10pt\"><span style=\"font-family: verdana, geneva\">T\u00edtol: <em>An\u00e1lisis y evaluaci\u00f3n del tratamiento de la isquemia cr\u00edtica de miembros inferiores&nbsp;<\/em><\/span><em><span style=\"font-family: verdana, geneva\">no revascularizable, mediante el trasplante aut\u00f3logo de progenitores hematopoy\u00e9ticos.&nbsp;<\/span><\/em><\/span><\/p>\n<p style=\"text-align: justify\"><span style=\"font-family: verdana, geneva;font-size: 10pt\">Dr. Ra\u00fal Lara Hern\u00e1ndez.<\/span><\/p>\n<p style=\"text-align: justify\"><span style=\"font-size: 10pt\"><strong>2. Premi DOCTOR RAMON ROTGER MONER<\/strong>, <span style=\"font-family: verdana, geneva\">per al millor estudi sobre cirurgia i especialitats&nbsp;quir\u00fargiques.<\/span><\/span><\/p>\n<p style=\"text-align: justify\"><span style=\"font-family: verdana, geneva\">T\u00edtol: <em>Complicaciones postquir\u00fargicas en pacientes sometidos a cistectom\u00eda radical&nbsp;<\/em><\/span><em style=\"font-size: 10pt;text-align: justify\"><span style=\"font-family: verdana, geneva\">seg\u00fan estado nutricional del paciente.<\/span><\/em><\/p>\n<p style=\"text-align: justify\"><span style=\"font-family: verdana, geneva;font-size: 10pt\">Dr. Xavier Arnau Sabat\u00e9 Arroyo i cols. Hospital Universitari Son Espases. Palma.<\/span><br \/>\n<span style=\"font-family: verdana, geneva\"><\/span><\/p>\n<p style=\"text-align: justify\"><span style=\"font-size: 10pt\"><strong>3. Premi FUNDACI\u00d3 MAPFRE<\/strong>, per al millor estudi sobre patologia traum\u00e0tica.<\/span><\/p>\n<p style=\"text-align: justify\"><span style=\"font-family: verdana, geneva;font-size: 10pt\">Desert.<\/span><\/p>\n<p style=\"text-align: justify\"><span style=\"font-size: 10pt\"><strong>4. Premi METGES ROSSELL\u00d3<\/strong>, per al millor estudi sobre Urologia i Andrologia.<\/span><\/p>\n<p style=\"text-align: justify\"><span style=\"font-size: 10pt\">T\u00edtol: <em>An\u00e1lisis de los resultados microbiol\u00f3gicos urinarios y su impacto en el protocolo&nbsp;<\/em><em>de la profilaxis en la cirug\u00eda urol\u00f3gica de nuestra \u00e1rea.<\/em><\/span><\/p>\n<p style=\"text-align: justify\"><span style=\"font-size: 10pt\">Dr. Jos\u00e9 Carlos Real Colomer i cols. Hospital Son Ll\u00e0tzer. Palma.<\/span><\/p>\n<p style=\"text-align: justify\"><span style=\"font-size: 10pt\"><span style=\"font-family: verdana, geneva\"><strong>5. Premi Hospital QUIR\u00d3NSALUD PALMAPLANAS,<\/strong> al millor estudi sobre les especialitats&nbsp;<\/span><span style=\"font-family: verdana, geneva\">m\u00e8diques.<\/span><\/span><\/p>\n<p style=\"text-align: justify\"><span style=\"font-size: 10pt\"><span style=\"font-family: verdana, geneva\">T\u00edtol: <em>Prevalencia de acidosis renal distal en pacientes con litiasis de fosfato c\u00e1lcico,&nbsp;<\/em><\/span><em><span style=\"font-family: verdana, geneva\">usando el test de la furosemida.<\/span><\/em><\/span><\/p>\n<p style=\"text-align: justify\"><span style=\"font-family: verdana, geneva;font-size: 10pt\">Dr. Jordi Guimer\u00e0 Garcia i cols. Hospital Universitari Son Espases. Palma.<\/span><\/p>\n<p style=\"text-align: justify\"><span style=\"font-size: 10pt\"><strong>6. Premi COL\u00b7LEGI OFICIAL D\u2019INFERMERIA DEL LES ILLES BALEARS<\/strong>, per al millor&nbsp;estudi d\u2019investigaci\u00f3 en infermeria en qualsevol dels seus \u00e0mbits.<\/span><\/p>\n<p style=\"text-align: justify\"><span style=\"font-size: 10pt\">T\u00edtol: <em>Utilidad en enfermer\u00eda de diferentes \u00edndices antropom\u00e9tricos y anal\u00edticos,&nbsp;<\/em><\/span><span style=\"font-size: 10pt\"><em>para valorar la existencia de s\u00edndrome metab\u00f3lico con los criterios NCEP ATPIII e&nbsp;IDF, en poblaci\u00f3n mediterr\u00e1nea espa\u00f1ola.<\/em><\/span><\/p>\n<p style=\"text-align: justify\"><span style=\"font-size: 10pt\"><em><\/em><\/span><span style=\"font-size: 10pt\">Sra. Maria Gil Llin\u00e0s i cols. Hospital Son Ll\u00e0tzer. Palma.<\/span><\/p>\n<p style=\"text-align: justify\"><span style=\"font-family: verdana, geneva\"><\/span><span style=\"color: #0000ff;font-size: 10pt\"><span style=\"font-family: verdana, geneva\">D. PREMIS PATROCINATS PER LES SOCIETATS CIENT\u00ccFIQUES&nbsp;<\/span><span style=\"font-family: verdana, geneva\">DE LES ILLES BALEARS<\/span><\/span><\/p>\n<p style=\"text-align: justify\"><span style=\"font-size: 10pt\"><strong><span style=\"font-family: verdana, geneva\">7. Premi de la SOCIETAT BALEAR DE MEDICINA INTENSIVA I UNITATS CORON\u00c0RIES,&nbsp;<\/span><\/strong><span style=\"font-family: verdana, geneva\">al millor treball sobre recerca en el pacient cr\u00edtic.<\/span><\/span><br \/>\n<span style=\"font-family: verdana, geneva;font-size: 10pt\"><\/span><\/p>\n<p style=\"text-align: justify\"><span style=\"font-family: verdana, geneva;font-size: 10pt\">T\u00edtol: <em>Mejorar la recuperaci\u00f3n tras la cirug\u00eda card\u00edaca en un hospital de tercer nivel.<\/em><\/span><\/p>\n<p style=\"text-align: justify\"><span style=\"font-family: verdana, geneva;font-size: 10pt\">Dra. Mar\u00eda Riera Sagrera i cols. Hospital Universitari Son Espases. Palma.<\/span><\/p>\n<p><img decoding=\"async\" src=\"images\/noticies\/2017\/inaugural6.jpg\" alt=\"inaugural6\" style=\"margin-left: auto;margin-right: auto\"><\/p>\n","protected":false},"excerpt":{"rendered":"<p>&nbsp; Es transcriu a continuaci\u00f3 la resoluci\u00f3 dels Premis convocats per la Reial Acad\u00e8mia de Medicina de les Illes Balears corresponent a la convocat\u00f2ria del Curs Acad\u00e8mic 2016<\/p>\n","protected":false},"author":3,"featured_media":2016,"comment_status":"closed","ping_status":"closed","sticky":false,"template":"","format":"standard","meta":{"_monsterinsights_skip_tracking":false,"_monsterinsights_sitenote_active":false,"_monsterinsights_sitenote_note":"","_monsterinsights_sitenote_category":0,"footnotes":""},"categories":[19],"tags":[],"_links":{"self":[{"href":"https:\/\/ramib.org\/oficial\/index.php\/wp-json\/wp\/v2\/posts\/298"}],"collection":[{"href":"https:\/\/ramib.org\/oficial\/index.php\/wp-json\/wp\/v2\/posts"}],"about":[{"href":"https:\/\/ramib.org\/oficial\/index.php\/wp-json\/wp\/v2\/types\/post"}],"author":[{"embeddable":true,"href":"https:\/\/ramib.org\/oficial\/index.php\/wp-json\/wp\/v2\/users\/3"}],"replies":[{"embeddable":true,"href":"https:\/\/ramib.org\/oficial\/index.php\/wp-json\/wp\/v2\/comments?post=298"}],"version-history":[{"count":2,"href":"https:\/\/ramib.org\/oficial\/index.php\/wp-json\/wp\/v2\/posts\/298\/revisions"}],"predecessor-version":[{"id":2097,"href":"https:\/\/ramib.org\/oficial\/index.php\/wp-json\/wp\/v2\/posts\/298\/revisions\/2097"}],"wp:featuredmedia":[{"embeddable":true,"href":"https:\/\/ramib.org\/oficial\/index.php\/wp-json\/wp\/v2\/media\/2016"}],"wp:attachment":[{"href":"https:\/\/ramib.org\/oficial\/index.php\/wp-json\/wp\/v2\/media?parent=298"}],"wp:term":[{"taxonomy":"category","embeddable":true,"href":"https:\/\/ramib.org\/oficial\/index.php\/wp-json\/wp\/v2\/categories?post=298"},{"taxonomy":"post_tag","embeddable":true,"href":"https:\/\/ramib.org\/oficial\/index.php\/wp-json\/wp\/v2\/tags?post=298"}],"curies":[{"name":"wp","href":"https:\/\/api.w.org\/{rel}","templated":true}]}}