{"id":29,"date":"2014-01-23T11:43:12","date_gmt":"2014-01-23T11:43:12","guid":{"rendered":"https:\/\/ramib.org\/oficial\/index.php\/solemne-sessio-inaugural-del-curs-academic-2014-discurs-pel-m-i-sr-dr-josep-francesc-forteza-alberti-sota-el-titol-mort-sobtada-la-mort-dels-elegits-o-la-mort-a-traicio\/"},"modified":"2020-03-08T19:44:30","modified_gmt":"2020-03-08T19:44:30","slug":"solemne-sessio-inaugural-del-curs-academic-2014-discurs-pel-m-i-sr-dr-josep-francesc-forteza-alberti-sota-el-titol-mort-sobtada-la-mort-dels-elegits-o-la-mort-a-traicio","status":"publish","type":"post","link":"https:\/\/ramib.org\/oficial\/index.php\/2014\/01\/23\/solemne-sessio-inaugural-del-curs-academic-2014-discurs-pel-m-i-sr-dr-josep-francesc-forteza-alberti-sota-el-titol-mort-sobtada-la-mort-dels-elegits-o-la-mort-a-traicio\/","title":{"rendered":"SOLEMNE SESSI\u00d3 INAUGURAL DEL CURS ACAD\u00c8MIC 2014: DISCURS PEL M.I. SR. DR. JOSEP FRANCESC FORTEZA ALBERTI, sota el titol &#8221; Mort sobtada: la mort dels elegits o la mort a tra\u00efci\u00f3 ?."},"content":{"rendered":"<p>El dia 23 de gener de 2014 a les 19,30 hores va tenir lloc a la Sala d\u2019Actes de Can Campaner la Solemne Sessi\u00f3 Inaugural del present curs acad\u00e8mic de la Reial Acad\u00e8mia de Medicina de les Illes Balears. Ocuparen la mesa presidencial l\u2019Excm. senyor Bartomeu Anguera, President de la Reial Acad\u00e8mia de Medicina; l&#8217;Hble. Senyor Mart\u00ed Sansaloni, Conseller de Salut; l\u2019Honorable. Sr. Joan Rotger Segu\u00ed Vicepresident del Consell de Mallorca; l\u2019Il\u2022lustr\u00edssim Dr. Antoni Bennasar President del Col\u2022legi de Metges i el Professor Dr. Pedro Grimalt Servera Secretari general de la U.I.B.<\/p>\n<p>  <!--more-->  <\/p>\n<p>\u00a0<\/p>\n<p>Ocuparen els seus seients d\u2019acad\u00e8mics els molt il\u2022lustres senyors acad\u00e8mics numeraris. Acompanyaren als acad\u00e8mics a la tribuna d\u2019honor tota una s\u00e8rie d\u2019autoritats convidades a l\u2019acte entre d\u2019altres el President de la Reial Acad\u00e8mia Mallorquina d\u2019Hist\u00f2ria, Dr. Rom\u00e1n Pi\u00f1a; el President de la Reial Acad\u00e8mia de Belles Arts de Sant Sebasti\u00e0, Sr. Josep Prohens; el President de l\u2019Acad\u00e8mia de Jurisprud\u00e8ncia i Legislaci\u00f3; el Dr. Antoni Real, President del Col\u2022legi d\u2019Apotecaris; el Dr. Ram\u00f3n Garc\u00eda, President del Col\u2022legi de Veterinaris; el Dr. Andreu Mesquida, Vicepresident del Col\u2022legi d\u2019Odont\u00f2legs; el Dr. Lu\u00eds Rafael Santiso, Director General de Salut i Consum; el Dr. Miquel Tom\u00e1s, Director del Ib-Salut; el Dr. Miquel Fiol Director del Institut d\u2019Investigaci\u00f3 de Palma de Mallorca; el Dr. Joan Bargay, President de l\u2019Academia M\u00e8dica Balear, i un nombr\u00f3s p\u00fablic, que ompl\u00ed la sala d\u2019actes.<\/p>\n<p>Va obrir la sessi\u00f3 l\u2019Excm. Sr. President, Dr. Bartomeu Anguera, qui dirig\u00ed unes paraules als assistents, donant la benvinguda a les autoritats, patrocinadors, premiats i p\u00fablic present. El Dr. Anguera va agrair la col\u2022laboraci\u00f3 econ\u00f2mica i institucional de la Conselleria de Presid\u00e8ncia, aix\u00ed com a les persones i institucions que amb el seu recolzament permeten que la Reial Acad\u00e8mia dugui a terme activitats que, com es demostra pels premis patrocinats, tenen ja projecci\u00f3 fora de les nostres Illes.<\/p>\n<p>Aix\u00ed mateix va fer esment de les especials circumst\u00e0ncies de l&#8217;acte; l&#8217;abs\u00e8ncia de la M. I. Dra. Marta Couce, actualment a Cleveland (USA) per motius laborals, va motivar que la lectura de la lli\u00e7\u00f3 inaugural que li corresponia pass\u00e9s al seg\u00fcent acad\u00e8mic per ordre de antiguitat, el Dr. Forteza. Aix\u00ed mateix el Secretari General, el M. I. Dr. Pere Riutord per malaltia, tampoc va poder fer acte de pres\u00e8ncia per la qual cosa va correspondre llegir la Mem\u00f2ria del Curs passat al Vicesecretari, <strong>Dr. Josep Francesc Forteza<\/strong> Alberti.<\/p>\n<p>A continuaci\u00f3 el Sr. Vicesecretari va llegir la mem\u00f2ria del curs passat 2013 fent esment de la sessi\u00f3 inaugural del curs 2013, del conveni de col\u2022laboraci\u00f3 amb la Conselleria de Presid\u00e8ncia, de l\u2019entrada dels tres nous acad\u00e8mics numeraris, l\u2019acord de col\u2022laboraci\u00f3 amb l\u2019Institut d\u2019Estudis catalans, el programa de Doctorat en Medicina de la UIB, l\u2019acord de col\u2022laboraci\u00f3 amb la Societat Balear de Medicina Intensiva, els nous acad\u00e8mics corresponents, les sessions cient\u00edfiques de la Reial Acad\u00e8mia durant l\u00b4any 2013, les distincions de la Reial Acad\u00e8mia, l\u2019adquisici\u00f3 de documents hist\u00f2rics pel Fons documental de la RAMIB i la revista Medicina Balear.<\/p>\n<p>Tot seguit el Dr. Forteza va llegir el discurs inaugural que duia per t\u00edtol: <strong>Mort sobtada: la mort dels elegits o la mort a tra\u00efci\u00f3?,<\/strong> A on va exposar aspectes hist\u00f2rics, epidemiol\u00f2gics, fisiopatol\u00f2gics, cl\u00ednics i filos\u00f2fics de la mort en q\u00fcesti\u00f3.<\/p>\n<p>A continuaci\u00f3 per part del Vicesecretari es don\u00e1 lectura a la relaci\u00f3 de les distincions concedides per la Reial Acad\u00e8mia durant el curs 2013. Les primeres foren les \u201cC\u00e8dules Fundacionals 1788\u201d de la Reial Acad\u00e8mia que se concediren a la Fundaci\u00f3 Patronat Cient\u00edfic de l\u2019Il\u2022lustre Col\u2022legi Oficial de Metges de les Illes Balears, pel suport divulgatiu i de formaci\u00f3 dins l\u2019\u00e0rea de les ci\u00e8ncies mediques i al Sr. Manuel Cifr\u00e9 Ramos per la seva continuada tasca de recolzament de les activitats de la Reial Acad\u00e8mia d\u2019una manera ininterrompuda.<\/p>\n<p>Els assistents premiaren amb un llarg aplaudiment als guardonats en rebre la distinci\u00f3 de mans del President, Dr. Anguera, recollits pel M. I. Sr. Dr. Alfonso Ballesteros Fern\u00e1ndez, Director de la Fundaci\u00f3 Patronat Cient\u00edfic i per Sr. Manuel Cifr\u00e9 Ramos.<\/p>\n<p>Posteriorment el Vicesecretari, Dr. Forteza don\u00e0 a con\u00e8ixer els guanyadors dels premis convocats per curs acad\u00e8mic 2013, que acudiren a l\u2019estrada per rebre el diploma, i que son els seg\u00fcents:<\/p>\n<p>A- PREMI REIAL ACAD\u00c8MIA DE MEDICINA DE LES ILLES BALEARS. T\u00cdTOL D\u2019ACAD\u00c8MIC CORRESPONENT I 1000 EUROS \u201cEstudio de las alteraciones gen\u00e9ticas del IDH1 y del VEGF en los tumores cerebrales\u201d Gregorio Mart\u00ednez Boto. Madrid<\/p>\n<p>B- PREMIS PATROCINATS DIPLOMA I 1500 EUROS PREMI DR RAMON ROTGER MONER Especialitats quir\u00f9rgiques \u201cFactores de recidiva del carcinoma hepatocelular tras resecci\u00f3n quir\u00fargica con intenci\u00f3n curativa\u201d Jos\u00e9 Miguel Mor\u00f3n Canis HOSPITAL UNIVERSITARI SON ESPASES<\/p>\n<p>PREMI FUNDACI\u00d3 MAPFRE Patologia Traum\u00e0tica \u201cPrevenci\u00f3 de les lesions en el futbol\u201d Bartomeu Riutord Fe STAMFORD UNIVERSITY<\/p>\n<p>PREMI METGES ROSSELL\u00d3 Urologia \u201cDiagn\u00f3stico de las alteraciones metab\u00f3licas urinarias relacionadas con la etiolog\u00eda de la litiasis renal, en una muestra de poblaci\u00f3n infantil sana de Mallorca\u201d Concepci\u00f3n S\u00e1ez-Torres Barroso INSTITUT UNIVERSITARI D\u2019INVESTIGACI\u00d3 EN CI\u00c8NCIES DE LA SALUT<\/p>\n<p>PREMI TIRME Salut mediambiental \u201cInfluencia del medio ambiente laboral en los valores de diferentes par\u00e1metros relacionados con el riesgo cardiovascular\u201d Mar\u00eda Gil Llin\u00e1s HOSPITAL SON LLATZER<\/p>\n<p>PREMI HOSPITAL QUIR\u00d3N PALMAPLANAS Especialitats M\u00e8diques \u201cPrevalencia del s\u00edndrome metab\u00f3lico prem\u00f3rbido en trabajadores espa\u00f1oles mediante los criterios diagn\u00f3sticos IDF y ATPIII: Relaci\u00f3n con los factores de riesgo cardiovascular. Antoni Aguil\u00f3 Pons UNIVERSITAT DE LES ILLES BALEARS<\/p>\n<p>PREMI JEAN DAUSSET- Tesis Doctoral \u201cFactores gen\u00e9ticos y psicosociales implicados en la modulaci\u00f3n del dolor Mercedes Mart\u00ednez Jauand Universitat de les Illes Balears PREMI FUNDACI\u00d3 MATEU ORFILA Millor trajectoria d\u2019un profesional de la salut Concepci\u00f3 Villalonga Piera<\/p>\n<p>ACAD\u00c8MIC CORRESPONENT Per elecci\u00f3 &#8230;..Andr\u00e9s Mart\u00ednez-Jover ACAD\u00c8MIC CORRESPONENT Per elecci\u00f3 &#8230;..Te\u00f3fila Vicente Herrero<\/p>\n<p>DISTINCI\u00d3 C\u00c8DULA FUNDACIONAL 1788 Fundaci\u00f3 Patronat Cient\u00edfic del Il\u2022lustre Col\u2022legi de Metges DISTINCI\u00d3 C\u00c8DULA FUNDACIONAL 1788 Manuel Cifr\u00e9 Ramos<\/p>\n<p>Tots els guardonats foren premiats amb un fort aplaudiment en recollir el diploma de les autoritats presents a l\u2019estrada. Una vegada finalitzat el lliurament dels premis del Curs Acad\u00e8mic 2013, el Sr. Vicesecretari anunci\u00e0 la convocat\u00f2ria dels Premis de la Reial Acad\u00e8mia pel curs 2014, que es regir\u00e0 per les bases aprovades en el moment de la seva constituci\u00f3 i signatura, que es fan publiques a partir d\u2019aquest moment i que es difondran a trav\u00e9s de la premsa di\u00e0ria balear, i els mitjans de comunicaci\u00f3 professionals.<\/p>\n<p>Com a cloenda l\u2019excel\u2022lentissim Sr. President, Dr. Anguera, felicit\u00e0 a tots els guardonats, i agra\u00ed l\u2019assist\u00e8ncia a les autoritats, acad\u00e8mics i p\u00fablic en general, i en nom de S. M. el Rei d\u2019Espanya, declar\u00e0 obert el Curs Acad\u00e8mic 2014, i va clausur\u00e0 la sessi\u00f3.<\/p>\n<table width=\"97%\" align=\"center\">\n<tbody>\n<tr>\n<td valign=\"top\" width=\"13%\">\n<h3><span class=\"gris12Oscuro\">Data: <\/span><\/h3>\n<\/td>\n<td valign=\"top\" width=\"87%\">\n<h3>23\/01\/2014<\/h3>\n<\/td>\n<\/tr>\n<tr>\n<td valign=\"top\">\n<h3><span class=\"gris12Oscuro\"> Lloc: <\/span><\/h3>\n<\/td>\n<td valign=\"top\">\n<h3>RAMIB<\/h3>\n<\/td>\n<\/tr>\n<tr>\n<td valign=\"top\">\n<h3><span class=\"gris12Oscuro\"> Hora: <\/span><\/h3>\n<\/td>\n<td valign=\"top\">\n<h3>19: 30<\/h3>\n<\/td>\n<\/tr>\n<\/tbody>\n<\/table>\n","protected":false},"excerpt":{"rendered":"<p>El dia 23 de gener de 2014 a les 19,30 hores va tenir lloc a la Sala d\u2019Actes de Can Campaner la Solemne Sessi\u00f3 Inaugural del present curs acad\u00e8mic de [&hellip;]<\/p>\n","protected":false},"author":2,"featured_media":0,"comment_status":"closed","ping_status":"closed","sticky":false,"template":"","format":"standard","meta":{"_monsterinsights_skip_tracking":false,"_monsterinsights_sitenote_active":false,"_monsterinsights_sitenote_note":"","_monsterinsights_sitenote_category":0,"footnotes":""},"categories":[14,24,7,18],"tags":[],"_links":{"self":[{"href":"https:\/\/ramib.org\/oficial\/index.php\/wp-json\/wp\/v2\/posts\/29"}],"collection":[{"href":"https:\/\/ramib.org\/oficial\/index.php\/wp-json\/wp\/v2\/posts"}],"about":[{"href":"https:\/\/ramib.org\/oficial\/index.php\/wp-json\/wp\/v2\/types\/post"}],"author":[{"embeddable":true,"href":"https:\/\/ramib.org\/oficial\/index.php\/wp-json\/wp\/v2\/users\/2"}],"replies":[{"embeddable":true,"href":"https:\/\/ramib.org\/oficial\/index.php\/wp-json\/wp\/v2\/comments?post=29"}],"version-history":[{"count":1,"href":"https:\/\/ramib.org\/oficial\/index.php\/wp-json\/wp\/v2\/posts\/29\/revisions"}],"predecessor-version":[{"id":970,"href":"https:\/\/ramib.org\/oficial\/index.php\/wp-json\/wp\/v2\/posts\/29\/revisions\/970"}],"wp:attachment":[{"href":"https:\/\/ramib.org\/oficial\/index.php\/wp-json\/wp\/v2\/media?parent=29"}],"wp:term":[{"taxonomy":"category","embeddable":true,"href":"https:\/\/ramib.org\/oficial\/index.php\/wp-json\/wp\/v2\/categories?post=29"},{"taxonomy":"post_tag","embeddable":true,"href":"https:\/\/ramib.org\/oficial\/index.php\/wp-json\/wp\/v2\/tags?post=29"}],"curies":[{"name":"wp","href":"https:\/\/api.w.org\/{rel}","templated":true}]}}