{"id":288,"date":"2016-11-14T09:20:39","date_gmt":"2016-11-14T09:20:39","guid":{"rendered":"https:\/\/ramib.org\/oficial\/index.php\/23-11-2016-recepcion-como-academico-numerario-m-ilustre-sr-javier-cortes-bordoy\/"},"modified":"2019-10-11T06:59:23","modified_gmt":"2019-10-11T06:59:23","slug":"23-11-2016-recepcion-como-academico-numerario-m-ilustre-sr-javier-cortes-bordoy","status":"publish","type":"post","link":"https:\/\/ramib.org\/oficial\/index.php\/2016\/11\/14\/23-11-2016-recepcion-como-academico-numerario-m-ilustre-sr-javier-cortes-bordoy\/","title":{"rendered":"23\/11\/2016: Recepci\u00f3n como acad\u00e9mico numerario M.Ilustre Sr. Javier Cort\u00e9s Bordoy"},"content":{"rendered":"<p>&nbsp;<\/p>\n<p>&nbsp;<\/p>\n<p style=\"font-size: 16.016px; text-align: justify;\"><span style=\"font-family: verdana, geneva; font-size: 13.3333px;\">El dia 23 de noviembre del 2016 se celebr\u00f3 el acto &nbsp;oficial d&#8217;ingreso del Dr. Javier Cort\u00e9s Bordoy.<\/span><\/p>\n<p>&nbsp;<\/p>\n<p>  <!--more-->  <\/p>\n<p style=\"font-size: 16.016px; text-align: justify;\">&nbsp;<\/p>\n<p style=\"font-size: 16.016px; text-align: justify;\"><span style=\"font-family: verdana, geneva; font-size: 10pt;\">El Sr. Presidente de la Corporaci\u00f3n, Excmo. Sr. Maci\u00e0 Tom\u00e1s Salv\u00e1, abri\u00f3 la sesi\u00f3n. Se sentaron junto \u00e9l en la mesa presidencial el Honorable Sr. Vicen\u00e7 Thom\u00e0s y Mulet, vicepresidente primero del Parlamento de las Islas Baleares; D. Josep Enric Claverol y Florit, director general de Relaciones Institucionales y Acci\u00f3n Exterior; el Dr. Juli Fuster Culebras, director general del Servicio de Salud de las Islas Baleares y, el Ilmo. Sr. Antoni Bennasar Arb\u00f3s, presidente del Colegio Oficial de M\u00e9dicos. El Excmo. Sr. Santiago Dexeus y Trias de Bes y otras autoridades acompa\u00f1an los se\u00f1ores acad\u00e9micos numerarios en el estrado de la sala de actos.<\/span><\/p>\n<p style=\"font-size: 16.016px;\"><span style=\"font-family: verdana, geneva;\"><img decoding=\"async\" src=\"images\/noticies\/2016\/cortes1.jpg\" alt=\"cortes1\" style=\"display: block; margin-left: auto; margin-right: auto;\" \/><\/span><\/p>\n<p style=\"font-size: 16.016px; text-align: justify;\"><span style=\"font-family: verdana, geneva; font-size: 10pt;\">Abre la sesi\u00f3n el Sr. Presidente con unas breves palabras de bienvenida a los asistentes, con la solemnidad que marca el protocolo para estos actos y da la palabra al Secretario General Dr. Antoni Ca\u00f1ellas, que lee un extracto del Acta de la sesi\u00f3n extraordinaria de d\u00eda 7 de junio en la que el Dr. Javier Cort\u00e9s Bordoy result\u00f3 elegido acad\u00e9mico numerario.<\/span><\/p>\n<p style=\"font-size: 16.016px; text-align: justify;\"><span style=\"font-family: verdana, geneva; font-size: 10pt;\">A continuaci\u00f3n y a indicaci\u00f3n del Presidente, los acad\u00e9micos m\u00e1s antiguo y m\u00e1s novel, Dr. Miquel Munar Qu\u00e9s y Dra. Pilar Roca Salom, acompa\u00f1an solemnemente en la sala el Dr. Javier Cort\u00e9s Bordoy entre los aplausos del p\u00fablico asistente puesto en pie.<\/span><\/p>\n<p style=\"font-size: 16.016px; text-align: justify;\"><span style=\"font-family: verdana, geneva; font-size: 10pt;\">El presidente di\u00f3 la palabra al recipiendario, que ley\u00f3 su discurso de entrada titulado &#8220;Cr\u00f3nica apasionada de un viaje apasionante&#8221;, magn\u00edficamente expuesto y largamente aplaudido por el numeroso p\u00fablico asistente al acto.<\/span><\/p>\n<p style=\"font-size: 16.016px; text-align: justify;\"><span style=\"font-family: verdana, geneva;\"><img loading=\"lazy\" decoding=\"async\" src=\"images\/noticies\/2016\/cortes2.jpg\" alt=\"cortes2\" width=\"183\" height=\"286\" style=\"margin-right: 5px; float: left;\" \/><\/span><\/p>\n<p style=\"font-size: 16.016px; text-align: justify;\"><span style=\"font-family: verdana, geneva;\"><img loading=\"lazy\" decoding=\"async\" src=\"images\/noticies\/2016\/cortes3.jpg\" alt=\"cortes3\" width=\"331\" height=\"220\" style=\"text-align: justify; font-family: verdana, geneva; font-size: 13.3333px; margin-top: 30px; margin-right: 5px; float: right;\" \/><\/span><\/p>\n<p>&nbsp;<\/p>\n<p>&nbsp;<\/p>\n<p>&nbsp;<\/p>\n<p>&nbsp;<\/p>\n<p>&nbsp;<\/p>\n<p>&nbsp;<\/p>\n<p>&nbsp;<\/p>\n<p>&nbsp;<\/p>\n<p><span style=\"font-size: 16.016px;\"><\/span><\/p>\n<p>&nbsp;<\/p>\n<p style=\"font-size: 16.016px; text-align: justify;\"><span style=\"font-family: verdana, geneva; font-size: 10pt;\">El Dr. Alfonso Ballesteros Fern\u00e1ndez, acad\u00e9mico numerario y ex-presidente de la Corporaci\u00f3n contest\u00f3 en nombre de la Real Academia al nuevo acad\u00e9mico, de quien destac\u00f3 los m\u00e9ritos y la larga y provechosa trayectoria profesional, as\u00ed como la gran calidad humana que lo acompa\u00f1a.<\/span><\/p>\n<p style=\"font-size: 16.016px;\"><img decoding=\"async\" src=\"images\/noticies\/2016\/cortes4.jpg\" alt=\"cortes4\" style=\"display: block; margin-left: auto; margin-right: auto;\" \/><\/p>\n<p style=\"font-size: 16.016px; text-align: justify;\"><span style=\"font-family: verdana, geneva; font-size: 10pt;\">Una vez finalizado el discurso del Dr. Ballesteros, el presidente impuso la medalla de la corporaci\u00f3n al Dr. Javier Cort\u00e9s Bordoy y le entreg\u00f3 el diploma acreditativo.<\/span><\/p>\n<p style=\"font-size: 16.016px;\"><img decoding=\"async\" src=\"images\/noticies\/2016\/cortes7.jpg\" alt=\"cortes7\" style=\"display: block; margin-left: auto; margin-right: auto;\" \/><\/p>\n<p style=\"font-size: 16.016px; text-align: justify;\"><span style=\"font-family: verdana, geneva; font-size: 10pt;\">Finalmente, el presidente di\u00f3 por cerrada la solemne sesi\u00f3n.<\/span><\/p>\n<p style=\"font-size: 16.016px;\"><img decoding=\"async\" src=\"images\/noticies\/2016\/cortes8.jpg\" alt=\"cortes8\" style=\"display: block; margin-left: auto; margin-right: auto;\" \/><\/p>\n<p>&nbsp;<\/p>\n","protected":false},"excerpt":{"rendered":"<p>&nbsp; &nbsp; El dia 23 de noviembre del 2016 se celebr\u00f3 el acto &nbsp;oficial d&#8217;ingreso del Dr. Javier Cort\u00e9s Bordoy. &nbsp;<\/p>\n","protected":false},"author":3,"featured_media":0,"comment_status":"closed","ping_status":"closed","sticky":false,"template":"","format":"standard","meta":{"_monsterinsights_skip_tracking":false,"_monsterinsights_sitenote_active":false,"_monsterinsights_sitenote_note":"","_monsterinsights_sitenote_category":0,"footnotes":""},"categories":[166,24,22],"tags":[],"_links":{"self":[{"href":"https:\/\/ramib.org\/oficial\/index.php\/wp-json\/wp\/v2\/posts\/288"}],"collection":[{"href":"https:\/\/ramib.org\/oficial\/index.php\/wp-json\/wp\/v2\/posts"}],"about":[{"href":"https:\/\/ramib.org\/oficial\/index.php\/wp-json\/wp\/v2\/types\/post"}],"author":[{"embeddable":true,"href":"https:\/\/ramib.org\/oficial\/index.php\/wp-json\/wp\/v2\/users\/3"}],"replies":[{"embeddable":true,"href":"https:\/\/ramib.org\/oficial\/index.php\/wp-json\/wp\/v2\/comments?post=288"}],"version-history":[{"count":1,"href":"https:\/\/ramib.org\/oficial\/index.php\/wp-json\/wp\/v2\/posts\/288\/revisions"}],"predecessor-version":[{"id":890,"href":"https:\/\/ramib.org\/oficial\/index.php\/wp-json\/wp\/v2\/posts\/288\/revisions\/890"}],"wp:attachment":[{"href":"https:\/\/ramib.org\/oficial\/index.php\/wp-json\/wp\/v2\/media?parent=288"}],"wp:term":[{"taxonomy":"category","embeddable":true,"href":"https:\/\/ramib.org\/oficial\/index.php\/wp-json\/wp\/v2\/categories?post=288"},{"taxonomy":"post_tag","embeddable":true,"href":"https:\/\/ramib.org\/oficial\/index.php\/wp-json\/wp\/v2\/tags?post=288"}],"curies":[{"name":"wp","href":"https:\/\/api.w.org\/{rel}","templated":true}]}}