{"id":283,"date":"2016-09-27T06:33:59","date_gmt":"2016-09-27T06:33:59","guid":{"rendered":"https:\/\/ramib.org\/oficial\/index.php\/sesion-cientifica-04-10-2016-obsesiones-y-compulsiones-la-necesidad-de-repetir\/"},"modified":"2019-09-03T10:01:10","modified_gmt":"2019-09-03T10:01:10","slug":"sesion-cientifica-04-10-2016-obsesiones-y-compulsiones-la-necesidad-de-repetir","status":"publish","type":"post","link":"https:\/\/ramib.org\/oficial\/index.php\/2016\/09\/27\/sesion-cientifica-04-10-2016-obsesiones-y-compulsiones-la-necesidad-de-repetir\/","title":{"rendered":"Sesi\u00f3n cient\u00edfica 04\/10\/2016: &#8220;Obsesiones y compulsiones: la necesidad de repetir\u201d"},"content":{"rendered":"<p style=\"text-align: justify;\"><span style=\"font-family: verdana, geneva; font-size: 10pt;\"><\/span><span style=\"font-family: verdana, geneva;\">Sesi\u00f3n cient\u00edfica.- D\u00eda 4 de octubre de 2016, tuvo lugar en la sede de Can Campaner n\u00ba 4 de la Consejer\u00eda de Salud y de nuestra Real Academia de Medicina, la sesi\u00f3n cient\u00edfica con la conferencia: &#8220;Obsesiones y compulsiones: la necesidad de repetir\u201d a cargo del Dr. Josep Manuel Mench\u00f3n, jefe del servicio de psiquiatr\u00eda del Hospital Universitario de Bellvitge i Profesor Titular de Psiquiatr\u00eda de la Universidad de Barcelona.<\/span><span style=\"font-family: verdana, geneva;\"><\/span><\/p>\n<p>  <!--more-->  <\/p>\n<p>&nbsp;<\/p>\n<p>&nbsp;<\/p>\n<table border=\"0\" style=\"height: 796px; width: 684px;\">\n<tbody>\n<tr valign=\"middle\">\n<td style=\"text-align: center;\" valign=\"middle\"><img loading=\"lazy\" decoding=\"async\" src=\"images\/noticies\/2016\/menchon1.jpg\" alt=\"\" width=\"301\" height=\"202\" style=\"vertical-align: middle; display: block; margin-left: auto; margin-right: auto;\" \/><\/td>\n<td><img loading=\"lazy\" decoding=\"async\" src=\"images\/noticies\/2016\/menchon2.jpg\" alt=\"menchon2\" width=\"203\" height=\"303\" style=\"display: block; margin-left: auto; margin-right: auto;\" \/><\/td>\n<\/tr>\n<tr>\n<td><img loading=\"lazy\" decoding=\"async\" src=\"images\/noticies\/2016\/menchon3.jpg\" alt=\"\" width=\"301\" height=\"202\" \/><\/td>\n<td style=\"text-align: center;\"><img loading=\"lazy\" decoding=\"async\" src=\"images\/noticies\/2016\/menchon4.jpg\" alt=\"\" width=\"301\" height=\"202\" \/><\/td>\n<\/tr>\n<tr>\n<td><img loading=\"lazy\" decoding=\"async\" src=\"images\/noticies\/2016\/menchon5.jpg\" alt=\"\" width=\"301\" height=\"202\" \/><\/td>\n<td style=\"text-align: center;\"><img loading=\"lazy\" decoding=\"async\" src=\"images\/noticies\/2016\/menchon6.jpg\" alt=\"\" width=\"301\" height=\"202\" \/><\/td>\n<\/tr>\n<\/tbody>\n<\/table>\n<p><img decoding=\"async\" src=\"images\/noticies\/2016\/menchon7.jpg\" alt=\"\" style=\"display: block; margin-left: auto; margin-right: auto;\" \/><\/p>\n","protected":false},"excerpt":{"rendered":"<p>Sesi\u00f3n cient\u00edfica.- D\u00eda 4 de octubre de 2016, tuvo lugar en la sede de Can Campaner n\u00ba 4 de la Consejer\u00eda de Salud y de nuestra Real Academia de Medicina, [&hellip;]<\/p>\n","protected":false},"author":3,"featured_media":0,"comment_status":"closed","ping_status":"closed","sticky":false,"template":"","format":"standard","meta":{"_monsterinsights_skip_tracking":false,"_monsterinsights_sitenote_active":false,"_monsterinsights_sitenote_note":"","_monsterinsights_sitenote_category":0,"footnotes":""},"categories":[],"tags":[],"_links":{"self":[{"href":"https:\/\/ramib.org\/oficial\/index.php\/wp-json\/wp\/v2\/posts\/283"}],"collection":[{"href":"https:\/\/ramib.org\/oficial\/index.php\/wp-json\/wp\/v2\/posts"}],"about":[{"href":"https:\/\/ramib.org\/oficial\/index.php\/wp-json\/wp\/v2\/types\/post"}],"author":[{"embeddable":true,"href":"https:\/\/ramib.org\/oficial\/index.php\/wp-json\/wp\/v2\/users\/3"}],"replies":[{"embeddable":true,"href":"https:\/\/ramib.org\/oficial\/index.php\/wp-json\/wp\/v2\/comments?post=283"}],"version-history":[{"count":1,"href":"https:\/\/ramib.org\/oficial\/index.php\/wp-json\/wp\/v2\/posts\/283\/revisions"}],"predecessor-version":[{"id":895,"href":"https:\/\/ramib.org\/oficial\/index.php\/wp-json\/wp\/v2\/posts\/283\/revisions\/895"}],"wp:attachment":[{"href":"https:\/\/ramib.org\/oficial\/index.php\/wp-json\/wp\/v2\/media?parent=283"}],"wp:term":[{"taxonomy":"category","embeddable":true,"href":"https:\/\/ramib.org\/oficial\/index.php\/wp-json\/wp\/v2\/categories?post=283"},{"taxonomy":"post_tag","embeddable":true,"href":"https:\/\/ramib.org\/oficial\/index.php\/wp-json\/wp\/v2\/tags?post=283"}],"curies":[{"name":"wp","href":"https:\/\/api.w.org\/{rel}","templated":true}]}}