{"id":281,"date":"2016-06-23T10:29:54","date_gmt":"2016-06-23T10:29:54","guid":{"rendered":"https:\/\/ramib.org\/oficial\/index.php\/sesion-cientifica-05-07-2016-tractament-de-la-diabetis-tipus-2-2016-nous-paradigmes\/"},"modified":"2019-10-11T07:01:54","modified_gmt":"2019-10-11T07:01:54","slug":"sesion-cientifica-05-07-2016-tractament-de-la-diabetis-tipus-2-2016-nous-paradigmes","status":"publish","type":"post","link":"https:\/\/ramib.org\/oficial\/index.php\/2016\/06\/23\/sesion-cientifica-05-07-2016-tractament-de-la-diabetis-tipus-2-2016-nous-paradigmes\/","title":{"rendered":"Sesi\u00f3n cient\u00edfica 05\/07\/2016: &#8220;Tractament de la Diabetis Tipus 2, 2016: Nous Paradigmes\u201d"},"content":{"rendered":"<p style=\"text-align: justify;\"><span style=\"font-family: verdana, geneva; font-size: 10pt; text-align: justify;\">Sesi\u00f3n cient\u00edfica.- D\u00eda 5 de julio tuvo lugar en la sede de Can Campaner n\u00ba 4 de la Consejer\u00eda de Salud y de nuestra Real Academia de Medicina, la sesi\u00f3n cient\u00edfica con la conferencia &#8220;Tractament de la Diabetis Tipus 2, 2016: Nous Paradigmes\u201d a cargo del Dr. Llu\u00eds Masmiquel Comas, jefe del servicio de endocrinolog\u00eda i nutrici\u00f3n del Hospital Son Ll\u00e0tzer.<\/span><\/p>\n<p>  <!--more-->  <\/p>\n<table border=\"0\">\n<tbody>\n<tr>\n<td style=\"text-align: center;\"><img decoding=\"async\" src=\"images\/noticies\/2016\/masmiquel5.jpg\" alt=\"masmiquel5\" \/><\/td>\n<td><img decoding=\"async\" src=\"images\/noticies\/2016\/masmiquel2.jpg\" alt=\"\" \/><\/td>\n<\/tr>\n<tr>\n<td><img decoding=\"async\" src=\"images\/noticies\/2016\/masmiquel3.jpg\" alt=\"\" \/><\/td>\n<td style=\"text-align: center;\"><img decoding=\"async\" src=\"images\/noticies\/2016\/masmiquel4.jpg\" alt=\"\" \/><\/td>\n<\/tr>\n<tr>\n<td><img decoding=\"async\" src=\"images\/noticies\/2016\/masmiquel7.jpg\" alt=\"\" \/><\/td>\n<td style=\"text-align: center;\"><img decoding=\"async\" src=\"images\/noticies\/2016\/masmiquel1.jpg\" alt=\"\" style=\"font-size: 11px;\" \/><\/td>\n<\/tr>\n<\/tbody>\n<\/table>\n<p style=\"font-size: 16.016px;\"><img decoding=\"async\" src=\"images\/noticies\/2016\/masmiquel6.jpg\" alt=\"\" style=\"display: block; margin-left: auto; margin-right: auto;\" \/><\/p>\n<p style=\"text-align: justify;\">&nbsp;<\/p>\n<p>&nbsp;<\/p>\n","protected":false},"excerpt":{"rendered":"<p>Sesi\u00f3n cient\u00edfica.- D\u00eda 5 de julio tuvo lugar en la sede de Can Campaner n\u00ba 4 de la Consejer\u00eda de Salud y de nuestra Real Academia de Medicina, la sesi\u00f3n [&hellip;]<\/p>\n","protected":false},"author":3,"featured_media":0,"comment_status":"closed","ping_status":"closed","sticky":false,"template":"","format":"standard","meta":{"_monsterinsights_skip_tracking":false,"_monsterinsights_sitenote_active":false,"_monsterinsights_sitenote_note":"","_monsterinsights_sitenote_category":0,"footnotes":""},"categories":[17],"tags":[],"_links":{"self":[{"href":"https:\/\/ramib.org\/oficial\/index.php\/wp-json\/wp\/v2\/posts\/281"}],"collection":[{"href":"https:\/\/ramib.org\/oficial\/index.php\/wp-json\/wp\/v2\/posts"}],"about":[{"href":"https:\/\/ramib.org\/oficial\/index.php\/wp-json\/wp\/v2\/types\/post"}],"author":[{"embeddable":true,"href":"https:\/\/ramib.org\/oficial\/index.php\/wp-json\/wp\/v2\/users\/3"}],"replies":[{"embeddable":true,"href":"https:\/\/ramib.org\/oficial\/index.php\/wp-json\/wp\/v2\/comments?post=281"}],"version-history":[{"count":1,"href":"https:\/\/ramib.org\/oficial\/index.php\/wp-json\/wp\/v2\/posts\/281\/revisions"}],"predecessor-version":[{"id":897,"href":"https:\/\/ramib.org\/oficial\/index.php\/wp-json\/wp\/v2\/posts\/281\/revisions\/897"}],"wp:attachment":[{"href":"https:\/\/ramib.org\/oficial\/index.php\/wp-json\/wp\/v2\/media?parent=281"}],"wp:term":[{"taxonomy":"category","embeddable":true,"href":"https:\/\/ramib.org\/oficial\/index.php\/wp-json\/wp\/v2\/categories?post=281"},{"taxonomy":"post_tag","embeddable":true,"href":"https:\/\/ramib.org\/oficial\/index.php\/wp-json\/wp\/v2\/tags?post=281"}],"curies":[{"name":"wp","href":"https:\/\/api.w.org\/{rel}","templated":true}]}}