{"id":280,"date":"2016-06-23T10:21:51","date_gmt":"2016-06-23T10:21:51","guid":{"rendered":"https:\/\/ramib.org\/oficial\/index.php\/sessio-cientifica-05-07-2016-tractament-de-la-diabetis-tipus-2-2016-nous-paradigmes\/"},"modified":"2019-10-11T07:02:09","modified_gmt":"2019-10-11T07:02:09","slug":"sessio-cientifica-05-07-2016-tractament-de-la-diabetis-tipus-2-2016-nous-paradigmes","status":"publish","type":"post","link":"https:\/\/ramib.org\/oficial\/index.php\/2016\/06\/23\/sessio-cientifica-05-07-2016-tractament-de-la-diabetis-tipus-2-2016-nous-paradigmes\/","title":{"rendered":"Sessi\u00f3 cient\u00edfica 05\/07\/2016: &#8220;Tractament de la Diabetis Tipus 2, 2016: Nous Paradigmes\u201d"},"content":{"rendered":"<p style=\"text-align: justify;\"><span style=\"font-size: 10pt;\"><\/span><span style=\"font-family: verdana, geneva; font-size: 10pt;\">Sessi\u00f3 cient\u00edfica.-Dia 5 de juliol va tenir lloc a la seu de Can Campaner n\u00ba 4 de la Conselleria de Salut i de la nostra Reial Acad\u00e8mia de Medicina, la sessi\u00f3 cient\u00edfica amb la confer\u00e8ncia &#8220;Tractament de la Diabetis Tipus 2, 2016: Nous Paradigmes\u201d &#8211; A c\u00e0rrec del Dr. Llu\u00eds Masmiquel Comas, cap del servei d\u2019endocrinologia i nutrici\u00f3 de l\u2019Hospital Son Ll\u00e0tzer.<\/span><\/p>\n<p>  <!--more-->  <\/p>\n<table border=\"0\">\n<tbody>\n<tr>\n<td style=\"text-align: center;\"><img decoding=\"async\" src=\"images\/noticies\/2016\/masmiquel5.jpg\" alt=\"masmiquel5\" \/><\/td>\n<td><img decoding=\"async\" src=\"images\/noticies\/2016\/masmiquel2.jpg\" alt=\"\" \/><\/td>\n<\/tr>\n<tr>\n<td><img decoding=\"async\" src=\"images\/noticies\/2016\/masmiquel3.jpg\" alt=\"\" \/><\/td>\n<td style=\"text-align: center;\"><img decoding=\"async\" src=\"images\/noticies\/2016\/masmiquel4.jpg\" alt=\"\" \/><\/td>\n<\/tr>\n<tr>\n<td><img decoding=\"async\" src=\"images\/noticies\/2016\/masmiquel7.jpg\" alt=\"\" \/><\/td>\n<td style=\"text-align: center;\"><img decoding=\"async\" src=\"images\/noticies\/2016\/masmiquel1.jpg\" alt=\"\" \/><\/td>\n<\/tr>\n<\/tbody>\n<\/table>\n<p style=\"font-size: 16.016px;\"><img decoding=\"async\" src=\"images\/noticies\/2016\/masmiquel6.jpg\" alt=\"\" style=\"display: block; margin-left: auto; margin-right: auto;\" \/><\/p>\n<p style=\"text-align: justify;\"><span style=\"font-family: verdana, geneva; font-size: 10pt;\"><\/span><\/p>\n","protected":false},"excerpt":{"rendered":"<p>Sessi\u00f3 cient\u00edfica.-Dia 5 de juliol va tenir lloc a la seu de Can Campaner n\u00ba 4 de la Conselleria de Salut i de la nostra Reial Acad\u00e8mia de Medicina, la [&hellip;]<\/p>\n","protected":false},"author":3,"featured_media":0,"comment_status":"closed","ping_status":"closed","sticky":false,"template":"","format":"standard","meta":{"_monsterinsights_skip_tracking":false,"_monsterinsights_sitenote_active":false,"_monsterinsights_sitenote_note":"","_monsterinsights_sitenote_category":0,"footnotes":""},"categories":[17],"tags":[],"_links":{"self":[{"href":"https:\/\/ramib.org\/oficial\/index.php\/wp-json\/wp\/v2\/posts\/280"}],"collection":[{"href":"https:\/\/ramib.org\/oficial\/index.php\/wp-json\/wp\/v2\/posts"}],"about":[{"href":"https:\/\/ramib.org\/oficial\/index.php\/wp-json\/wp\/v2\/types\/post"}],"author":[{"embeddable":true,"href":"https:\/\/ramib.org\/oficial\/index.php\/wp-json\/wp\/v2\/users\/3"}],"replies":[{"embeddable":true,"href":"https:\/\/ramib.org\/oficial\/index.php\/wp-json\/wp\/v2\/comments?post=280"}],"version-history":[{"count":1,"href":"https:\/\/ramib.org\/oficial\/index.php\/wp-json\/wp\/v2\/posts\/280\/revisions"}],"predecessor-version":[{"id":898,"href":"https:\/\/ramib.org\/oficial\/index.php\/wp-json\/wp\/v2\/posts\/280\/revisions\/898"}],"wp:attachment":[{"href":"https:\/\/ramib.org\/oficial\/index.php\/wp-json\/wp\/v2\/media?parent=280"}],"wp:term":[{"taxonomy":"category","embeddable":true,"href":"https:\/\/ramib.org\/oficial\/index.php\/wp-json\/wp\/v2\/categories?post=280"},{"taxonomy":"post_tag","embeddable":true,"href":"https:\/\/ramib.org\/oficial\/index.php\/wp-json\/wp\/v2\/tags?post=280"}],"curies":[{"name":"wp","href":"https:\/\/api.w.org\/{rel}","templated":true}]}}