{"id":278,"date":"2016-06-07T11:56:26","date_gmt":"2016-06-07T11:56:26","guid":{"rendered":"https:\/\/ramib.org\/oficial\/index.php\/l-academia-espanyola-d-odontologia-pierre-fauchard-celebra-la-seva-reunio-anual-en-el-burgo-de-osma-soria\/"},"modified":"2019-09-03T10:01:51","modified_gmt":"2019-09-03T10:01:51","slug":"l-academia-espanyola-d-odontologia-pierre-fauchard-celebra-la-seva-reunio-anual-en-el-burgo-de-osma-soria","status":"publish","type":"post","link":"https:\/\/ramib.org\/oficial\/index.php\/2016\/06\/07\/l-academia-espanyola-d-odontologia-pierre-fauchard-celebra-la-seva-reunio-anual-en-el-burgo-de-osma-soria\/","title":{"rendered":"L&#8217;ACAD\u00c8MIA ESPANYOLA D\u2019ODONTOLOGIA PIERRE FAUCHARD CELEBRA LA SEVA REUNI\u00d3 ANUAL EN EL BURGO DE OSMA (SORIA)"},"content":{"rendered":"<p>&nbsp;<\/p>\n<p style=\"text-align: center;\"><span style=\"font-family: verdana, geneva;\">L&#8217;ACAD\u00c8MIA ESPANYOLA D\u2019ODONTOLOGIA PIERRE FAUCHARD CELEBRA LA SEVA REUNI\u00d3 ANUAL EN EL BURGO DE OSMA (SORIA)<\/span><br \/><span style=\"font-family: verdana, geneva; font-size: 10pt;\">El Dr. Pere Riutord finalitza el seu mandat despr\u00e9s de <\/span><br \/><span style=\"font-family: verdana, geneva; font-size: 10pt;\">quatre anys com a President de la Instituci\u00f3<\/span><\/p>\n<p>  <!--more-->  <\/p>\n<p>&nbsp;<\/p>\n<p style=\"text-align: justify;\"><span style=\"font-family: verdana, geneva; font-size: 10pt;\">Els dies 20, 21 i 22 de maig de 2016, El Burgo de Osma (S\u00f2ria) ha acollit la Reuni\u00f3 Anual de l&#8217;Acad\u00e8mia Espanyola d&#8217;Odontologia Pierre Fauchard.<\/span><\/p>\n<p style=\"text-align: justify;\"><span style=\"font-family: verdana, geneva; font-size: 10pt;\">El Solemne acte d&#8217;inducci\u00f3 dels nous acad\u00e8mics, va ser presidit per la m\u00e0xima autoritat del Campus Universitari de Soria, el Prof. Alfredo C\u00f3rdova, acompanyat pel President de l&#8217;Acad\u00e8mia Espanyola d&#8217;Odontologia Pierre Fauchard Dr. Pere Riutord, el Secretari General, Dr. F. Xavier G\u00fcerri i el President de les Jornades Nacionals, Dr. Angel Hernanz.<\/span><\/p>\n<p style=\"text-align: justify;\"><span style=\"font-family: verdana, geneva; font-size: 10pt;\">Fundada el 1936 a Minnesota pel dentista Elmer S. Best, la Pierre Fauchard Academy est\u00e0 formada per 119 acad\u00e8mies associades repartides pels cinc continents, amb m\u00e9s de 7.000 acad\u00e8mics. L&#8217;Acad\u00e8mia Espanyola d&#8217;Odontologia Pierre Fauchard, representa l&#8217;\u00fanica organitzaci\u00f3 dental espanyola d&#8217;aquestes caracter\u00edstiques, agrupant a un centenar de dentistes anomenats entre els m\u00e9s de trenta mil que formen part de l&#8217;organitzaci\u00f3 col\u00b7legial odontol\u00f3gica espanyola. <\/span><\/p>\n<p style=\"text-align: justify;\"><span style=\"font-family: verdana, geneva; font-size: 10pt;\">L&#8217;Alcalde de El Burgo de Osma, Prof. Jes\u00fas Alonso, va pronunciar la confer\u00e8ncia magistral del solemne acte d&#8217;inducci\u00f3 dels nous acad\u00e8mics. L&#8217;acad\u00e8mic Dr. Pere Riutord, ha ocupat el c\u00e0rrec de President de l&#8217;Acad\u00e8mia Espanyola d&#8217;Odontologia Pierre Fauchard des de fa quatre anys, finalitzant el seu mandat aquest any, una vegada aprovats els nous Estatuts de la Instituci\u00f3 Acad\u00e8mica, rellevant-li en el c\u00e0rrec el Prof. Josep Maria Ustrell, Director del Departament de Odontoestomatologia de la Universitat de Barcelona.<\/span><\/p>\n<p style=\"text-align: justify;\"><span style=\"font-family: verdana, geneva; font-size: 10pt;\">Aquestes jornades han acollit a nombrosos acad\u00e8mics procedents d&#8217;altres Comunitats Aut\u00f2nomes, participant activament en l&#8217;Assemblea General i en les sessions cient\u00edfiques celebrades a l&#8217;Hotel Castilla Termal, antiga Universitat de Santa Catalina. A m\u00e9s de l&#8217;assist\u00e8ncia del President de la Instituci\u00f3, Dr. Pere Riutord, han assistit els acad\u00e8mics numeraris de Balears, el Dr. Andr\u00e9s Mart\u00ednez-Jover, el Dr. Emilio Mart\u00ednez-Almoyna i el recentment nomenat Dr. Guillem Roser, President del Col\u00b7legi de Dentistes de Balears.<\/span><\/p>\n<p style=\"text-align: justify;\"><span style=\"font-family: verdana, geneva;\"><img loading=\"lazy\" decoding=\"async\" src=\"images\/noticies\/2016\/PFA-foto-2.jpg\" alt=\"\" width=\"506\" height=\"337\" style=\"display: block; margin-left: auto; margin-right: auto;\" \/><\/span><\/p>\n<p><em><span style=\"font-size: 8pt;\">Membres de l&#8217;Acad\u00e8mia Espanyola d&#8217;Odontologia Pierre Fauchrd, a l\u2019Excel\u00b7lent\u00edssim Ajuntament de El Burgo de Osma, juntament amb l&#8217;Alcalde, Prof. Jes\u00fas Alonso, el Prof. Alfredo C\u00f3rdova, el Dr. Pere Riutord i el Prof. Josep Maria Ustrell.<br \/><\/span><\/em><\/p>\n<p><img loading=\"lazy\" decoding=\"async\" src=\"images\/noticies\/2016\/PFA-foto-1.jpg\" alt=\"\" width=\"419\" height=\"319\" style=\"display: block; margin-left: auto; margin-right: auto;\" \/><\/p>\n<p><em style=\"font-size: 16.016px;\"><span style=\"font-size: 8pt; font-family: verdana, geneva;\">Taula Presidencial ocupant la Sala de Plens de l\u2019Excel\u00b7lent\u00edssim Ajuntament de El Burgo de Osma, durant la celebraci\u00f3 del Solemne acte d&#8217;inducci\u00f3 dels nous acad\u00e8mics, presidit pel Prof. Alfredo C\u00f3rdova, m\u00e0xima autoritat acad\u00e8mica del Campus Universitari de S\u00f2ria, acompanyat pel President de l&#8217;Acad\u00e8mia Espanyola d&#8217;Odontologia Pierre Fauchard, Dr. Pere Riutord, el Secretari General, Dr. F. Xavier G\u00fcerri, el President Electe, Prof. Josep Maria Ustrell i el President de les Jornades Nacionals, Dr. Angel Hernanz.<\/span><\/em><\/p>\n<p><img loading=\"lazy\" decoding=\"async\" src=\"images\/noticies\/2016\/PFA-foto-3.jpg\" alt=\"\" width=\"487\" height=\"325\" style=\"display: block; margin-left: auto; margin-right: auto;\" \/><\/p>\n<p><span style=\"font-size: 8pt;\"><em><span style=\"font-family: verdana, geneva;\">El Dr. Pere Riutord rebent una placa d&#8217;agra\u00efment pels seus quatre anys al capdavant de l&#8217;Acad\u00e8mia Espanyola d&#8217;Odontologia Pierre Fauchard, de mans del President Electe, Prof. Josep Maria Ustrell.<\/span><\/em><\/span><\/p>\n","protected":false},"excerpt":{"rendered":"<p>&nbsp; L&#8217;ACAD\u00c8MIA ESPANYOLA D\u2019ODONTOLOGIA PIERRE FAUCHARD CELEBRA LA SEVA REUNI\u00d3 ANUAL EN EL BURGO DE OSMA (SORIA)El Dr. Pere Riutord finalitza el seu mandat despr\u00e9s de quatre anys com a [&hellip;]<\/p>\n","protected":false},"author":3,"featured_media":0,"comment_status":"closed","ping_status":"closed","sticky":false,"template":"","format":"standard","meta":{"_monsterinsights_skip_tracking":false,"_monsterinsights_sitenote_active":false,"_monsterinsights_sitenote_note":"","_monsterinsights_sitenote_category":0,"footnotes":""},"categories":[],"tags":[],"_links":{"self":[{"href":"https:\/\/ramib.org\/oficial\/index.php\/wp-json\/wp\/v2\/posts\/278"}],"collection":[{"href":"https:\/\/ramib.org\/oficial\/index.php\/wp-json\/wp\/v2\/posts"}],"about":[{"href":"https:\/\/ramib.org\/oficial\/index.php\/wp-json\/wp\/v2\/types\/post"}],"author":[{"embeddable":true,"href":"https:\/\/ramib.org\/oficial\/index.php\/wp-json\/wp\/v2\/users\/3"}],"replies":[{"embeddable":true,"href":"https:\/\/ramib.org\/oficial\/index.php\/wp-json\/wp\/v2\/comments?post=278"}],"version-history":[{"count":1,"href":"https:\/\/ramib.org\/oficial\/index.php\/wp-json\/wp\/v2\/posts\/278\/revisions"}],"predecessor-version":[{"id":899,"href":"https:\/\/ramib.org\/oficial\/index.php\/wp-json\/wp\/v2\/posts\/278\/revisions\/899"}],"wp:attachment":[{"href":"https:\/\/ramib.org\/oficial\/index.php\/wp-json\/wp\/v2\/media?parent=278"}],"wp:term":[{"taxonomy":"category","embeddable":true,"href":"https:\/\/ramib.org\/oficial\/index.php\/wp-json\/wp\/v2\/categories?post=278"},{"taxonomy":"post_tag","embeddable":true,"href":"https:\/\/ramib.org\/oficial\/index.php\/wp-json\/wp\/v2\/tags?post=278"}],"curies":[{"name":"wp","href":"https:\/\/api.w.org\/{rel}","templated":true}]}}