{"id":2775,"date":"2021-04-06T11:21:51","date_gmt":"2021-04-06T11:21:51","guid":{"rendered":"https:\/\/ramib.org\/oficial\/?p=2775"},"modified":"2022-11-19T12:50:43","modified_gmt":"2022-11-19T12:50:43","slug":"06-04-2021-la-pesta-de-1820-i-la-medicalitzacio-de-mallorca-2","status":"publish","type":"post","link":"https:\/\/ramib.org\/oficial\/index.php\/2021\/04\/06\/06-04-2021-la-pesta-de-1820-i-la-medicalitzacio-de-mallorca-2\/?lang=es","title":{"rendered":"06\/04\/2021: La pesta de 1820 i la medicalitzaci\u00f3 de Mallorca"},"content":{"rendered":"<p>D\u00eda 6 de abril se celebr\u00f3, en la sede acad\u00e9mica de Can Campaner, la sesi\u00f3n cient\u00edfica \u201cLa pesta de 1820 i la medicalitzaci\u00f3 de Mallorca\u201d.<\/p>\n<p><img loading=\"lazy\" decoding=\"async\" class=\"aligncenter size-full wp-image-2761\" src=\"https:\/\/ramib.org\/oficial\/wp-content\/uploads\/2021\/04\/Salas-1.jpg\" alt=\"\" width=\"640\" height=\"427\" srcset=\"https:\/\/ramib.org\/oficial\/wp-content\/uploads\/2021\/04\/Salas-1.jpg 640w, https:\/\/ramib.org\/oficial\/wp-content\/uploads\/2021\/04\/Salas-1-300x200.jpg 300w, https:\/\/ramib.org\/oficial\/wp-content\/uploads\/2021\/04\/Salas-1-630x420.jpg 630w\" sizes=\"(max-width: 640px) 100vw, 640px\" \/><\/p>\n<p>El presidente de la corporaci\u00f3n, Excm. Sr. Maci\u00e0 Tom\u00e0s Salv\u00e0 di\u00f3 abertura al acto agradeciendo al profesor Salas\u00a0 su participaci\u00f3n.<\/p>\n<p><img loading=\"lazy\" decoding=\"async\" class=\"aligncenter size-full wp-image-2763\" src=\"https:\/\/ramib.org\/oficial\/wp-content\/uploads\/2021\/04\/Salas-2.jpg\" alt=\"\" width=\"640\" height=\"427\" srcset=\"https:\/\/ramib.org\/oficial\/wp-content\/uploads\/2021\/04\/Salas-2.jpg 640w, https:\/\/ramib.org\/oficial\/wp-content\/uploads\/2021\/04\/Salas-2-300x200.jpg 300w, https:\/\/ramib.org\/oficial\/wp-content\/uploads\/2021\/04\/Salas-2-630x420.jpg 630w\" sizes=\"(max-width: 640px) 100vw, 640px\" \/><\/p>\n<p>El M. Il. Sr. Joan March Noguera realiz\u00f3 la presentaci\u00f3n del ponente.<\/p>\n<p><img loading=\"lazy\" decoding=\"async\" class=\"aligncenter size-full wp-image-2765\" src=\"https:\/\/ramib.org\/oficial\/wp-content\/uploads\/2021\/04\/Salas-3.jpg\" alt=\"\" width=\"640\" height=\"427\" srcset=\"https:\/\/ramib.org\/oficial\/wp-content\/uploads\/2021\/04\/Salas-3.jpg 640w, https:\/\/ramib.org\/oficial\/wp-content\/uploads\/2021\/04\/Salas-3-300x200.jpg 300w, https:\/\/ramib.org\/oficial\/wp-content\/uploads\/2021\/04\/Salas-3-630x420.jpg 630w\" sizes=\"(max-width: 640px) 100vw, 640px\" \/><\/p>\n<p>La ponencia fue llevada a cabo por el profesor Pere Salas Vives, profesor de Historia Contempor\u00e1nea de la Universitat de les Illes Balears.<\/p>\n<p><img loading=\"lazy\" decoding=\"async\" class=\"aligncenter size-full wp-image-2767\" src=\"https:\/\/ramib.org\/oficial\/wp-content\/uploads\/2021\/04\/Salas-4.jpg\" alt=\"\" width=\"640\" height=\"427\" srcset=\"https:\/\/ramib.org\/oficial\/wp-content\/uploads\/2021\/04\/Salas-4.jpg 640w, https:\/\/ramib.org\/oficial\/wp-content\/uploads\/2021\/04\/Salas-4-300x200.jpg 300w, https:\/\/ramib.org\/oficial\/wp-content\/uploads\/2021\/04\/Salas-4-630x420.jpg 630w\" sizes=\"(max-width: 640px) 100vw, 640px\" \/><\/p>\n<p>La ponencia fue seguida con gran inter\u00e9s por los acad\u00e9micos asistentes y finalizando con el habitual debate posterior a las ponencias.<\/p>\n<p><img loading=\"lazy\" decoding=\"async\" class=\"aligncenter size-full wp-image-2769\" src=\"https:\/\/ramib.org\/oficial\/wp-content\/uploads\/2021\/04\/Salas-5.jpg\" alt=\"\" width=\"640\" height=\"427\" srcset=\"https:\/\/ramib.org\/oficial\/wp-content\/uploads\/2021\/04\/Salas-5.jpg 640w, https:\/\/ramib.org\/oficial\/wp-content\/uploads\/2021\/04\/Salas-5-300x200.jpg 300w, https:\/\/ramib.org\/oficial\/wp-content\/uploads\/2021\/04\/Salas-5-630x420.jpg 630w\" sizes=\"(max-width: 640px) 100vw, 640px\" \/><\/p>\n<p>Se puede visualizar toda la sesi\u00f3n cient\u00edfica en el siguiente enlace: <a href=\"https:\/\/www.youtube.com\/watch?v=Q8nxypmQ6hs&amp;t=913s\">https:\/\/www.youtube.com\/watch?v=Q8nxypmQ6hs&amp;t=913s<\/a><\/p>\n","protected":false},"excerpt":{"rendered":"<p>D\u00eda 6 de abril se celebr\u00f3, en la sede acad\u00e9mica de Can Campaner, la sesi\u00f3n cient\u00edfica \u201cLa pesta de 1820 i la medicalitzaci\u00f3 de Mallorca\u201d. El presidente de la corporaci\u00f3n, [&hellip;]<\/p>\n","protected":false},"author":3,"featured_media":2771,"comment_status":"open","ping_status":"closed","sticky":false,"template":"","format":"standard","meta":{"_monsterinsights_skip_tracking":false,"_monsterinsights_sitenote_active":false,"_monsterinsights_sitenote_note":"","_monsterinsights_sitenote_category":0,"footnotes":""},"categories":[24],"tags":[],"_links":{"self":[{"href":"https:\/\/ramib.org\/oficial\/index.php\/wp-json\/wp\/v2\/posts\/2775"}],"collection":[{"href":"https:\/\/ramib.org\/oficial\/index.php\/wp-json\/wp\/v2\/posts"}],"about":[{"href":"https:\/\/ramib.org\/oficial\/index.php\/wp-json\/wp\/v2\/types\/post"}],"author":[{"embeddable":true,"href":"https:\/\/ramib.org\/oficial\/index.php\/wp-json\/wp\/v2\/users\/3"}],"replies":[{"embeddable":true,"href":"https:\/\/ramib.org\/oficial\/index.php\/wp-json\/wp\/v2\/comments?post=2775"}],"version-history":[{"count":1,"href":"https:\/\/ramib.org\/oficial\/index.php\/wp-json\/wp\/v2\/posts\/2775\/revisions"}],"predecessor-version":[{"id":2776,"href":"https:\/\/ramib.org\/oficial\/index.php\/wp-json\/wp\/v2\/posts\/2775\/revisions\/2776"}],"wp:featuredmedia":[{"embeddable":true,"href":"https:\/\/ramib.org\/oficial\/index.php\/wp-json\/wp\/v2\/media\/2771"}],"wp:attachment":[{"href":"https:\/\/ramib.org\/oficial\/index.php\/wp-json\/wp\/v2\/media?parent=2775"}],"wp:term":[{"taxonomy":"category","embeddable":true,"href":"https:\/\/ramib.org\/oficial\/index.php\/wp-json\/wp\/v2\/categories?post=2775"},{"taxonomy":"post_tag","embeddable":true,"href":"https:\/\/ramib.org\/oficial\/index.php\/wp-json\/wp\/v2\/tags?post=2775"}],"curies":[{"name":"wp","href":"https:\/\/api.w.org\/{rel}","templated":true}]}}