{"id":253,"date":"2015-10-02T10:21:12","date_gmt":"2015-10-02T10:21:12","guid":{"rendered":"https:\/\/ramib.org\/oficial\/index.php\/l-academia-espanyola-d-odontologia-pierre-fauchard-academy-celebra-la-seva-reunion-anual-oviedo-2015\/"},"modified":"2019-10-11T07:03:54","modified_gmt":"2019-10-11T07:03:54","slug":"l-academia-espanyola-d-odontologia-pierre-fauchard-academy-celebra-la-seva-reunion-anual-oviedo-2015","status":"publish","type":"post","link":"https:\/\/ramib.org\/oficial\/index.php\/2015\/10\/02\/l-academia-espanyola-d-odontologia-pierre-fauchard-academy-celebra-la-seva-reunion-anual-oviedo-2015\/","title":{"rendered":"L&#8217;ACAD\u00c8MIA ESPANYOLA D&#8217;ODONTOLOGIA -PIERRE FAUCHARD ACADEMY-, CELEBRA LA SEVA REUNION ANUAL OVIEDO&#8217; 2015"},"content":{"rendered":"<p style=\"text-align: justify;\">\u00a0<\/p>\n<p style=\"text-align: justify;\"><span style=\"font-family: verdana, geneva; font-size: 8pt;\">Els dies 25, 26 i 27 de setembre, Oviedo ha acollit aquest any la Reuni\u00f3 Anual de la Secci\u00f3 Espanyola de la Pierre Fauchard Academy.<\/span><\/p>\n<p>  <!--more-->  <\/p>\n<p style=\"text-align: justify;\">\u00a0<\/p>\n<p style=\"text-align: justify;\"><span style=\"font-family: verdana, geneva; font-size: 8pt;\">El Solemne acte d&#8217;inducci\u00f3 de nous acad\u00e8mics, va ser presidit pel deg\u00e0 de la Facultat de Ci\u00e8nciEs de la Salut de la Universitat d&#8217;Oviedo, L&#8217;Il\u00b7lm. Sr. D. Alfonso L\u00f3pez Mu\u00f1iz, acompanyat pel President de la Secci\u00f3 Espanyola de la Pierre Fauchard Academy, Dr. Pere Riutord Sbert, acad\u00e8mic numerari de la nostra corporaci\u00f3. Fundada l&#8217;any 1936 a Minnesota pel dentista Elmer S. Best, la Pierre Fauchard Academy est\u00e0 formada per 119 acad\u00e8mies associades repartides pels cinc continents, amb m\u00e9s de 7.000 acad\u00e8mics. La Secci\u00f3 Espanyola de la Pierre Fauchard Academy, representa l&#8217;\u00fanica organitzaci\u00f3 dental espanyola d&#8217;aquestes caracter\u00edstiques, agrupant a 170 dentistes de l&#8217;organitzaci\u00f3 col\u00b7legial odontol\u00f2gica espanyola.<\/span><\/p>\n<p style=\"text-align: justify;\"><span style=\"font-family: verdana, geneva; font-size: 8pt;\">El Dr. Pere Riutord Sbert ocupa el c\u00e0rrec de President de la Secci\u00f3 Espanyola des de fa dos anys, nomenament que es va dur a terme en les Jornades Nacionals Terol &#8216;2013. Va pronunciar la lli\u00e7\u00f3 magistral \u201cVisita a la Oviedo redonda\u201d la catedr\u00e0tica Dra. Carmen Ru\u00edz-Tilve Arias, una extraordin\u00e0ria al\u00b7locuci\u00f3 sobre la ciutat d&#8217;Oviedo.<\/span><\/p>\n<p style=\"text-align: justify;\"><span style=\"font-family: verdana, geneva; font-size: 8pt;\">Aquestes jornades han acollit a nombrosos acad\u00e8mics procedents d&#8217;altres Comunitats Aut\u00f2nomes, participant activament en l&#8217;Assemblea General i en les sessions cient\u00edfiques. Assistiren a l&#8217;acte l&#8217;acad\u00e8mic de la Secci\u00f3 Espanyola de la PFA i acad\u00e8mic corresponent de la nostra corporaci\u00f3, el metge menorqu\u00ed Dr. Andr\u00e9s Mart\u00ednez-Jover, i el tamb\u00e9 acad\u00e8mic de la Secci\u00f3 Espanyola de la PFA, el metge mallorqu\u00ed Dr. Emili Mart\u00ednez-Almoyna Rullan. Les properes Jornades 2016 es celebraran a Soria.<\/span><\/p>\n<p><img loading=\"lazy\" decoding=\"async\" style=\"display: block; margin-left: auto; margin-right: auto;\" src=\"images\/noticies\/2015\/PFAfoto1GACETADENTAL.jpg\" alt=\"\" width=\"487\" height=\"325\" \/><\/p>\n<p style=\"text-align: justify;\"><span style=\"font-family: verdana, geneva; font-size: 8pt;\">Acad\u00e8mics de l&#8217;Acad\u00e8mia Espanyola d&#8217;Odontologia -Pierre Fauchard Academy-, a l&#8217;explanada del Claustre de la Universitat d&#8217;Oviedo, acompanyats per l&#8217;Il\u00b7lm. Sr. D. Alfonso L\u00f3pez Mu\u00f1iz, Deg\u00e0 de la Facultat de Ci\u00e8ncies de la Salut, el President de la Secci\u00f3 Espanyola, Dr. Pere Riutord Sbert i el Secretari, Dr. F. Xavier G\u00fcerri Ripol.<\/span><\/p>\n<p><img loading=\"lazy\" decoding=\"async\" style=\"display: block; margin-left: auto; margin-right: auto;\" src=\"images\/PFAfoto2GACETADENTAL.jpg\" alt=\"\" width=\"488\" height=\"325\" \/><\/p>\n<p style=\"text-align: justify;\"><span style=\"font-family: verdana, geneva; font-size: 8pt;\">L&#8217;Il\u00b7lm. Sr. D. Alfonso L\u00f3pez Mu\u00f1iz, Deg\u00e0 de la Facultat de Ci\u00e8ncies de la Salut, al Claustre de la Universitat d&#8217;Oviedo, el Dr. Pere Riutord Sbert, President de la Secci\u00f3 Espanyola de la Pierre Fauchard Academy, el Dr. Tom\u00e1s Lombard\u00eda Garc\u00eda, President de les Jornades Nacionals, el Dr. F. Xavier G\u00fcerri Ripol, Secretari de la Secci\u00f3 Espanyola de la Pierre Fauchard Academy, la catedr\u00e0tica Dra. Carmen Ru\u00edz-Tilve Arias i la nova acad\u00e8mica, Dra. Carmen Llena Puy, durant l&#8217;acte de la seva inducci\u00f3 acompanyada per l&#8217;acad\u00e8mic que l&#8217;apadrina, Dr. Leopoldo Forner Navarro, ex-President de l&#8217;Acad\u00e8mia Espanyola d&#8217;Odontologia -Pierre Fauchard Academy- i acad\u00e8mic corresponent de la nostra corporaci\u00f3.<\/span><\/p>\n","protected":false},"excerpt":{"rendered":"<p>\u00a0 Els dies 25, 26 i 27 de setembre, Oviedo ha acollit aquest any la Reuni\u00f3 Anual de la Secci\u00f3 Espanyola de la Pierre Fauchard Academy.<\/p>\n","protected":false},"author":3,"featured_media":0,"comment_status":"closed","ping_status":"closed","sticky":false,"template":"","format":"standard","meta":{"_monsterinsights_skip_tracking":false,"_monsterinsights_sitenote_active":false,"_monsterinsights_sitenote_note":"","_monsterinsights_sitenote_category":0,"footnotes":""},"categories":[14],"tags":[],"_links":{"self":[{"href":"https:\/\/ramib.org\/oficial\/index.php\/wp-json\/wp\/v2\/posts\/253"}],"collection":[{"href":"https:\/\/ramib.org\/oficial\/index.php\/wp-json\/wp\/v2\/posts"}],"about":[{"href":"https:\/\/ramib.org\/oficial\/index.php\/wp-json\/wp\/v2\/types\/post"}],"author":[{"embeddable":true,"href":"https:\/\/ramib.org\/oficial\/index.php\/wp-json\/wp\/v2\/users\/3"}],"replies":[{"embeddable":true,"href":"https:\/\/ramib.org\/oficial\/index.php\/wp-json\/wp\/v2\/comments?post=253"}],"version-history":[{"count":1,"href":"https:\/\/ramib.org\/oficial\/index.php\/wp-json\/wp\/v2\/posts\/253\/revisions"}],"predecessor-version":[{"id":906,"href":"https:\/\/ramib.org\/oficial\/index.php\/wp-json\/wp\/v2\/posts\/253\/revisions\/906"}],"wp:attachment":[{"href":"https:\/\/ramib.org\/oficial\/index.php\/wp-json\/wp\/v2\/media?parent=253"}],"wp:term":[{"taxonomy":"category","embeddable":true,"href":"https:\/\/ramib.org\/oficial\/index.php\/wp-json\/wp\/v2\/categories?post=253"},{"taxonomy":"post_tag","embeddable":true,"href":"https:\/\/ramib.org\/oficial\/index.php\/wp-json\/wp\/v2\/tags?post=253"}],"curies":[{"name":"wp","href":"https:\/\/api.w.org\/{rel}","templated":true}]}}