{"id":243,"date":"2015-04-17T06:57:32","date_gmt":"2015-04-17T06:57:32","guid":{"rendered":"https:\/\/ramib.org\/oficial\/index.php\/sesion-cientifica-extraordinaria-21-04-2015-hacia-los-estudios-de-medicina-en-nuestra-comunidad\/"},"modified":"2019-09-03T10:04:04","modified_gmt":"2019-09-03T10:04:04","slug":"sesion-cientifica-extraordinaria-21-04-2015-hacia-los-estudios-de-medicina-en-nuestra-comunidad","status":"publish","type":"post","link":"https:\/\/ramib.org\/oficial\/index.php\/2015\/04\/17\/sesion-cientifica-extraordinaria-21-04-2015-hacia-los-estudios-de-medicina-en-nuestra-comunidad\/","title":{"rendered":"Sesi\u00f3n cient\u00edfica extraordinaria 21\/04\/2015: &#8220;Hacia los estudios de medicina en nuestra Comunidad&#8221;"},"content":{"rendered":"<p style=\"text-align: justify;\">\u00a0<\/p>\n<p style=\"text-align: justify;\"><span style=\"font-family: verdana, geneva; font-size: 8pt;\">Sesi\u00f3n cient\u00edfica. &#8211; El pasado d\u00eda 21 d\u2019abril se celebr\u00f3 en la sede acad\u00e9mica de Can Campaner la sesi\u00f3n cient\u00edfica &#8221; Hacia los estudios de medicina en nuestra Comunidad&#8221;, en formato de mesa redonda.<\/span><\/p>\n<p style=\"text-align: justify;\">\u00a0<\/p>\n<p>  <!--more-->  <\/p>\n<p style=\"text-align: justify;\">\u00a0<\/p>\n<table>\n<tbody>\n<tr>\n<td style=\"text-align: justify; vertical-align: middle;\"><span style=\"font-family: verdana, geneva; font-size: 8pt;\">Abri\u00f3 el acto el Presidente de la Real Academia de Medicina, Dr. Maci\u00e0 Tom\u00e0s, que dio la bienvenida al p\u00fablico y autoridades, centr\u00f3 el dabate y present\u00f3 a los intervinientes. Moder\u00f3 la mesa el acad\u00e9mico Dr. Joan Besalduch. <\/span><\/td>\n<td style=\"width: 194px;\"><img loading=\"lazy\" decoding=\"async\" src=\"images\/noticies\/2015\/trodona2.jpg\" alt=\"\" width=\"194\" height=\"137\" \/><\/td>\n<\/tr>\n<tr>\n<td style=\"text-align: justify;\" colspan=\"2\">\n<p><span style=\"font-size: 8pt;\">En representaci\u00f3n de la UIB, el doctor y acad\u00e9mico F\u00e8lix Grases advirti\u00f3 de que la autorizaci\u00f3n dada por la Agencia Nacional de Evaluaci\u00f3n de la Calidad y Acreditaci\u00f3n (ANECA) al plan de estudios presentado por la UIB en el a\u00f1o 2012 caduca a los 5 a\u00f1os, por lo que el \u00faltimo curso en el que se podr\u00edan implantar ser\u00eda el 2016-2017.\u00a0<\/span><\/p>\n<p><span style=\"font-size: 8pt;\">Tambi\u00e9n abog\u00f3 el Prof. Grases por comenzar con los cursos cl\u00ednicos de 3\u00ba y 4\u00ba que ya disponen de una infraestructura para impartirlos en el hospital de Son Espases y no implicar\u00e1n la licenciatura de m\u00e1s m\u00e9dicos en un pa\u00eds que ya padece un exceso de oferta de estos especialistas, por no hablar del efecto llamada que provocar\u00eda en los estudiantes baleares y espa\u00f1oles que estudian Medicina en otras comunidades e incluso en el extranjero. Y, como \u00faltimo argumento, apel\u00f3 al escaso coste, de un mill\u00f3n de euros anual, que tendr\u00eda la implantaci\u00f3n.\u00a0<\/span><\/p>\n<p><span style=\"font-size: 8pt;\">En nombre del Colegio de M\u00e9dicos, su presidente Antoni Benn\u00e0ssar tambi\u00e9n apel\u00f3 al efecto llamada que provocar\u00eda ofrecer tercero y cuarto de Medicina en las islas. &#8220;Lo tenemos todo, consenso, ubicaci\u00f3n, personal muy cualificado para dar clases y una universidad puntera&#8221;, proclam\u00f3.<\/span><\/p>\n<p><span style=\"font-size: 8pt;\">Miquel Fiol, del Institut d\u00b4Investigaci\u00f3 Sanit\u00e0ria de Palma ((IdISPa), record\u00f3 que, sin facultad de Medicina, el instituto que dirige, en la que 550 profesionales trabajan en 7 l\u00edneas de investigaci\u00f3n repartidos en 47 grupos, no podr\u00e1 acreditar sus investigaciones.<\/span><\/p>\n<p><span style=\"font-size: 8pt;\">En representaci\u00f3n de la Acad\u00e8mia de Ci\u00e8ncies M\u00e8diques, el doctor Joan Bargay, coincidi\u00f3 con los argumentos de sus colegas y lament\u00f3 que, junto a La Rioja, Balears sea la \u00fanica comunidad aut\u00f3noma del pa\u00eds que carece de estos estudios.Los profesionales m\u00e9dicos de Son Espases se vieron representados por el Dr. Javier Ib\u00e1\u00f1ez, jefe del servicio de neurocirug\u00eda, que recalc\u00f3 que esta iniciativa es un proyecto no solo de la UIB sino de toda la red sanitaria de la comunidad aut\u00f3noma. Subray\u00f3 que los profesionales disfrutan ense\u00f1ando a los estudiantes y que esta docencia es un est\u00edmulo, recalc\u00f3 la mejora de la calidad asistencial que supondr\u00e1 la implantaci\u00f3n de los estudios y concluy\u00f3 que permitir\u00e1 fidelizar al personal cualificado que hasta ahora, se ha marchado por la imposibilidad de desarrollar una carrera acad\u00e9mica. El doctor Ib\u00e1\u00f1ez concluy\u00f3 recordando que en las unidades docentes de Son Dureta y Son Espases se han formado 1.200 especialistas v\u00eda MIR, un dato que acredita el nivel de los profesionales del centro para impartir formaci\u00f3n a los m\u00e9dicos de grado.<\/span><\/p>\n<\/td>\n<\/tr>\n<\/tbody>\n<\/table>\n<table>\n<tbody>\n<tr>\n<td><span style=\"font-size: 8pt;\"><img decoding=\"async\" src=\"images\/noticies\/2015\/trodona4.jpg\" alt=\"\" \/><\/span><\/td>\n<td><span style=\"font-size: 8pt;\"><img decoding=\"async\" src=\"images\/trodona5.jpg\" alt=\"\" \/><\/span><\/td>\n<\/tr>\n<\/tbody>\n<\/table>\n<p><span style=\"font-size: 8pt;\">Tras la exposici\u00f3n de los ponentes se abri\u00f3 un debate con el p\u00fablico asistente, moderado por el Dr. Joan Besalduch. Respondiendo a una de las preguntas planteadas, el Dr. Grases precis\u00f3 que el escaso coste de la implantaci\u00f3n inicial de los cursos de 3\u00ba y 4\u00ba se debe a que la infraestructura para impartirlos ya est\u00e1 habilitada en el Hospital Son Espases y, por tanto, esta cantidad s\u00f3lo ir\u00eda destinada a pagar los salarios del personal administrativo y docente. <\/span><\/p>\n<p><span style=\"font-size: 8pt;\">Uno de los \u00faltimos en intervenir fue el rector Lloren\u00e7 Huguet, que emplaz\u00f3 a contagiar este consenso un\u00e1nime a los pol\u00edticos lo que, a su juicio, reforzar\u00eda el sistema universitario p\u00fablico. Y record\u00f3 que Balears, pese a contar con una poblaci\u00f3n de 1,2 millones de personas, carece de facultad de Medicina cuando en Catalu\u00f1a coexisten 11, lo que arroja una proporci\u00f3n de un centro de estos estudios por cada seiscientos mil habitantes. Por todo ello, el rector emplaz\u00f3 a recuperar la voluntad pol\u00edtica que, record\u00f3, se dio en el a\u00f1o 2008, cuando el Parlament emplaz\u00f3 a la UIB y a las conselleries de Salud y Educaci\u00f3n a trabajar para poder implantar estos estudios de grado en Mallorca.\u00a0<\/span><\/p>\n<p><span style=\"font-family: verdana, geneva; font-size: 8pt;\"><img decoding=\"async\" src=\"images\/noticies\/2015\/trodona6.jpg\" alt=\"\" \/><\/span><\/p>\n","protected":false},"excerpt":{"rendered":"<p>\u00a0 Sesi\u00f3n cient\u00edfica. &#8211; El pasado d\u00eda 21 d\u2019abril se celebr\u00f3 en la sede acad\u00e9mica de Can Campaner la sesi\u00f3n cient\u00edfica &#8221; Hacia los estudios de medicina en nuestra Comunidad&#8221;, [&hellip;]<\/p>\n","protected":false},"author":3,"featured_media":0,"comment_status":"closed","ping_status":"closed","sticky":false,"template":"","format":"standard","meta":{"_monsterinsights_skip_tracking":false,"_monsterinsights_sitenote_active":false,"_monsterinsights_sitenote_note":"","_monsterinsights_sitenote_category":0,"footnotes":""},"categories":[],"tags":[],"_links":{"self":[{"href":"https:\/\/ramib.org\/oficial\/index.php\/wp-json\/wp\/v2\/posts\/243"}],"collection":[{"href":"https:\/\/ramib.org\/oficial\/index.php\/wp-json\/wp\/v2\/posts"}],"about":[{"href":"https:\/\/ramib.org\/oficial\/index.php\/wp-json\/wp\/v2\/types\/post"}],"author":[{"embeddable":true,"href":"https:\/\/ramib.org\/oficial\/index.php\/wp-json\/wp\/v2\/users\/3"}],"replies":[{"embeddable":true,"href":"https:\/\/ramib.org\/oficial\/index.php\/wp-json\/wp\/v2\/comments?post=243"}],"version-history":[{"count":1,"href":"https:\/\/ramib.org\/oficial\/index.php\/wp-json\/wp\/v2\/posts\/243\/revisions"}],"predecessor-version":[{"id":913,"href":"https:\/\/ramib.org\/oficial\/index.php\/wp-json\/wp\/v2\/posts\/243\/revisions\/913"}],"wp:attachment":[{"href":"https:\/\/ramib.org\/oficial\/index.php\/wp-json\/wp\/v2\/media?parent=243"}],"wp:term":[{"taxonomy":"category","embeddable":true,"href":"https:\/\/ramib.org\/oficial\/index.php\/wp-json\/wp\/v2\/categories?post=243"},{"taxonomy":"post_tag","embeddable":true,"href":"https:\/\/ramib.org\/oficial\/index.php\/wp-json\/wp\/v2\/tags?post=243"}],"curies":[{"name":"wp","href":"https:\/\/api.w.org\/{rel}","templated":true}]}}