{"id":2407,"date":"2020-02-05T15:27:18","date_gmt":"2020-02-05T15:27:18","guid":{"rendered":"https:\/\/ramib.org\/oficial\/?p=2407"},"modified":"2020-04-25T15:54:16","modified_gmt":"2020-04-25T15:54:16","slug":"04-02-2020-reprogramacio-cellular-com-canviar-la-identitat-de-les-cellules","status":"publish","type":"post","link":"https:\/\/ramib.org\/oficial\/index.php\/2020\/02\/05\/04-02-2020-reprogramacio-cellular-com-canviar-la-identitat-de-les-cellules\/","title":{"rendered":"04\/02\/2020: Reprogramaci\u00f3 cel\u00b7lular: com canviar la identitat de les c\u00e8l\u00b7lules."},"content":{"rendered":"<p style=\"text-align: justify;\">Sessi\u00f3 cient\u00edfica. &#8211; Dia 4 de febrer es va celebrar a la seu acad\u00e8mica de Can Campaner la sessi\u00f3 cient\u00edfica \u201cReprogramaci\u00f3 cel\u00b7lular: com canviar la identitat de les c\u00e8l\u00b7lules\u201d.<\/p>\n<p style=\"text-align: justify;\"><img loading=\"lazy\" decoding=\"async\" class=\"aligncenter size-full wp-image-2408\" src=\"https:\/\/ramib.org\/oficial\/wp-content\/uploads\/2020\/04\/dra-mosteiro-1.jpg\" alt=\"\" width=\"1024\" height=\"683\" srcset=\"https:\/\/ramib.org\/oficial\/wp-content\/uploads\/2020\/04\/dra-mosteiro-1.jpg 1024w, https:\/\/ramib.org\/oficial\/wp-content\/uploads\/2020\/04\/dra-mosteiro-1-300x200.jpg 300w, https:\/\/ramib.org\/oficial\/wp-content\/uploads\/2020\/04\/dra-mosteiro-1-768x512.jpg 768w, https:\/\/ramib.org\/oficial\/wp-content\/uploads\/2020\/04\/dra-mosteiro-1-696x464.jpg 696w, https:\/\/ramib.org\/oficial\/wp-content\/uploads\/2020\/04\/dra-mosteiro-1-630x420.jpg 630w\" sizes=\"(max-width: 1024px) 100vw, 1024px\" \/> <img loading=\"lazy\" decoding=\"async\" class=\"aligncenter size-full wp-image-2420\" src=\"https:\/\/ramib.org\/oficial\/wp-content\/uploads\/2020\/04\/dra-mosteiro-11.jpg\" alt=\"\" width=\"1024\" height=\"683\" srcset=\"https:\/\/ramib.org\/oficial\/wp-content\/uploads\/2020\/04\/dra-mosteiro-11.jpg 1024w, https:\/\/ramib.org\/oficial\/wp-content\/uploads\/2020\/04\/dra-mosteiro-11-300x200.jpg 300w, https:\/\/ramib.org\/oficial\/wp-content\/uploads\/2020\/04\/dra-mosteiro-11-768x512.jpg 768w, https:\/\/ramib.org\/oficial\/wp-content\/uploads\/2020\/04\/dra-mosteiro-11-696x464.jpg 696w, https:\/\/ramib.org\/oficial\/wp-content\/uploads\/2020\/04\/dra-mosteiro-11-630x420.jpg 630w\" sizes=\"(max-width: 1024px) 100vw, 1024px\" \/><\/p>\n<p style=\"text-align: justify;\">Va presentar al conferenciant l&#8217;acad\u00e8mic numerari Dr. Pere Riutord Sbert i va moderar el col\u00b7loqui el Sr. president de la RAMIB.<\/p>\n<p style=\"text-align: justify;\"><img loading=\"lazy\" decoding=\"async\" class=\"aligncenter size-full wp-image-2410\" src=\"https:\/\/ramib.org\/oficial\/wp-content\/uploads\/2020\/04\/dra-mosteiro-2.jpg\" alt=\"\" width=\"1024\" height=\"683\" srcset=\"https:\/\/ramib.org\/oficial\/wp-content\/uploads\/2020\/04\/dra-mosteiro-2.jpg 1024w, https:\/\/ramib.org\/oficial\/wp-content\/uploads\/2020\/04\/dra-mosteiro-2-300x200.jpg 300w, https:\/\/ramib.org\/oficial\/wp-content\/uploads\/2020\/04\/dra-mosteiro-2-768x512.jpg 768w, https:\/\/ramib.org\/oficial\/wp-content\/uploads\/2020\/04\/dra-mosteiro-2-696x464.jpg 696w, https:\/\/ramib.org\/oficial\/wp-content\/uploads\/2020\/04\/dra-mosteiro-2-630x420.jpg 630w\" sizes=\"(max-width: 1024px) 100vw, 1024px\" \/><\/p>\n<p style=\"text-align: justify;\">La pon\u00e8ncia va ser portada a c\u00e0rrec per la Dra. Dra. Lluc Mosteiro Carretero, investigadora del Molecular Oncology Department. Genetech, Inc. San Francisco, USA.<\/p>\n<p style=\"text-align: justify;\"><img loading=\"lazy\" decoding=\"async\" class=\"aligncenter size-full wp-image-2418\" src=\"https:\/\/ramib.org\/oficial\/wp-content\/uploads\/2020\/04\/dra-mosteiro-6.jpg\" alt=\"\" width=\"1024\" height=\"683\" srcset=\"https:\/\/ramib.org\/oficial\/wp-content\/uploads\/2020\/04\/dra-mosteiro-6.jpg 1024w, https:\/\/ramib.org\/oficial\/wp-content\/uploads\/2020\/04\/dra-mosteiro-6-300x200.jpg 300w, https:\/\/ramib.org\/oficial\/wp-content\/uploads\/2020\/04\/dra-mosteiro-6-768x512.jpg 768w, https:\/\/ramib.org\/oficial\/wp-content\/uploads\/2020\/04\/dra-mosteiro-6-696x464.jpg 696w, https:\/\/ramib.org\/oficial\/wp-content\/uploads\/2020\/04\/dra-mosteiro-6-630x420.jpg 630w\" sizes=\"(max-width: 1024px) 100vw, 1024px\" \/><\/p>\n<p style=\"text-align: justify;\">La Dra. va exposar com el japon\u00e8s Dr. ShinyaYamanaka, premi Nobel de Medicina a l&#8217;any 2012, va aconseguir &#8220;in vitro&#8221; la conversi\u00f3 de c\u00e8l\u00b7lules diferenciades en c\u00e8l\u00b7lules mare embrion\u00e0ries, i la prim\u00edcia que va suposar la investigaci\u00f3 del grup de treball de la Dra. Mosteiro a l&#8217; aconseguir l&#8217;esmentada conversi\u00f3 &#8220;in vivo&#8221; en ratolins de laboratori.<\/p>\n<p style=\"text-align: justify;\"><img loading=\"lazy\" decoding=\"async\" class=\"aligncenter size-full wp-image-2412\" src=\"https:\/\/ramib.org\/oficial\/wp-content\/uploads\/2020\/04\/dra-mosteiro-3.jpg\" alt=\"\" width=\"1024\" height=\"683\" srcset=\"https:\/\/ramib.org\/oficial\/wp-content\/uploads\/2020\/04\/dra-mosteiro-3.jpg 1024w, https:\/\/ramib.org\/oficial\/wp-content\/uploads\/2020\/04\/dra-mosteiro-3-300x200.jpg 300w, https:\/\/ramib.org\/oficial\/wp-content\/uploads\/2020\/04\/dra-mosteiro-3-768x512.jpg 768w, https:\/\/ramib.org\/oficial\/wp-content\/uploads\/2020\/04\/dra-mosteiro-3-696x464.jpg 696w, https:\/\/ramib.org\/oficial\/wp-content\/uploads\/2020\/04\/dra-mosteiro-3-630x420.jpg 630w\" sizes=\"(max-width: 1024px) 100vw, 1024px\" \/><\/p>\n<p style=\"text-align: justify;\">Aix\u00f2 va permetre extreure i cultivar les c\u00e8l\u00b7lules en millors condicions, am\u00e9s de no implicar-se en les conseq\u00fc\u00e8ncies \u00e8tiques de la utilitzaci\u00f3 d&#8217;embrions, quan tots els indicis feien pensar que el proc\u00e9s &#8220;in viu&#8221; no ser\u00eda possible.<\/p>\n<p style=\"text-align: justify;\"><img loading=\"lazy\" decoding=\"async\" class=\"aligncenter size-full wp-image-2414\" src=\"https:\/\/ramib.org\/oficial\/wp-content\/uploads\/2020\/04\/dra-mosteiro-4.jpg\" alt=\"\" width=\"1024\" height=\"683\" srcset=\"https:\/\/ramib.org\/oficial\/wp-content\/uploads\/2020\/04\/dra-mosteiro-4.jpg 1024w, https:\/\/ramib.org\/oficial\/wp-content\/uploads\/2020\/04\/dra-mosteiro-4-300x200.jpg 300w, https:\/\/ramib.org\/oficial\/wp-content\/uploads\/2020\/04\/dra-mosteiro-4-768x512.jpg 768w, https:\/\/ramib.org\/oficial\/wp-content\/uploads\/2020\/04\/dra-mosteiro-4-696x464.jpg 696w, https:\/\/ramib.org\/oficial\/wp-content\/uploads\/2020\/04\/dra-mosteiro-4-630x420.jpg 630w\" sizes=\"(max-width: 1024px) 100vw, 1024px\" \/><\/p>\n<p style=\"text-align: justify;\">La pon\u00e8ncia va ser seguida amb gran inter\u00e8s pel p\u00fablic assistent finalitzant amb l&#8217;habitual debat posterior a les pon\u00e8ncies.<\/p>\n<p style=\"text-align: justify;\"><img loading=\"lazy\" decoding=\"async\" class=\"aligncenter size-full wp-image-2416\" src=\"https:\/\/ramib.org\/oficial\/wp-content\/uploads\/2020\/04\/dra-mosteiro-5.jpg\" alt=\"\" width=\"1024\" height=\"683\" srcset=\"https:\/\/ramib.org\/oficial\/wp-content\/uploads\/2020\/04\/dra-mosteiro-5.jpg 1024w, https:\/\/ramib.org\/oficial\/wp-content\/uploads\/2020\/04\/dra-mosteiro-5-300x200.jpg 300w, https:\/\/ramib.org\/oficial\/wp-content\/uploads\/2020\/04\/dra-mosteiro-5-768x512.jpg 768w, https:\/\/ramib.org\/oficial\/wp-content\/uploads\/2020\/04\/dra-mosteiro-5-696x464.jpg 696w, https:\/\/ramib.org\/oficial\/wp-content\/uploads\/2020\/04\/dra-mosteiro-5-630x420.jpg 630w\" sizes=\"(max-width: 1024px) 100vw, 1024px\" \/><\/p>\n<p style=\"text-align: justify;\">Poden veure la sessi\u00f3 completa al canal de de youtube de la corporaci\u00f3 en el seg\u00fcent enlla\u00e7: <a href=\"https:\/\/www.youtube.com\/watch?v=rGoLYqFmpVM&amp;t=58s\">https:\/\/www.youtube.com\/watch?v=rGoLYqFmpVM&amp;t=58s<\/a><\/p>\n<p style=\"text-align: justify;\">\n","protected":false},"excerpt":{"rendered":"<p>Sessi\u00f3 cient\u00edfica. &#8211; Dia 4 de febrer es va celebrar a la seu acad\u00e8mica de Can Campaner la sessi\u00f3 cient\u00edfica \u201cReprogramaci\u00f3 cel\u00b7lular: com canviar la identitat de les c\u00e8l\u00b7lules\u201d. Va [&hellip;]<\/p>\n","protected":false},"author":3,"featured_media":2422,"comment_status":"open","ping_status":"closed","sticky":false,"template":"","format":"standard","meta":{"_monsterinsights_skip_tracking":false,"_monsterinsights_sitenote_active":false,"_monsterinsights_sitenote_note":"","_monsterinsights_sitenote_category":0,"footnotes":""},"categories":[14,24,3,17],"tags":[],"_links":{"self":[{"href":"https:\/\/ramib.org\/oficial\/index.php\/wp-json\/wp\/v2\/posts\/2407"}],"collection":[{"href":"https:\/\/ramib.org\/oficial\/index.php\/wp-json\/wp\/v2\/posts"}],"about":[{"href":"https:\/\/ramib.org\/oficial\/index.php\/wp-json\/wp\/v2\/types\/post"}],"author":[{"embeddable":true,"href":"https:\/\/ramib.org\/oficial\/index.php\/wp-json\/wp\/v2\/users\/3"}],"replies":[{"embeddable":true,"href":"https:\/\/ramib.org\/oficial\/index.php\/wp-json\/wp\/v2\/comments?post=2407"}],"version-history":[{"count":2,"href":"https:\/\/ramib.org\/oficial\/index.php\/wp-json\/wp\/v2\/posts\/2407\/revisions"}],"predecessor-version":[{"id":2425,"href":"https:\/\/ramib.org\/oficial\/index.php\/wp-json\/wp\/v2\/posts\/2407\/revisions\/2425"}],"wp:featuredmedia":[{"embeddable":true,"href":"https:\/\/ramib.org\/oficial\/index.php\/wp-json\/wp\/v2\/media\/2422"}],"wp:attachment":[{"href":"https:\/\/ramib.org\/oficial\/index.php\/wp-json\/wp\/v2\/media?parent=2407"}],"wp:term":[{"taxonomy":"category","embeddable":true,"href":"https:\/\/ramib.org\/oficial\/index.php\/wp-json\/wp\/v2\/categories?post=2407"},{"taxonomy":"post_tag","embeddable":true,"href":"https:\/\/ramib.org\/oficial\/index.php\/wp-json\/wp\/v2\/tags?post=2407"}],"curies":[{"name":"wp","href":"https:\/\/api.w.org\/{rel}","templated":true}]}}