{"id":2402,"date":"2020-01-25T11:40:00","date_gmt":"2020-01-25T11:40:00","guid":{"rendered":"https:\/\/ramib.org\/oficial\/?p=2402"},"modified":"2020-04-19T11:53:00","modified_gmt":"2020-04-19T11:53:00","slug":"23-01-2020-sessio-inaugural-del-curs-academic-2020","status":"publish","type":"post","link":"https:\/\/ramib.org\/oficial\/index.php\/2020\/01\/25\/23-01-2020-sessio-inaugural-del-curs-academic-2020\/","title":{"rendered":"23\/01\/2020: Sessi\u00f3 inaugural del curs acad\u00e8mic 2020"},"content":{"rendered":"<p style=\"text-align: justify;\">Dia 23 de gener de 2020, primer dijous despr\u00e9s de la festa de Sant Sebasti\u00e0, va tenir lloc a la seu acad\u00e8mica de Can Campaner la solemne sessi\u00f3 inaugural de el curs acad\u00e8mic 2020. Van ocupar la taula presidencial l&#8217;Excm. senyor Maci\u00e0 Tom\u00e0s Salv\u00e0, president de la Reial Acad\u00e8mia de Medicina; l&#8217;Excm. Sr. Fernando Garc\u00eda Bl\u00e1zquez, comandant general de les Balears; la Il\u00b7lma. Sra. Manuela Garc\u00eda Romero, presidenta de el Col\u00b7legi de Metges i la Sra. Maria Ant\u00f2nia Font Oliver, directora general de Salut P\u00fablica i Participaci\u00f3 del Govern de les Illes Balears.<\/p>\n<p><img loading=\"lazy\" decoding=\"async\" class=\"aligncenter size-full wp-image-2395\" src=\"https:\/\/ramib.org\/oficial\/wp-content\/uploads\/2020\/04\/inaugural0.jpg\" alt=\"\" width=\"1024\" height=\"683\" srcset=\"https:\/\/ramib.org\/oficial\/wp-content\/uploads\/2020\/04\/inaugural0.jpg 1024w, https:\/\/ramib.org\/oficial\/wp-content\/uploads\/2020\/04\/inaugural0-300x200.jpg 300w, https:\/\/ramib.org\/oficial\/wp-content\/uploads\/2020\/04\/inaugural0-768x512.jpg 768w, https:\/\/ramib.org\/oficial\/wp-content\/uploads\/2020\/04\/inaugural0-696x464.jpg 696w, https:\/\/ramib.org\/oficial\/wp-content\/uploads\/2020\/04\/inaugural0-630x420.jpg 630w\" sizes=\"(max-width: 1024px) 100vw, 1024px\" \/><\/p>\n<p style=\"text-align: justify;\">Va obrir la sessi\u00f3 el Excm. Sr. president, Dr. Maci\u00e0 Tom\u00e0s Salv\u00e0, que va dirigir unes paraules de benvinguda als assistents i altres d&#8217;agra\u00efment als benefactors i patrocinadors de l&#8217;acad\u00e8mia, que amb el seu suport permeten que la Reial Acad\u00e8mia porti a terme les seves activitats. Tamb\u00e9 va felicitar els guardonats amb els diferents premis i distincions acad\u00e8miques.<\/p>\n<p><img loading=\"lazy\" decoding=\"async\" class=\"aligncenter size-full wp-image-2386\" src=\"https:\/\/ramib.org\/oficial\/wp-content\/uploads\/2020\/04\/inaugural5.jpg\" alt=\"\" width=\"1024\" height=\"683\" srcset=\"https:\/\/ramib.org\/oficial\/wp-content\/uploads\/2020\/04\/inaugural5.jpg 1024w, https:\/\/ramib.org\/oficial\/wp-content\/uploads\/2020\/04\/inaugural5-300x200.jpg 300w, https:\/\/ramib.org\/oficial\/wp-content\/uploads\/2020\/04\/inaugural5-768x512.jpg 768w, https:\/\/ramib.org\/oficial\/wp-content\/uploads\/2020\/04\/inaugural5-696x464.jpg 696w, https:\/\/ramib.org\/oficial\/wp-content\/uploads\/2020\/04\/inaugural5-630x420.jpg 630w\" sizes=\"(max-width: 1024px) 100vw, 1024px\" \/> <img loading=\"lazy\" decoding=\"async\" class=\"aligncenter size-full wp-image-2382\" src=\"https:\/\/ramib.org\/oficial\/wp-content\/uploads\/2020\/04\/inaugural3.jpg\" alt=\"\" width=\"1024\" height=\"683\" srcset=\"https:\/\/ramib.org\/oficial\/wp-content\/uploads\/2020\/04\/inaugural3.jpg 1024w, https:\/\/ramib.org\/oficial\/wp-content\/uploads\/2020\/04\/inaugural3-300x200.jpg 300w, https:\/\/ramib.org\/oficial\/wp-content\/uploads\/2020\/04\/inaugural3-768x512.jpg 768w, https:\/\/ramib.org\/oficial\/wp-content\/uploads\/2020\/04\/inaugural3-696x464.jpg 696w, https:\/\/ramib.org\/oficial\/wp-content\/uploads\/2020\/04\/inaugural3-630x420.jpg 630w\" sizes=\"(max-width: 1024px) 100vw, 1024px\" \/><\/p>\n<p style=\"text-align: justify;\">Posteriorment, va ser el torn per al Sr. Il. Antonio Ca\u00f1ellas Trobat, secretari de la RAMIB, que va pronunciar una \u00e0mplia intervenci\u00f3 sobre la Mem\u00f2ria Anual de l&#8217;any passat 2019.<\/p>\n<p><img loading=\"lazy\" decoding=\"async\" class=\"aligncenter size-full wp-image-2380\" src=\"https:\/\/ramib.org\/oficial\/wp-content\/uploads\/2020\/04\/inaugural2.jpg\" alt=\"\" width=\"1024\" height=\"683\" srcset=\"https:\/\/ramib.org\/oficial\/wp-content\/uploads\/2020\/04\/inaugural2.jpg 1024w, https:\/\/ramib.org\/oficial\/wp-content\/uploads\/2020\/04\/inaugural2-300x200.jpg 300w, https:\/\/ramib.org\/oficial\/wp-content\/uploads\/2020\/04\/inaugural2-768x512.jpg 768w, https:\/\/ramib.org\/oficial\/wp-content\/uploads\/2020\/04\/inaugural2-696x464.jpg 696w, https:\/\/ramib.org\/oficial\/wp-content\/uploads\/2020\/04\/inaugural2-630x420.jpg 630w\" sizes=\"(max-width: 1024px) 100vw, 1024px\" \/> <img loading=\"lazy\" decoding=\"async\" class=\"aligncenter size-full wp-image-2388\" src=\"https:\/\/ramib.org\/oficial\/wp-content\/uploads\/2020\/04\/inaugural6.jpg\" alt=\"\" width=\"1024\" height=\"683\" srcset=\"https:\/\/ramib.org\/oficial\/wp-content\/uploads\/2020\/04\/inaugural6.jpg 1024w, https:\/\/ramib.org\/oficial\/wp-content\/uploads\/2020\/04\/inaugural6-300x200.jpg 300w, https:\/\/ramib.org\/oficial\/wp-content\/uploads\/2020\/04\/inaugural6-768x512.jpg 768w, https:\/\/ramib.org\/oficial\/wp-content\/uploads\/2020\/04\/inaugural6-696x464.jpg 696w, https:\/\/ramib.org\/oficial\/wp-content\/uploads\/2020\/04\/inaugural6-630x420.jpg 630w\" sizes=\"(max-width: 1024px) 100vw, 1024px\" \/><\/p>\n<p style=\"text-align: justify;\">El discurs inaugural va ser dut a terme pel Il. Sr. Javier Cort\u00e9s Bordoy que va tractar sobre la situaci\u00f3 del c\u00e0ncer a Balears. El Dr. Cort\u00e9s va fer una s\u00e8rie de recomanacions a les administracions p\u00fabliques, instant-les a aplicar-los par\u00e0metres internacionals en la lluita contra el c\u00e0ncer; va destacar la bona situaci\u00f3 de les Balears en aquest \u00e0mbit, i va fer especial \u00e8mfasi en el repunt que ha experimentat el c\u00e0ncer de pulm\u00f3 en els \u00faltims anys, especialment en la dona i amb el retorn del tabaquisme.<\/p>\n<p><img loading=\"lazy\" decoding=\"async\" class=\"aligncenter size-full wp-image-2390\" src=\"https:\/\/ramib.org\/oficial\/wp-content\/uploads\/2020\/04\/inaugural7.jpg\" alt=\"\" width=\"1024\" height=\"683\" srcset=\"https:\/\/ramib.org\/oficial\/wp-content\/uploads\/2020\/04\/inaugural7.jpg 1024w, https:\/\/ramib.org\/oficial\/wp-content\/uploads\/2020\/04\/inaugural7-300x200.jpg 300w, https:\/\/ramib.org\/oficial\/wp-content\/uploads\/2020\/04\/inaugural7-768x512.jpg 768w, https:\/\/ramib.org\/oficial\/wp-content\/uploads\/2020\/04\/inaugural7-696x464.jpg 696w, https:\/\/ramib.org\/oficial\/wp-content\/uploads\/2020\/04\/inaugural7-630x420.jpg 630w\" sizes=\"(max-width: 1024px) 100vw, 1024px\" \/> <img loading=\"lazy\" decoding=\"async\" class=\"aligncenter size-full wp-image-2384\" src=\"https:\/\/ramib.org\/oficial\/wp-content\/uploads\/2020\/04\/inaugural4.jpg\" alt=\"\" width=\"1024\" height=\"683\" srcset=\"https:\/\/ramib.org\/oficial\/wp-content\/uploads\/2020\/04\/inaugural4.jpg 1024w, https:\/\/ramib.org\/oficial\/wp-content\/uploads\/2020\/04\/inaugural4-300x200.jpg 300w, https:\/\/ramib.org\/oficial\/wp-content\/uploads\/2020\/04\/inaugural4-768x512.jpg 768w, https:\/\/ramib.org\/oficial\/wp-content\/uploads\/2020\/04\/inaugural4-696x464.jpg 696w, https:\/\/ramib.org\/oficial\/wp-content\/uploads\/2020\/04\/inaugural4-630x420.jpg 630w\" sizes=\"(max-width: 1024px) 100vw, 1024px\" \/><\/p>\n<p style=\"text-align: justify;\">Posteriorment al discurs inaugural el secretari general va donar lectura a la relaci\u00f3 dels premis i distincions concedides per la Real Acad\u00e8mia durant el curs 2019. Els guardonats van pujar a l&#8217;estrada i van rebre un fort aplaudiment a l&#8217;arreplegar el diploma de les autoritats presents a la taula presidencial.<\/p>\n<p style=\"text-align: justify;\">Un cop finalitzat el lliurament dels premis, el Sr. Secretari General va anunciar la convocat\u00f2ria dels Premis de la Reial Acad\u00e8mia del curs 2020.<\/p>\n<p>Com a tancament l&#8217;excel\u00b7lent\u00edssim Sr. president, Dr. Maci\u00e0 Tom\u00e0s Salv\u00e0, en nom de S. M. el Rei, va declarar obert el curs acad\u00e8mic 2020, i va clausurar la sessi\u00f3.<\/p>\n<p><img loading=\"lazy\" decoding=\"async\" class=\"aligncenter size-full wp-image-2392\" src=\"https:\/\/ramib.org\/oficial\/wp-content\/uploads\/2020\/04\/inaugural8.jpg\" alt=\"\" width=\"1024\" height=\"683\" srcset=\"https:\/\/ramib.org\/oficial\/wp-content\/uploads\/2020\/04\/inaugural8.jpg 1024w, https:\/\/ramib.org\/oficial\/wp-content\/uploads\/2020\/04\/inaugural8-300x200.jpg 300w, https:\/\/ramib.org\/oficial\/wp-content\/uploads\/2020\/04\/inaugural8-768x512.jpg 768w, https:\/\/ramib.org\/oficial\/wp-content\/uploads\/2020\/04\/inaugural8-696x464.jpg 696w, https:\/\/ramib.org\/oficial\/wp-content\/uploads\/2020\/04\/inaugural8-630x420.jpg 630w\" sizes=\"(max-width: 1024px) 100vw, 1024px\" \/><\/p>\n<p>Pot visualitzar la sessi\u00f3 a l&#8217;complet en el seg\u00fcent enlla\u00e7 de canal de youtube de la corporaci\u00f3: <a href=\"https:\/\/www.youtube.com\/watch?v=vY3EEUXgqBc&amp;t=1054s\">https:\/\/www.youtube.com\/watch?v=vY3EEUXgqBc&amp;t=1054s<\/a><\/p>\n<p>Fent clic en el seg\u00fcent enlla\u00e7 poden descarregar el llibret corresponent a l&#8217;acte:<\/p>\n<p><a href=\"https:\/\/ramib.org\/oficial\/wp-content\/uploads\/2020\/01\/Llibret-sessio-inaugural-2020.pdf\">Llibret sessio inaugural 2020<\/a><\/p>\n<p><\/p>\n\n\n<p><\/p>\n","protected":false},"excerpt":{"rendered":"<p>Dia 23 de gener de 2020, primer dijous despr\u00e9s de la festa de Sant Sebasti\u00e0, va tenir lloc a la seu acad\u00e8mica de Can Campaner la solemne sessi\u00f3 inaugural de [&hellip;]<\/p>\n","protected":false},"author":3,"featured_media":2378,"comment_status":"open","ping_status":"closed","sticky":false,"template":"","format":"standard","meta":{"_monsterinsights_skip_tracking":false,"_monsterinsights_sitenote_active":false,"_monsterinsights_sitenote_note":"","_monsterinsights_sitenote_category":0,"footnotes":""},"categories":[24,185,18],"tags":[],"_links":{"self":[{"href":"https:\/\/ramib.org\/oficial\/index.php\/wp-json\/wp\/v2\/posts\/2402"}],"collection":[{"href":"https:\/\/ramib.org\/oficial\/index.php\/wp-json\/wp\/v2\/posts"}],"about":[{"href":"https:\/\/ramib.org\/oficial\/index.php\/wp-json\/wp\/v2\/types\/post"}],"author":[{"embeddable":true,"href":"https:\/\/ramib.org\/oficial\/index.php\/wp-json\/wp\/v2\/users\/3"}],"replies":[{"embeddable":true,"href":"https:\/\/ramib.org\/oficial\/index.php\/wp-json\/wp\/v2\/comments?post=2402"}],"version-history":[{"count":3,"href":"https:\/\/ramib.org\/oficial\/index.php\/wp-json\/wp\/v2\/posts\/2402\/revisions"}],"predecessor-version":[{"id":2405,"href":"https:\/\/ramib.org\/oficial\/index.php\/wp-json\/wp\/v2\/posts\/2402\/revisions\/2405"}],"wp:featuredmedia":[{"embeddable":true,"href":"https:\/\/ramib.org\/oficial\/index.php\/wp-json\/wp\/v2\/media\/2378"}],"wp:attachment":[{"href":"https:\/\/ramib.org\/oficial\/index.php\/wp-json\/wp\/v2\/media?parent=2402"}],"wp:term":[{"taxonomy":"category","embeddable":true,"href":"https:\/\/ramib.org\/oficial\/index.php\/wp-json\/wp\/v2\/categories?post=2402"},{"taxonomy":"post_tag","embeddable":true,"href":"https:\/\/ramib.org\/oficial\/index.php\/wp-json\/wp\/v2\/tags?post=2402"}],"curies":[{"name":"wp","href":"https:\/\/api.w.org\/{rel}","templated":true}]}}