{"id":239,"date":"2015-03-31T11:04:03","date_gmt":"2015-03-31T11:04:03","guid":{"rendered":"https:\/\/ramib.org\/oficial\/index.php\/generacion-automatica-desde-el-titulo-2\/"},"modified":"2019-09-03T10:04:38","modified_gmt":"2019-09-03T10:04:38","slug":"generacion-automatica-desde-el-titulo-2","status":"publish","type":"post","link":"https:\/\/ramib.org\/oficial\/index.php\/2015\/03\/31\/generacion-automatica-desde-el-titulo-2\/","title":{"rendered":"Sesi\u00f3n cient\u00edfica: &#8220;Investigaci\u00f3n en Qu\u00edmica como base del avance en medicina&#8221; a cargo del Prof. Pere M\u00aa. Dey\u00e0 Serra"},"content":{"rendered":"<p style=\"text-align: justify;\"><span style=\"font-family: verdana, geneva; font-size: 8pt;\"><strong><span style=\"font-size: 10pt; color: #3366ff;\">Sesi\u00f3n cient\u00edfica.<\/span><\/strong> El pasado martes d\u00eda 7 de abril, a les 20:00 h., se celebr\u00f3 en el sal\u00f3n de actos de Can Campaner y sede de la Reial Acad\u00e8mia de Medicina de les Illes Balears, la conferencia &#8220;Investigaci\u00f3 en Qu\u00edmica com a base de l&#8217;aven\u00e7 en Medicina&#8221; a cargo del Prof. Pere Ma. Dey\u00e0 Serra, catedr\u00e1tico de Qu\u00edmica Org\u00e1nica de la Universitat de les Illes Balears.<\/span><\/p>\n<p>  <!--more-->  <\/p>\n<p style=\"text-align: justify;\"><span style=\"font-size: 8pt; font-family: verdana, geneva;\">Abri\u00f3 el acto el Presidente de la Corporaci\u00f3n Dr. Maci\u00e0 Tom\u00e0s Salv\u00e0, dando la palabra al acad\u00e9mico Dr. F\u00e8lix Grases Freixedas, catedr\u00e1tico de Qu\u00edmica Inorg\u00e1nica de la UIB, amigo personal del conferenciante y profesor del mismo mismo Departamento, el cual present\u00f3 de manera muy emotiva al Prof. Pere Dey\u00e0, destacando los aspectos m\u00e1s importantes de su extenso curr\u00edculum, as\u00ed como su interesante dedicaci\u00f3n como int\u00e9rprete de importantes \u00f3peras y su participaci\u00f3n en importantes grupos corales.<\/span><\/p>\n<table>\n<tbody>\n<tr>\n<td style=\"text-align: justify; width: 265px;\"><img decoding=\"async\" src=\"images\/noticies\/2015\/peredeya1.jpg\" alt=\"\" \/><\/td>\n<td style=\"text-align: justify; vertical-align: middle;\"><span style=\"font-family: verdana, geneva; font-size: 8pt;\">Licenciado en Ciencias Qu\u00edmicas por la Universitat de Barcelona con Premio Extraordinario, doctorado en Ciencias Qu\u00edmicas por la Universitat de les Illes Balears con la calificaci\u00f3n excelente &#8220;cum laude&#8221; por unanimidad, Catedr\u00e1tico de Qu\u00edmica Org\u00e1nica desde el a\u00f1o 1988 del Departamento de Qu\u00edmica de la Facultad de Ciencias, ha dirigido 5 tesis doctorals, ha publicado 162 art\u00edculos cient\u00edficos con 4150 citas y un \u00edndex h = 35 (web of science).<\/span><\/td>\n<\/tr>\n<\/tbody>\n<\/table>\n<table>\n<tbody>\n<tr>\n<td style=\"text-align: justify; vertical-align: middle;\">\n<p><span style=\"font-family: verdana, geneva; font-size: 8pt;\">En la UIB ha sido Vicedecano y Decano de la Facultad de Ciencias, Director del Departamento de Qu\u00edmica, Coordinador del programa de doctorado en Qu\u00edmica y actualmente es Director del M\u00e1ster en Salud Laboral &#8211; Prevenci\u00f3n de Riesgos Laborales de la C\u00e1tedra Mapfre.<\/span><\/p>\n<p><span style=\"font-family: verdana, geneva; font-size: 8pt;\">Ha participado en la constituci\u00f3n de dos grupos de investigaci\u00f3n en Qu\u00edmica Supramolecular y en Salut Laboral.<\/span><\/p>\n<\/td>\n<td style=\"width: 260px;\"><span style=\"font-family: verdana, geneva; font-size: 8pt;\"><img loading=\"lazy\" decoding=\"async\" src=\"images\/noticies\/2015\/peredeya2.jpg\" alt=\"\" width=\"266\" height=\"186\" \/><\/span><\/td>\n<\/tr>\n<\/tbody>\n<\/table>\n<table>\n<tbody>\n<tr>\n<td style=\"width: 320px;\"><img loading=\"lazy\" decoding=\"async\" src=\"images\/noticies\/2015\/peredeya3.jpg\" alt=\"\" width=\"317\" height=\"213\" \/><\/td>\n<td style=\"text-align: justify; vertical-align: middle;\">\n<p><span style=\"font-family: verdana, geneva; font-size: 8pt;\">Al finalizar la extraordinaria exposici\u00f3n, se entabl\u00f3 un interesante debate entre los asistentes al acto, analizando aspectos muy interesantes sobre la importancia de la Qu\u00edmica en la aplicaci\u00f3n cl\u00ednica i en las principales l\u00edneas de investigaci\u00f3n biom\u00e9dica. <\/span><\/p>\n<\/td>\n<\/tr>\n<\/tbody>\n<\/table>\n<p style=\"text-align: justify;\">\u00a0<\/p>\n<p style=\"text-align: justify;\">\u00a0<\/p>\n<p style=\"text-align: justify;\">\u00a0<\/p>\n<p>\u00a0<\/p>\n","protected":false},"excerpt":{"rendered":"<p>Sesi\u00f3n cient\u00edfica. El pasado martes d\u00eda 7 de abril, a les 20:00 h., se celebr\u00f3 en el sal\u00f3n de actos de Can Campaner y sede de la Reial Acad\u00e8mia de [&hellip;]<\/p>\n","protected":false},"author":3,"featured_media":0,"comment_status":"closed","ping_status":"closed","sticky":false,"template":"","format":"standard","meta":{"_monsterinsights_skip_tracking":false,"_monsterinsights_sitenote_active":false,"_monsterinsights_sitenote_note":"","_monsterinsights_sitenote_category":0,"footnotes":""},"categories":[],"tags":[],"_links":{"self":[{"href":"https:\/\/ramib.org\/oficial\/index.php\/wp-json\/wp\/v2\/posts\/239"}],"collection":[{"href":"https:\/\/ramib.org\/oficial\/index.php\/wp-json\/wp\/v2\/posts"}],"about":[{"href":"https:\/\/ramib.org\/oficial\/index.php\/wp-json\/wp\/v2\/types\/post"}],"author":[{"embeddable":true,"href":"https:\/\/ramib.org\/oficial\/index.php\/wp-json\/wp\/v2\/users\/3"}],"replies":[{"embeddable":true,"href":"https:\/\/ramib.org\/oficial\/index.php\/wp-json\/wp\/v2\/comments?post=239"}],"version-history":[{"count":1,"href":"https:\/\/ramib.org\/oficial\/index.php\/wp-json\/wp\/v2\/posts\/239\/revisions"}],"predecessor-version":[{"id":917,"href":"https:\/\/ramib.org\/oficial\/index.php\/wp-json\/wp\/v2\/posts\/239\/revisions\/917"}],"wp:attachment":[{"href":"https:\/\/ramib.org\/oficial\/index.php\/wp-json\/wp\/v2\/media?parent=239"}],"wp:term":[{"taxonomy":"category","embeddable":true,"href":"https:\/\/ramib.org\/oficial\/index.php\/wp-json\/wp\/v2\/categories?post=239"},{"taxonomy":"post_tag","embeddable":true,"href":"https:\/\/ramib.org\/oficial\/index.php\/wp-json\/wp\/v2\/tags?post=239"}],"curies":[{"name":"wp","href":"https:\/\/api.w.org\/{rel}","templated":true}]}}