{"id":2357,"date":"2020-04-09T15:49:37","date_gmt":"2020-04-09T15:49:37","guid":{"rendered":"https:\/\/ramib.org\/oficial\/?p=2357"},"modified":"2022-11-19T12:51:41","modified_gmt":"2022-11-19T12:51:41","slug":"especial-covid-19-actuaciones-de-los-miembros-de-la-ramib-referentes-al-coronavirus","status":"publish","type":"post","link":"https:\/\/ramib.org\/oficial\/index.php\/2020\/04\/09\/especial-covid-19-actuaciones-de-los-miembros-de-la-ramib-referentes-al-coronavirus\/?lang=es","title":{"rendered":"La Real Academia de Medicina de las Islas Baleares, ante el Covid-19: art\u00edculos, entrevistas, gu\u00edas."},"content":{"rendered":"<div>La Reial Acad\u00e8mia de Medicina de les Illes Balears agrupa en este apartado las actuaciones ante la crisis de la Covid-19&nbsp;llevadas a cabo por miembros de la Corporaci\u00f3n.<\/div>\n<div>&nbsp;<\/div>\n<div>&nbsp;<\/div>\n<div>Comunicado de la RAMIB: &#8220;Pandemia de COVID-19: investigaci\u00f3n y informaci\u00f3n\u201d <a href=\"https:\/\/ramib.org\/oficial\/wp-content\/uploads\/2020\/04\/RAMIB-Comunicat-Covid-19.pdf\">RAMIB, Comunicat Covid-19<\/a><\/div>\n<div>&nbsp;<\/div>\n<p style=\"text-align: justify;\">Sessi\u00f3 cient\u00edfica de 4 de febrer de 2020: \u201cVirus respiratorios amenazantes. El nuevo coronavirus 2019-nCoV, \u00bfun peligro real?\u201d.<\/p>\n<p><a href=\"https:\/\/ramib.org\/oficial\/index.php\/2020\/02\/04\/2284\/\">https:\/\/ramib.org\/oficial\/index.php\/2020\/02\/04\/2284\/<\/a><\/p>\n<p><iframe loading=\"lazy\" title=\"Virus respiratorios amenazantes. El nuevo coronavirus 2019-nCoV, \u00bfun peligro real?\" width=\"696\" height=\"392\" src=\"https:\/\/www.youtube.com\/embed\/Tx76vbfJHRQ?start=3763&#038;feature=oembed\" frameborder=\"0\" allow=\"accelerometer; autoplay; clipboard-write; encrypted-media; gyroscope; picture-in-picture\" allowfullscreen><\/iframe><\/p>\n<p style=\"text-align: justify;\">Programa especial de coronavirus con la participaci\u00f3n del M. Il. Sr Jordi Reina Prieto:<\/p>\n<p><a href=\"http:\/\/saludediciones.com\/?p=23401\">http:\/\/saludediciones.com\/?p=23401<\/a><\/p>\n<p style=\"text-align: justify;\">Entrevista al M. Il. Sr. Javier Garau Alemany de d\u00eda 14 de mar\u00e7 de 2020 en <em>diariodemallorca<\/em>:<\/p>\n<p><a href=\"https:\/\/www.diariodemallorca.es\/mallorca\/2020\/03\/14\/javier-garau-coronavirus-ido-delante\/1494193.html\">https:\/\/www.diariodemallorca.es\/mallorca\/2020\/03\/14\/javier-garau-coronavirus-ido-delante\/1494193.html<\/a><\/p>\n<p style=\"text-align: justify;\">Entrevista al M. Il. Sr. Sebasti\u00e0 Cresp\u00ed Rotger de 17 de marzo de 2020 en el programa <em>Els Dematins IB3<\/em>:<\/p>\n<p><a href=\"https:\/\/twitter.com\/ElsDematinsIB3\/status\/1239952134583402497\">https:\/\/twitter.com\/ElsDematinsIB3\/status\/1239952134583402497<\/a><\/p>\n<p style=\"text-align: justify;\">Publicaci\u00f3n de la&nbsp;<em>World Health Organization 2020 \u2013 Operational considerations for COVID-19 management in the accommodation sector<\/em>, de&nbsp;31 de marzo de 2020 con agradecimiento al&nbsp;M. Il. Sr. Sebasti\u00e0 Cresp\u00ed Rotger.<\/p>\n<p><a href=\"https:\/\/apps.who.int\/iris\/bitstream\/handle\/10665\/331638\/WHO-2019-nCoV-Hotels-2020.1-eng.pdf\">https:\/\/apps.who.int\/iris\/bitstream\/handle\/10665\/331638\/WHO-2019-nCoV-Hotels-2020.1-eng.pdf<\/a><\/p>\n<p>V\u00eddeo del M. Il. Sr. Pere Riutord Sbert sobre el coronavirus de 1 de abril de 2020:<\/p>\n<p><a href=\"http:\/\/www.saludediciones.com\/2020\/04\/01\/video-del-dr-pere-riutord-president-del-consell-de-recerca-adema-uib-sobre-el-coronavirus\/\">http:\/\/www.saludediciones.com\/2020\/04\/01\/video-del-dr-pere-riutord-president-del-consell-de-recerca-adema-uib-sobre-el-coronavirus\/<\/a><\/p>\n<p>V\u00eddeo del M. Il. Sr. Joan Maria Benejam Gual sobre consejos de salud de urolog\u00eda durante el confinamiento de 1 de abril de 2020:<\/p>\n<p><a href=\"http:\/\/www.saludediciones.com\/2020\/04\/01\/video-del-dr-joan-benejam-cap-durologia-de-lhospital-de-manacor-i-red-asistencial-juaneda-amb-consells-de-salut-urologica-durant-el-confinament\/\">http:\/\/www.saludediciones.com\/2020\/04\/01\/video-del-dr-joan-benejam-cap-durologia-de-lhospital-de-manacor-i-red-asistencial-juaneda-amb-consells-de-salut-urologica-durant-el-confinament\/<\/a><\/p>\n<p style=\"text-align: justify;\">Publicaci\u00f3n del M. Il. Sr. Joan March Noguera de 4 de abril de 2020 en <em>eldiarionorte.es &#8211; Combatiendo las pandemias desde hace tiempo<\/em>:<\/p>\n<p><a href=\"https:\/\/www.eldiario.es\/norte\/vientodelnorte\/coronavirus-salud_6_1013208680.html\">https:\/\/www.eldiario.es\/norte\/vientodelnorte\/coronavirus-salud_6_1013208680.html<\/a><\/p>\n<p style=\"text-align: justify;\">Entrevista al M. Il. Sr. Jordi Reina Prieto de 10 de abril de 2020 para el diario <em>abc<\/em>:<\/p>\n<p><a href=\"https:\/\/www.abc.es\/sociedad\/abci-doctor-jordi-reina-necesitamos-saber-ahora-porcentaje-poblacion-inmune-coronavirus-202004092220_noticia.html\">https:\/\/www.abc.es\/sociedad\/abci-doctor-jordi-reina-necesitamos-saber-ahora-porcentaje-poblacion-inmune-coronavirus-202004092220_noticia.html<\/a><\/p>\n<p>V\u00eddeo del M. Il. Sr. Pere Riutord Sbert sobre las demandas que el colectivo de dentistas hacen a las autoridades sanitarias.<\/p>\n<p><a href=\"http:\/\/www.saludediciones.com\/2020\/04\/17\/video-del-dr-pere-riutord-sobre-les-demandes-que-el-col%c2%b7lectiu-de-dentistes-fan-a-les-autoritats-sanitaries\/\">http:\/\/www.saludediciones.com\/2020\/04\/17\/video-del-dr-pere-riutord-sobre-les-demandes-que-el-col%c2%b7lectiu-de-dentistes-fan-a-les-autoritats-sanitaries\/<\/a><\/p>\n<p>Conferencia de 25 de mayo de 2020 del M. Il. Sr. Javier Garau Alemany: <a href=\"https:\/\/ramib.org\/oficial\/wp-content\/uploads\/2020\/04\/COVID-19-Javier-Garau.pdf\">COVID-19&nbsp;<\/a><\/p>\n<p style=\"text-align: justify;\">Entrevista al M. Il. Sr. Joan March Noguera de d\u00eda 26 de mayo de 2020 por parte de la Societat Catalana d\u2019Hist\u00f2ria de la Ci\u00e8ncia i de la T\u00e8cnica: <a href=\"https:\/\/www.youtube.com\/watch?v=ck5VtoK90Oc&amp;feature=youtu.be\">&#8220;Coneixer el passat per actuar en el present i prevenir el futur \u00e9s molt important&#8221;.<\/a><\/p>\n<p>Entrevista al M. Il. Sr. Sebasti\u00e0 Cresp\u00ed Rotger de d\u00eda 25 de julio de 2020 para el Diario de Mallorca:&nbsp; <a href=\"https:\/\/www.diariodemallorca.es\/opinion\/2020\/07\/25\/ciencia-solidaridad-tiempos-pandemia\/1525834.html\">https:\/\/www.diariodemallorca.es\/opinion\/2020\/07\/25\/ciencia-solidaridad-tiempos-pandemia\/1525834.htm<\/a><\/p>\n<p>Publicaci\u00f3n de 15 de septiembre de 2020 del peri\u00f3dico Ultima Hora referente a la patente de un dispositivo de cierre para mascarillas quir\u00fargicas en situaci\u00f3n de alto riesgo frente al COVID 19, realizado por el equipo de investigadores de ADEMA-UIB liderados por el acad\u00e9mico numerario M. Il. Sr. Pere Riutord Sbert: <a href=\"https:\/\/www.ultimahora.es\/noticias\/sociedad\/2020\/09\/15\/1196909\/adema-uib-patenta-revolucionario-dispositivo-cierre-mascarillas.html\">https:\/\/www.ultimahora.es\/noticias\/sociedad\/2020\/09\/15\/1196909\/adema-uib-patenta-revolucionario-dispositivo-cierre-mascarillas.html<\/a><\/p>\n<p>Publicaci\u00f3n del 20 de octubre de 2020 en Diario de Mallorca realizada por el M. Il. Sr. Sebasti\u00e0 Cresp\u00ed Rotger: <a href=\"https:\/\/www.diariodemallorca.es\/opinion\/2020\/10\/20\/ocho-meses-pandemia-ocho-meses-20156018.html\">Ocho meses de pandemia, ocho meses de aprendizaje.<\/a><\/p>\n<p>Art\u00edculo en el peri\u00f3dico Ultima Hora de 9 de diciembre de 2020 del M. Il. Sr. Jordi Reina Prieto: <a href=\"https:\/\/www.ultimahora.es\/noticias\/local\/2020\/12\/09\/1221183\/coronavirus-baleares-reina-dice-sin-vacuna-pandemia-podria-durar-anos.html\">Jordi Reina: \u00abSin la vacuna, la pandemia podr\u00eda durar seis a\u00f1os\u00bb<\/a>&nbsp;<\/p>\n\n\n<p><\/p>\n","protected":false},"excerpt":{"rendered":"<p>La Reial Acad\u00e8mia de Medicina de les Illes Balears agrupa en este apartado las actuaciones ante la crisis de la Covid-19&nbsp;llevadas a cabo por miembros de la Corporaci\u00f3n. &nbsp; &nbsp; [&hellip;]<\/p>\n","protected":false},"author":3,"featured_media":2354,"comment_status":"open","ping_status":"closed","sticky":false,"template":"","format":"standard","meta":{"_monsterinsights_skip_tracking":false,"_monsterinsights_sitenote_active":false,"_monsterinsights_sitenote_note":"","_monsterinsights_sitenote_category":0,"footnotes":""},"categories":[185,17],"tags":[],"_links":{"self":[{"href":"https:\/\/ramib.org\/oficial\/index.php\/wp-json\/wp\/v2\/posts\/2357"}],"collection":[{"href":"https:\/\/ramib.org\/oficial\/index.php\/wp-json\/wp\/v2\/posts"}],"about":[{"href":"https:\/\/ramib.org\/oficial\/index.php\/wp-json\/wp\/v2\/types\/post"}],"author":[{"embeddable":true,"href":"https:\/\/ramib.org\/oficial\/index.php\/wp-json\/wp\/v2\/users\/3"}],"replies":[{"embeddable":true,"href":"https:\/\/ramib.org\/oficial\/index.php\/wp-json\/wp\/v2\/comments?post=2357"}],"version-history":[{"count":17,"href":"https:\/\/ramib.org\/oficial\/index.php\/wp-json\/wp\/v2\/posts\/2357\/revisions"}],"predecessor-version":[{"id":2786,"href":"https:\/\/ramib.org\/oficial\/index.php\/wp-json\/wp\/v2\/posts\/2357\/revisions\/2786"}],"wp:featuredmedia":[{"embeddable":true,"href":"https:\/\/ramib.org\/oficial\/index.php\/wp-json\/wp\/v2\/media\/2354"}],"wp:attachment":[{"href":"https:\/\/ramib.org\/oficial\/index.php\/wp-json\/wp\/v2\/media?parent=2357"}],"wp:term":[{"taxonomy":"category","embeddable":true,"href":"https:\/\/ramib.org\/oficial\/index.php\/wp-json\/wp\/v2\/categories?post=2357"},{"taxonomy":"post_tag","embeddable":true,"href":"https:\/\/ramib.org\/oficial\/index.php\/wp-json\/wp\/v2\/tags?post=2357"}],"curies":[{"name":"wp","href":"https:\/\/api.w.org\/{rel}","templated":true}]}}