{"id":2350,"date":"2020-04-09T15:43:57","date_gmt":"2020-04-09T15:43:57","guid":{"rendered":"https:\/\/ramib.org\/oficial\/?p=2350"},"modified":"2020-12-30T01:53:01","modified_gmt":"2020-12-30T01:53:01","slug":"especial-covid-19-actuacions-dels-membres-de-la-ramib-front-al-coronavirus","status":"publish","type":"post","link":"https:\/\/ramib.org\/oficial\/index.php\/2020\/04\/09\/especial-covid-19-actuacions-dels-membres-de-la-ramib-front-al-coronavirus\/","title":{"rendered":"La Reial Acad\u00e8mia de Medicina de les Illes Balears, davant la Covid-19: articles, entrevistes, guies."},"content":{"rendered":"<p>La Reial Acad\u00e8mia de Medicina de les Illes Balears agrupa en aquest apartat les actuacions davant la crisi de la Covid-19 dutes a terme per membres de la Corporaci\u00f3.<\/p>\n<p>Comunicat de la RAMIB de 30 d&#8217;abril de 2020: \u201cPand\u00e8mia de COVID-19: investigaci\u00f3 i informaci\u00f3\u201d <a href=\"https:\/\/ramib.org\/oficial\/wp-content\/uploads\/2020\/04\/RAMIB-Comunicat-Covid-19.pdf\">RAMIB, Comunicat Covid-19<\/a><\/p>\n<p>Sessi\u00f3 cient\u00edfica de 4 de febrer de 2020: \u201cVirus respiratorios amenazantes. El nuevo coronavirus 2019-nCoV, \u00bfun peligro real?\u201d. <a href=\"https:\/\/ramib.org\/oficial\/index.php\/2020\/02\/04\/2284\/\">https:\/\/ramib.org\/oficial\/index.php\/2020\/02\/04\/2284\/<\/a><\/p>\n<p><iframe loading=\"lazy\" title=\"Virus respiratorios amenazantes. El nuevo coronavirus 2019-nCoV, \u00bfun peligro real?\" width=\"696\" height=\"392\" src=\"https:\/\/www.youtube.com\/embed\/Tx76vbfJHRQ?start=3763&#038;feature=oembed\" frameborder=\"0\" allow=\"accelerometer; autoplay; clipboard-write; encrypted-media; gyroscope; picture-in-picture\" allowfullscreen><\/iframe><\/p>\n<p>Programa especial de coronavirus amb la participaci\u00f3 del M. Il. Sr Jordi Reina Prieto:<\/p>\n<p><a href=\"http:\/\/saludediciones.com\/?p=23401\">http:\/\/saludediciones.com\/?p=23401<\/a><\/p>\n<p>Entrevista al M. Il. Sr. Javier Garau Alemany de dia 14 de mar\u00e7 de 2020 a <em>diariodemallorca<\/em>:<\/p>\n<p><a href=\"https:\/\/www.diariodemallorca.es\/mallorca\/2020\/03\/14\/javier-garau-coronavirus-ido-delante\/1494193.html\">https:\/\/www.diariodemallorca.es\/mallorca\/2020\/03\/14\/javier-garau-coronavirus-ido-delante\/1494193.html<\/a><\/p>\n<p>Entrevista al M. Il. Sr. Sebasti\u00e0 Cresp\u00ed Rotger de 17 de mar\u00e7 de 2020 al programa <em>Els Dematins IB3<\/em>:<\/p>\n<p><a href=\"https:\/\/twitter.com\/ElsDematinsIB3\/status\/1239952134583402497\">https:\/\/twitter.com\/ElsDematinsIB3\/status\/1239952134583402497<\/a><\/p>\n<p>Publicaci\u00f3 de la <em>World Health Organization 2020 &#8211; Operational considerations for COVID-19 management in the accommodation sector<\/em>, de 31 de mar\u00e7 de 2020 amb agra\u00efment al M. Il. Sr. Sebasti\u00e0 Cresp\u00ed Rotger.<\/p>\n<p><a href=\"https:\/\/apps.who.int\/iris\/bitstream\/handle\/10665\/331638\/WHO-2019-nCoV-Hotels-2020.1-eng.pdf\">https:\/\/apps.who.int\/iris\/bitstream\/handle\/10665\/331638\/WHO-2019-nCoV-Hotels-2020.1-eng.pdf<\/a><\/p>\n<p>Video del M. Il. Sr. Pere Riutord Sbert sobre el coronavirus d&#8217;1 d&#8217;abril de 2020:<\/p>\n<p><a href=\"http:\/\/www.saludediciones.com\/2020\/04\/01\/video-del-dr-pere-riutord-president-del-consell-de-recerca-adema-uib-sobre-el-coronavirus\/\">http:\/\/www.saludediciones.com\/2020\/04\/01\/video-del-dr-pere-riutord-president-del-consell-de-recerca-adema-uib-sobre-el-coronavirus\/<\/a><\/p>\n<p>Video del M. Il. Sr. Joan Maria Benejam Gual sobre consells de salut urol\u00f2gica durant el confinament d&#8217;1 d&#8217;abril de 2020:<\/p>\n<p><a href=\"http:\/\/www.saludediciones.com\/2020\/04\/01\/video-del-dr-joan-benejam-cap-durologia-de-lhospital-de-manacor-i-red-asistencial-juaneda-amb-consells-de-salut-urologica-durant-el-confinament\/\">http:\/\/www.saludediciones.com\/2020\/04\/01\/video-del-dr-joan-benejam-cap-durologia-de-lhospital-de-manacor-i-red-asistencial-juaneda-amb-consells-de-salut-urologica-durant-el-confinament\/<\/a><\/p>\n<p>Publicaci\u00f3 del M. Il. Sr. Joan March Noguera de 4 d&#8217;abril de 2020 a <em>eldiarionorte.es &#8211; Combatiendo las pandemias desde hace tiempo<\/em>:<\/p>\n<p><a href=\"https:\/\/www.eldiario.es\/norte\/vientodelnorte\/coronavirus-salud_6_1013208680.html\">https:\/\/www.eldiario.es\/norte\/vientodelnorte\/coronavirus-salud_6_1013208680.html<\/a><\/p>\n<p>Entrevista al M. Il.Sr. Jordi Reina Prieto de 10 d&#8217;abril de 2020 del diari abc:<\/p>\n<p><a href=\"https:\/\/www.abc.es\/sociedad\/abci-doctor-jordi-reina-necesitamos-saber-ahora-porcentaje-poblacion-inmune-coronavirus-202004092220_noticia.html\">https:\/\/www.abc.es\/sociedad\/abci-doctor-jordi-reina-necesitamos-saber-ahora-porcentaje-poblacion-inmune-coronavirus-202004092220_noticia.html<\/a><\/p>\n<p>Video del M. Il. Sr. Pere Riutord Sbert de 17 d&#8217;abril de 2020 sobre les demandes que el col\u00b7lectiu de dentistes fan a les autoritats sanit\u00e0ries.:<\/p>\n<p><a href=\"http:\/\/www.saludediciones.com\/2020\/04\/17\/video-del-dr-pere-riutord-sobre-les-demandes-que-el-col%c2%b7lectiu-de-dentistes-fan-a-les-autoritats-sanitaries\/\">http:\/\/www.saludediciones.com\/2020\/04\/17\/video-del-dr-pere-riutord-sobre-les-demandes-que-el-col%c2%b7lectiu-de-dentistes-fan-a-les-autoritats-sanitaries\/<\/a><\/p>\n<p>Conferencia de 25 de maig de 2020 del M. Il. Sr. Javier Garau Alemany: <a href=\"https:\/\/ramib.org\/oficial\/wp-content\/uploads\/2020\/04\/COVID-19-Javier-Garau.pdf\">COVID-19<\/a><\/p>\n<p>Entrevista al M. Il. Sr. Joan March Noguera de dia 26 de maig de 2020 per part de la Societat Catalana d\u2019Hist\u00f2ria de la Ci\u00e8ncia i de la T\u00e8cnica: <a href=\"https:\/\/www.youtube.com\/watch?v=ck5VtoK90Oc&amp;feature=youtu.be\">&#8220;Coneixer el passat per actuar en el present i prevenir el futur \u00e9s molt important&#8221;.<\/a><\/p>\n<p>Entrevista al M. Il. Sr. Sebasti\u00e0 Cresp\u00ed Rotger de dia 25 de juliol de 2020 a Diario de Mallorca:\u00a0 <a href=\"https:\/\/www.diariodemallorca.es\/opinion\/2020\/07\/25\/ciencia-solidaridad-tiempos-pandemia\/1525834.html\">https:\/\/www.diariodemallorca.es\/opinion\/2020\/07\/25\/ciencia-solidaridad-tiempos-pandemia\/1525834.htm<\/a><\/p>\n<p>Publicaci\u00f3 de 15 de setembre de 2020 del diari Ultima Hora referent a la patent d&#8217;un dispositiu de tancament per a mascaretes quir\u00fargiques en situaci\u00f3 d&#8217;alt risc front al covid 19, realitzat per l&#8217;equip d&#8217;investigadors ADEMA-UIB liderat per l&#8217;acad\u00e8mic numerari M. Il .Sr. Pere Riutord Sbert: <a href=\"https:\/\/www.ultimahora.es\/noticias\/sociedad\/2020\/09\/15\/1196909\/adema-uib-patenta-revolucionario-dispositivo-cierre-mascarillas.html\">https:\/\/www.ultimahora.es\/noticias\/sociedad\/2020\/09\/15\/1196909\/adema-uib-patenta-revolucionario-dispositivo-cierre-mascarillas.<\/a><\/p>\n<p>Publicaci\u00f3 del 20 d&#8217;octubre de 2020 a Diario de Mallorca del M. Il. Sr. Sebasti\u00e0 Cresp\u00ed Rotger: <a href=\"https:\/\/www.diariodemallorca.es\/opinion\/2020\/10\/20\/ocho-meses-pandemia-ocho-meses-20156018.html\">Ocho meses de pandemia, ocho meses de aprendizaje<\/a><\/p>\n<p>Article de 09\/12\/2020 del M. Il. Sr. Jordi Reina Prieto al diari Ultima hora: <a href=\"https:\/\/www.ultimahora.es\/noticias\/local\/2020\/12\/09\/1221183\/coronavirus-baleares-reina-dice-sin-vacuna-pandemia-podria-durar-anos.html\">Jordi Reina: \u00abSin la vacuna, la pandemia podr\u00eda durar seis a\u00f1os\u00bb<\/a><\/p>\n","protected":false},"excerpt":{"rendered":"<p>La Reial Acad\u00e8mia de Medicina de les Illes Balears agrupa en aquest apartat les actuacions davant la crisi de la Covid-19 dutes a terme per membres de la Corporaci\u00f3. Comunicat [&hellip;]<\/p>\n","protected":false},"author":3,"featured_media":2354,"comment_status":"open","ping_status":"closed","sticky":false,"template":"","format":"standard","meta":{"_monsterinsights_skip_tracking":false,"_monsterinsights_sitenote_active":false,"_monsterinsights_sitenote_note":"","_monsterinsights_sitenote_category":0,"footnotes":""},"categories":[14,24,185,17],"tags":[],"_links":{"self":[{"href":"https:\/\/ramib.org\/oficial\/index.php\/wp-json\/wp\/v2\/posts\/2350"}],"collection":[{"href":"https:\/\/ramib.org\/oficial\/index.php\/wp-json\/wp\/v2\/posts"}],"about":[{"href":"https:\/\/ramib.org\/oficial\/index.php\/wp-json\/wp\/v2\/types\/post"}],"author":[{"embeddable":true,"href":"https:\/\/ramib.org\/oficial\/index.php\/wp-json\/wp\/v2\/users\/3"}],"replies":[{"embeddable":true,"href":"https:\/\/ramib.org\/oficial\/index.php\/wp-json\/wp\/v2\/comments?post=2350"}],"version-history":[{"count":13,"href":"https:\/\/ramib.org\/oficial\/index.php\/wp-json\/wp\/v2\/posts\/2350\/revisions"}],"predecessor-version":[{"id":2585,"href":"https:\/\/ramib.org\/oficial\/index.php\/wp-json\/wp\/v2\/posts\/2350\/revisions\/2585"}],"wp:featuredmedia":[{"embeddable":true,"href":"https:\/\/ramib.org\/oficial\/index.php\/wp-json\/wp\/v2\/media\/2354"}],"wp:attachment":[{"href":"https:\/\/ramib.org\/oficial\/index.php\/wp-json\/wp\/v2\/media?parent=2350"}],"wp:term":[{"taxonomy":"category","embeddable":true,"href":"https:\/\/ramib.org\/oficial\/index.php\/wp-json\/wp\/v2\/categories?post=2350"},{"taxonomy":"post_tag","embeddable":true,"href":"https:\/\/ramib.org\/oficial\/index.php\/wp-json\/wp\/v2\/tags?post=2350"}],"curies":[{"name":"wp","href":"https:\/\/api.w.org\/{rel}","templated":true}]}}