{"id":2333,"date":"2020-03-04T12:28:39","date_gmt":"2020-03-04T12:28:39","guid":{"rendered":"https:\/\/ramib.org\/oficial\/?p=2333"},"modified":"2020-04-05T12:34:15","modified_gmt":"2020-04-05T12:34:15","slug":"03-03-2020-malformacions-vasculars-cerebrals-complexes-un-nou-paradigma-terapeutic","status":"publish","type":"post","link":"https:\/\/ramib.org\/oficial\/index.php\/2020\/03\/04\/03-03-2020-malformacions-vasculars-cerebrals-complexes-un-nou-paradigma-terapeutic\/","title":{"rendered":"03\/03\/2020: Malformacions vasculars cerebrals complexes: un nou paradigma terap\u00e8utic"},"content":{"rendered":"<p style=\"text-align: justify;\">Sessi\u00f3 cient\u00edfica. &#8211; Dia 3 de mar\u00e7 es va celebrar a la seu acad\u00e8mica de Can Campaner la sessi\u00f3 cient\u00edfica &#8220;Malformacions vasculars cerebrals complexes: un nou paradigma terap\u00e8utic.&#8221;<\/p>\n<p style=\"text-align: justify;\">Va presentar al conferenciant va moderar el col\u00b7loqui el Sr. president de la RAMIB Excm. Sr. Maci\u00e0 Tom\u00e0s Salv\u00e0.<\/p>\n<p><img loading=\"lazy\" decoding=\"async\" class=\"aligncenter size-full wp-image-2318\" src=\"https:\/\/ramib.org\/oficial\/wp-content\/uploads\/2020\/04\/Rodriguezboto2.jpg\" alt=\"\" width=\"1024\" height=\"683\" srcset=\"https:\/\/ramib.org\/oficial\/wp-content\/uploads\/2020\/04\/Rodriguezboto2.jpg 1024w, https:\/\/ramib.org\/oficial\/wp-content\/uploads\/2020\/04\/Rodriguezboto2-300x200.jpg 300w, https:\/\/ramib.org\/oficial\/wp-content\/uploads\/2020\/04\/Rodriguezboto2-768x512.jpg 768w, https:\/\/ramib.org\/oficial\/wp-content\/uploads\/2020\/04\/Rodriguezboto2-696x464.jpg 696w, https:\/\/ramib.org\/oficial\/wp-content\/uploads\/2020\/04\/Rodriguezboto2-630x420.jpg 630w\" sizes=\"(max-width: 1024px) 100vw, 1024px\" \/> <img loading=\"lazy\" decoding=\"async\" class=\"aligncenter size-full wp-image-2316\" src=\"https:\/\/ramib.org\/oficial\/wp-content\/uploads\/2020\/04\/RodriguezBoto1.jpg\" alt=\"\" width=\"5184\" height=\"3456\" srcset=\"https:\/\/ramib.org\/oficial\/wp-content\/uploads\/2020\/04\/RodriguezBoto1.jpg 5184w, https:\/\/ramib.org\/oficial\/wp-content\/uploads\/2020\/04\/RodriguezBoto1-300x200.jpg 300w, https:\/\/ramib.org\/oficial\/wp-content\/uploads\/2020\/04\/RodriguezBoto1-768x512.jpg 768w, https:\/\/ramib.org\/oficial\/wp-content\/uploads\/2020\/04\/RodriguezBoto1-1024x683.jpg 1024w, https:\/\/ramib.org\/oficial\/wp-content\/uploads\/2020\/04\/RodriguezBoto1-696x464.jpg 696w, https:\/\/ramib.org\/oficial\/wp-content\/uploads\/2020\/04\/RodriguezBoto1-1068x712.jpg 1068w, https:\/\/ramib.org\/oficial\/wp-content\/uploads\/2020\/04\/RodriguezBoto1-630x420.jpg 630w, https:\/\/ramib.org\/oficial\/wp-content\/uploads\/2020\/04\/RodriguezBoto1-1920x1280.jpg 1920w\" sizes=\"(max-width: 5184px) 100vw, 5184px\" \/><\/p>\n<p style=\"text-align: justify;\">La pon\u00e8ncia va ser duta a terme per l&#8217;Il\u00b7lm. Sr. Gregorio Rodr\u00edguez-Boto Amago. Cap de Servei de Neurocirurgia de l&#8217;Hospital Porta de Ferro-Majadahonda i Professor Titular de Neurocirurgia de la Universitat Aut\u00f2noma de Madrid.<\/p>\n<p><img loading=\"lazy\" decoding=\"async\" class=\"aligncenter size-full wp-image-2320\" src=\"https:\/\/ramib.org\/oficial\/wp-content\/uploads\/2020\/04\/rodriguezboto3.jpg\" alt=\"\" width=\"1024\" height=\"683\" srcset=\"https:\/\/ramib.org\/oficial\/wp-content\/uploads\/2020\/04\/rodriguezboto3.jpg 1024w, https:\/\/ramib.org\/oficial\/wp-content\/uploads\/2020\/04\/rodriguezboto3-300x200.jpg 300w, https:\/\/ramib.org\/oficial\/wp-content\/uploads\/2020\/04\/rodriguezboto3-768x512.jpg 768w, https:\/\/ramib.org\/oficial\/wp-content\/uploads\/2020\/04\/rodriguezboto3-696x464.jpg 696w, https:\/\/ramib.org\/oficial\/wp-content\/uploads\/2020\/04\/rodriguezboto3-630x420.jpg 630w\" sizes=\"(max-width: 1024px) 100vw, 1024px\" \/> <img loading=\"lazy\" decoding=\"async\" class=\"aligncenter size-full wp-image-2322\" src=\"https:\/\/ramib.org\/oficial\/wp-content\/uploads\/2020\/04\/rodriguezboto4.jpg\" alt=\"\" width=\"1024\" height=\"683\" srcset=\"https:\/\/ramib.org\/oficial\/wp-content\/uploads\/2020\/04\/rodriguezboto4.jpg 1024w, https:\/\/ramib.org\/oficial\/wp-content\/uploads\/2020\/04\/rodriguezboto4-300x200.jpg 300w, https:\/\/ramib.org\/oficial\/wp-content\/uploads\/2020\/04\/rodriguezboto4-768x512.jpg 768w, https:\/\/ramib.org\/oficial\/wp-content\/uploads\/2020\/04\/rodriguezboto4-696x464.jpg 696w, https:\/\/ramib.org\/oficial\/wp-content\/uploads\/2020\/04\/rodriguezboto4-630x420.jpg 630w\" sizes=\"(max-width: 1024px) 100vw, 1024px\" \/><\/p>\n<p style=\"text-align: justify;\">El professor Rodr\u00edguez-Boto ha estat membre de l&#8217;equip investigador o investigador principal de 5 projectes multic\u00e8ntrics internacionals i de 6 projectes d&#8217;investigaci\u00f3 nacionals competitius. Aix\u00ed mateix compta amb m\u00e9s de 140 publicacions en revistes nacionals o internacionals, 29 publicacions en llibres i monografies i m\u00e9s de 140 comunicacions a congressos nacionals o internacionals. Forma part com a Membre del &#8220;European Brain Injury Consortium&#8221;, des de 2006. Ha dut a terme quatre sexennis d&#8217;investigaci\u00f3.<\/p>\n<p><img loading=\"lazy\" decoding=\"async\" class=\"aligncenter size-full wp-image-2324\" src=\"https:\/\/ramib.org\/oficial\/wp-content\/uploads\/2020\/04\/rodriguezboto5.jpg\" alt=\"\" width=\"1024\" height=\"683\" srcset=\"https:\/\/ramib.org\/oficial\/wp-content\/uploads\/2020\/04\/rodriguezboto5.jpg 1024w, https:\/\/ramib.org\/oficial\/wp-content\/uploads\/2020\/04\/rodriguezboto5-300x200.jpg 300w, https:\/\/ramib.org\/oficial\/wp-content\/uploads\/2020\/04\/rodriguezboto5-768x512.jpg 768w, https:\/\/ramib.org\/oficial\/wp-content\/uploads\/2020\/04\/rodriguezboto5-696x464.jpg 696w, https:\/\/ramib.org\/oficial\/wp-content\/uploads\/2020\/04\/rodriguezboto5-630x420.jpg 630w\" sizes=\"(max-width: 1024px) 100vw, 1024px\" \/><\/p>\n<p style=\"text-align: justify;\">La pon\u00e8ncia va ser seguida amb gran inter\u00e8s pel p\u00fablic assistent finalitzant amb l&#8217;habitual debat posterior a les pon\u00e8ncies.<\/p>\n<p><img loading=\"lazy\" decoding=\"async\" class=\"aligncenter size-full wp-image-2326\" src=\"https:\/\/ramib.org\/oficial\/wp-content\/uploads\/2020\/04\/rodriguezboto6.jpg\" alt=\"\" width=\"1024\" height=\"683\" srcset=\"https:\/\/ramib.org\/oficial\/wp-content\/uploads\/2020\/04\/rodriguezboto6.jpg 1024w, https:\/\/ramib.org\/oficial\/wp-content\/uploads\/2020\/04\/rodriguezboto6-300x200.jpg 300w, https:\/\/ramib.org\/oficial\/wp-content\/uploads\/2020\/04\/rodriguezboto6-768x512.jpg 768w, https:\/\/ramib.org\/oficial\/wp-content\/uploads\/2020\/04\/rodriguezboto6-696x464.jpg 696w, https:\/\/ramib.org\/oficial\/wp-content\/uploads\/2020\/04\/rodriguezboto6-630x420.jpg 630w\" sizes=\"(max-width: 1024px) 100vw, 1024px\" \/> <img loading=\"lazy\" decoding=\"async\" class=\"aligncenter size-full wp-image-2328\" src=\"https:\/\/ramib.org\/oficial\/wp-content\/uploads\/2020\/04\/rodriguezboto7.jpg\" alt=\"\" width=\"5184\" height=\"3456\" srcset=\"https:\/\/ramib.org\/oficial\/wp-content\/uploads\/2020\/04\/rodriguezboto7.jpg 5184w, https:\/\/ramib.org\/oficial\/wp-content\/uploads\/2020\/04\/rodriguezboto7-300x200.jpg 300w, https:\/\/ramib.org\/oficial\/wp-content\/uploads\/2020\/04\/rodriguezboto7-768x512.jpg 768w, https:\/\/ramib.org\/oficial\/wp-content\/uploads\/2020\/04\/rodriguezboto7-1024x683.jpg 1024w, https:\/\/ramib.org\/oficial\/wp-content\/uploads\/2020\/04\/rodriguezboto7-696x464.jpg 696w, https:\/\/ramib.org\/oficial\/wp-content\/uploads\/2020\/04\/rodriguezboto7-1068x712.jpg 1068w, https:\/\/ramib.org\/oficial\/wp-content\/uploads\/2020\/04\/rodriguezboto7-630x420.jpg 630w, https:\/\/ramib.org\/oficial\/wp-content\/uploads\/2020\/04\/rodriguezboto7-1920x1280.jpg 1920w\" sizes=\"(max-width: 5184px) 100vw, 5184px\" \/><\/p>\n<p>Podeu visualitzar la sessi\u00f3 cient\u00edfica en el canal de youtube de la RAMIB:\u00a0 <a href=\"https:\/\/www.youtube.com\/watch?v=PObmXHfgUdI\">https:\/\/www.youtube.com\/watch?v=PObmXHfgUdI\u00a0<\/a><\/p>\n\n\n<p><\/p>\n","protected":false},"excerpt":{"rendered":"<p>Sessi\u00f3 cient\u00edfica. &#8211; Dia 3 de mar\u00e7 es va celebrar a la seu acad\u00e8mica de Can Campaner la sessi\u00f3 cient\u00edfica &#8220;Malformacions vasculars cerebrals complexes: un nou paradigma terap\u00e8utic.&#8221; Va presentar [&hellip;]<\/p>\n","protected":false},"author":3,"featured_media":2314,"comment_status":"open","ping_status":"closed","sticky":false,"template":"","format":"standard","meta":{"_monsterinsights_skip_tracking":false,"_monsterinsights_sitenote_active":false,"_monsterinsights_sitenote_note":"","_monsterinsights_sitenote_category":0,"footnotes":""},"categories":[14,24,185,17],"tags":[],"_links":{"self":[{"href":"https:\/\/ramib.org\/oficial\/index.php\/wp-json\/wp\/v2\/posts\/2333"}],"collection":[{"href":"https:\/\/ramib.org\/oficial\/index.php\/wp-json\/wp\/v2\/posts"}],"about":[{"href":"https:\/\/ramib.org\/oficial\/index.php\/wp-json\/wp\/v2\/types\/post"}],"author":[{"embeddable":true,"href":"https:\/\/ramib.org\/oficial\/index.php\/wp-json\/wp\/v2\/users\/3"}],"replies":[{"embeddable":true,"href":"https:\/\/ramib.org\/oficial\/index.php\/wp-json\/wp\/v2\/comments?post=2333"}],"version-history":[{"count":1,"href":"https:\/\/ramib.org\/oficial\/index.php\/wp-json\/wp\/v2\/posts\/2333\/revisions"}],"predecessor-version":[{"id":2335,"href":"https:\/\/ramib.org\/oficial\/index.php\/wp-json\/wp\/v2\/posts\/2333\/revisions\/2335"}],"wp:featuredmedia":[{"embeddable":true,"href":"https:\/\/ramib.org\/oficial\/index.php\/wp-json\/wp\/v2\/media\/2314"}],"wp:attachment":[{"href":"https:\/\/ramib.org\/oficial\/index.php\/wp-json\/wp\/v2\/media?parent=2333"}],"wp:term":[{"taxonomy":"category","embeddable":true,"href":"https:\/\/ramib.org\/oficial\/index.php\/wp-json\/wp\/v2\/categories?post=2333"},{"taxonomy":"post_tag","embeddable":true,"href":"https:\/\/ramib.org\/oficial\/index.php\/wp-json\/wp\/v2\/tags?post=2333"}],"curies":[{"name":"wp","href":"https:\/\/api.w.org\/{rel}","templated":true}]}}