{"id":2187,"date":"2019-10-02T14:43:01","date_gmt":"2019-10-02T14:43:01","guid":{"rendered":"https:\/\/ramib.org\/oficial\/?p=2187"},"modified":"2020-02-25T15:13:44","modified_gmt":"2020-02-25T15:13:44","slug":"sessio-cientifica-01-10-2019-a-quien-hablan-los-expertos-una-reflexion-sobre-economia-medicina-y-humanidades","status":"publish","type":"post","link":"https:\/\/ramib.org\/oficial\/index.php\/2019\/10\/02\/sessio-cientifica-01-10-2019-a-quien-hablan-los-expertos-una-reflexion-sobre-economia-medicina-y-humanidades\/","title":{"rendered":"Sessi\u00f3 cient\u00edfica 01\/10\/2019: \u00bfA qui\u00e9n hablan los expertos? Una reflexi\u00f3n sobre econom\u00eda, medicina y humanidades"},"content":{"rendered":"<p>\u00a0<\/p>\n<p style=\"text-align: justify\">Dia 1 d&#8217;octubre de 2019 es va celebrar a la seu acad\u00e8mica de Can Campaner la sessi\u00f3 cient\u00edfica &#8220;A qui parlen els experts? Una reflexi\u00f3 sobre economia, medicina i humanitats&#8221;.<\/p>\n<p style=\"text-align: justify\">Va presentar a l&#8217;conferenciant el president del Cercle d&#8217;Economia de Mallorca el Dr.\u00a0Jos\u00e9 Mar\u00eda Vicens\u00a0 i va moderar el col\u00b7loqui el Sr. president de la RAMIB.<\/p>\n<p><img loading=\"lazy\" decoding=\"async\" class=\"aligncenter size-full wp-image-2192\" src=\"https:\/\/ramib.org\/oficial\/wp-content\/uploads\/2020\/02\/IMG_3092.jpg\" alt=\"\" width=\"800\" height=\"533\" srcset=\"https:\/\/ramib.org\/oficial\/wp-content\/uploads\/2020\/02\/IMG_3092.jpg 800w, https:\/\/ramib.org\/oficial\/wp-content\/uploads\/2020\/02\/IMG_3092-300x200.jpg 300w, https:\/\/ramib.org\/oficial\/wp-content\/uploads\/2020\/02\/IMG_3092-768x512.jpg 768w, https:\/\/ramib.org\/oficial\/wp-content\/uploads\/2020\/02\/IMG_3092-696x464.jpg 696w, https:\/\/ramib.org\/oficial\/wp-content\/uploads\/2020\/02\/IMG_3092-630x420.jpg 630w\" sizes=\"(max-width: 800px) 100vw, 800px\" \/><\/p>\n<p><img loading=\"lazy\" decoding=\"async\" class=\"aligncenter size-full wp-image-2194\" src=\"https:\/\/ramib.org\/oficial\/wp-content\/uploads\/2020\/02\/IMG_3123.jpg\" alt=\"\" width=\"800\" height=\"533\" srcset=\"https:\/\/ramib.org\/oficial\/wp-content\/uploads\/2020\/02\/IMG_3123.jpg 800w, https:\/\/ramib.org\/oficial\/wp-content\/uploads\/2020\/02\/IMG_3123-300x200.jpg 300w, https:\/\/ramib.org\/oficial\/wp-content\/uploads\/2020\/02\/IMG_3123-768x512.jpg 768w, https:\/\/ramib.org\/oficial\/wp-content\/uploads\/2020\/02\/IMG_3123-696x464.jpg 696w, https:\/\/ramib.org\/oficial\/wp-content\/uploads\/2020\/02\/IMG_3123-630x420.jpg 630w\" sizes=\"(max-width: 800px) 100vw, 800px\" \/><\/p>\n<p style=\"text-align: justify\">La pon\u00e8ncia va ser duta a terme pel Prof. Ant\u00f3n Costas Comesa\u00f1a, catedr\u00e0tic d&#8217;economia i ensallista i President de la Fundaci\u00f3 Cercle d&#8217;Economia.<\/p>\n<p style=\"text-align: justify\">El Professor Comesa\u00f1a va destacar el seg\u00fcent:<\/p>\n<p style=\"text-align: justify\">El tret que millor defineix, al meu parer, el sentiment popular de l&#8217;era actual \u00e9s la desconfian\u00e7a cap a les institucions. Tant cap a les institucions parlament\u00e0ries i judicials de les nostres democr\u00e0cies i els organismes p\u00fablics que regulen la vida econ\u00f2mica com cap a les associacions i organitzacions d&#8217;interessos empresarials i professionals. M\u00e9s que la divisi\u00f3 social tradicional entre esquerra i dreta, l&#8217;element que divideix avui a les societats democr\u00e0tiques \u00e9s la desconfian\u00e7a en aquest tipus d&#8217;institucions.<\/p>\n<p><img loading=\"lazy\" decoding=\"async\" class=\"aligncenter size-full wp-image-2200\" src=\"https:\/\/ramib.org\/oficial\/wp-content\/uploads\/2020\/02\/IMG_3142.jpg\" alt=\"\" width=\"800\" height=\"533\" srcset=\"https:\/\/ramib.org\/oficial\/wp-content\/uploads\/2020\/02\/IMG_3142.jpg 800w, https:\/\/ramib.org\/oficial\/wp-content\/uploads\/2020\/02\/IMG_3142-300x200.jpg 300w, https:\/\/ramib.org\/oficial\/wp-content\/uploads\/2020\/02\/IMG_3142-768x512.jpg 768w, https:\/\/ramib.org\/oficial\/wp-content\/uploads\/2020\/02\/IMG_3142-696x464.jpg 696w, https:\/\/ramib.org\/oficial\/wp-content\/uploads\/2020\/02\/IMG_3142-630x420.jpg 630w\" sizes=\"(max-width: 800px) 100vw, 800px\" \/><\/p>\n<p style=\"text-align: justify\">Aquesta desconfian\u00e7a ajuda en bona mesura a explicar l&#8217;\u00e8xit dels populismes pol\u00edtics autoritaris. Els dirigents populistes han sabut utilitzar aquesta desconfian\u00e7a per portar les aig\u00fces de l&#8217;ressentiment social cap als seus propis molins. I cal recon\u00e8ixer que ho estan fent amb gran efic\u00e0cia.<\/p>\n<p style=\"text-align: justify\">Per\u00f2 m\u00e9s que la desconfian\u00e7a en les institucions en si mateixes, ara i aqu\u00ed m&#8217;interessa i em preocupa la desconfian\u00e7a en els experts. Com podem pensar el bon govern de les nostres societats per afrontar els grans reptes que tenim sense confiar en els experts?<\/p>\n<p><img loading=\"lazy\" decoding=\"async\" class=\"aligncenter size-full wp-image-2202\" src=\"https:\/\/ramib.org\/oficial\/wp-content\/uploads\/2020\/02\/IMG_3147.jpg\" alt=\"\" width=\"800\" height=\"533\" srcset=\"https:\/\/ramib.org\/oficial\/wp-content\/uploads\/2020\/02\/IMG_3147.jpg 800w, https:\/\/ramib.org\/oficial\/wp-content\/uploads\/2020\/02\/IMG_3147-300x200.jpg 300w, https:\/\/ramib.org\/oficial\/wp-content\/uploads\/2020\/02\/IMG_3147-768x512.jpg 768w, https:\/\/ramib.org\/oficial\/wp-content\/uploads\/2020\/02\/IMG_3147-696x464.jpg 696w, https:\/\/ramib.org\/oficial\/wp-content\/uploads\/2020\/02\/IMG_3147-630x420.jpg 630w\" sizes=\"(max-width: 800px) 100vw, 800px\" \/> Com a economista, estic familiaritzat amb la desconfian\u00e7a en la meva disciplina. I he de recon\u00e8ixer que hi ha motius. Com s&#8217;ha utilitzat l&#8217;economia per legitimar reformes i pol\u00edtiques al llarg dels \u00faltims trenta anys, particularment des de la crisi financera de l&#8217;any 2008, en benefici d&#8217;uns pocs i contra el b\u00e9 com\u00fa, \u00e9s de jutjat de gu\u00e0rdia. Per\u00f2 tamb\u00e9 cal dir que algunes de les den\u00fancies m\u00e9s incisives d&#8217;aquest \u00fas interessat de l&#8217;economia pel corrent neoliberal v\u00e9nen de la pr\u00f2pia professi\u00f3. L&#8217;\u00faltima \u00e9s el demolidor llibre que acaba de publicar Benjamin Appelbaum, un conegut economista i editorialista de The York Times, amb el molt expressiu t\u00edtol de The economists &#8216;hour: false prophets, free market and the fracturi of society.<\/p>\n<p><img loading=\"lazy\" decoding=\"async\" class=\"aligncenter size-full wp-image-2196\" src=\"https:\/\/ramib.org\/oficial\/wp-content\/uploads\/2020\/02\/IMG_3134.jpg\" alt=\"\" width=\"800\" height=\"533\" srcset=\"https:\/\/ramib.org\/oficial\/wp-content\/uploads\/2020\/02\/IMG_3134.jpg 800w, https:\/\/ramib.org\/oficial\/wp-content\/uploads\/2020\/02\/IMG_3134-300x200.jpg 300w, https:\/\/ramib.org\/oficial\/wp-content\/uploads\/2020\/02\/IMG_3134-768x512.jpg 768w, https:\/\/ramib.org\/oficial\/wp-content\/uploads\/2020\/02\/IMG_3134-696x464.jpg 696w, https:\/\/ramib.org\/oficial\/wp-content\/uploads\/2020\/02\/IMG_3134-630x420.jpg 630w\" sizes=\"(max-width: 800px) 100vw, 800px\" \/><\/p>\n<p style=\"text-align: justify\">Per\u00f2 el singular d&#8217;aquesta etapa hist\u00f2rica \u00e9s que la desconfian\u00e7a en els experts \u00e9s un fenomen que s&#8217;est\u00e9n a altres disciplines, com la ci\u00e8ncia de el clima, o la medicina, amb el moviment antivacunes. D&#8217;on sorgeix aquesta desconfian\u00e7a en els experts? Seria f\u00e0cil pensar que ve de persones amb escassa informaci\u00f3 i poc educades. Per\u00f2 no \u00e9s aix\u00ed. El moviment antivacunes als Estats Units est\u00e0 liderat per pares amb educaci\u00f3 universit\u00e0ria. Tamb\u00e9 \u00e9s el cas a Espanya. El mateix passa amb els moviments que q\u00fcestionen el canvi clim\u00e0tic.<\/p>\n<p style=\"text-align: justify\">Si no \u00e9s falta d&#8217;informaci\u00f3, qu\u00e8 mou la desconfian\u00e7a cap als experts? Hi ha diversos motius. Un \u00e9s que els experts fallen molt sovint en els seus pron\u00f2stics, m\u00e9s que els no experts. Recordem aquell refrany holand\u00e8s que adverteix que &#8220;fer pron\u00f2stics \u00e9s molt arriscat, especialment si \u00e9s sobre el futur&#8221;. Un altre \u00e9s que la seva arrog\u00e0ncia en cercar lleis generals de l&#8217;comportament hum\u00e0, similars a les dels f\u00edsics, els porta a utilitzar models de raonament que simplifiquen a al l\u00edmit les motivacions, deixant de banda sentiments, emocions, aspectes \u00e8tics o la radical incertesa que acompanya el comportament social. Per\u00f2 potser la motivaci\u00f3 m\u00e9s poderosa \u00e9s la sospita p\u00fablica que els experts utilitzen el seu coneixement no en benefici de la societat, sin\u00f3 en benefici propi i, especialment, de poder, ja sigui pol\u00edtic o empresarial, especialment de les grans corporacions multinacionals financeres, tecnol\u00f2giques o farmac\u00e8utiques.<\/p>\n<p style=\"text-align: justify\">Com podr\u00edem recompondre la confian\u00e7a de la societat en els experts? Suggereixo dos camins. Un \u00e9s que els experts parlin a la \u00acsociedad, i no nom\u00e9s a el poder; nom\u00e9s aix\u00ed es trauran de sobre l&#8217;estigma d&#8217;estar a el servei de el poder. Un altre \u00e9s que abandonin la seva sup\u00e8rbia metodol\u00f2gica i conversin amb els especialistes en humanitats, que veuen la conducta humana i social des d&#8217;una perspectiva m\u00e9s \u00e0mplia.<\/p>\n<p><img loading=\"lazy\" decoding=\"async\" class=\"aligncenter size-full wp-image-2198\" src=\"https:\/\/ramib.org\/oficial\/wp-content\/uploads\/2020\/02\/IMG_3139.jpg\" alt=\"\" width=\"800\" height=\"533\" srcset=\"https:\/\/ramib.org\/oficial\/wp-content\/uploads\/2020\/02\/IMG_3139.jpg 800w, https:\/\/ramib.org\/oficial\/wp-content\/uploads\/2020\/02\/IMG_3139-300x200.jpg 300w, https:\/\/ramib.org\/oficial\/wp-content\/uploads\/2020\/02\/IMG_3139-768x512.jpg 768w, https:\/\/ramib.org\/oficial\/wp-content\/uploads\/2020\/02\/IMG_3139-696x464.jpg 696w, https:\/\/ramib.org\/oficial\/wp-content\/uploads\/2020\/02\/IMG_3139-630x420.jpg 630w\" sizes=\"(max-width: 800px) 100vw, 800px\" \/><\/p>\n<p style=\"text-align: justify\">En aquest sentit, els experts s\u00f3n com els eri\u00e7ons de la faula cl\u00e0ssica que va recuperar Isaiah Berlin en el seu conegut assaig de 1953: en saben molt d&#8217;una sola cosa, per\u00f2 res de la resta. A l&#8217;contrari que les guineus, que dominen les humanitats. Potser en la propera reuni\u00f3 de les meves amfitrions de les illes haurien de convidar tamb\u00e9 a humanistes.<\/p>\n<p><img loading=\"lazy\" decoding=\"async\" class=\"aligncenter size-full wp-image-2204\" src=\"https:\/\/ramib.org\/oficial\/wp-content\/uploads\/2020\/02\/IMG_3152.jpg\" alt=\"\" width=\"800\" height=\"533\" srcset=\"https:\/\/ramib.org\/oficial\/wp-content\/uploads\/2020\/02\/IMG_3152.jpg 800w, https:\/\/ramib.org\/oficial\/wp-content\/uploads\/2020\/02\/IMG_3152-300x200.jpg 300w, https:\/\/ramib.org\/oficial\/wp-content\/uploads\/2020\/02\/IMG_3152-768x512.jpg 768w, https:\/\/ramib.org\/oficial\/wp-content\/uploads\/2020\/02\/IMG_3152-696x464.jpg 696w, https:\/\/ramib.org\/oficial\/wp-content\/uploads\/2020\/02\/IMG_3152-630x420.jpg 630w\" sizes=\"(max-width: 800px) 100vw, 800px\" \/><\/p>\n<p style=\"text-align: justify\">La pon\u00e8ncia va ser seguida amb gran inter\u00e8s pel p\u00fablic assistent finalitzant amb l&#8217;habitual debat posterior a les pon\u00e8ncies.<\/p>\n<p><img loading=\"lazy\" decoding=\"async\" class=\"aligncenter size-full wp-image-2188\" src=\"https:\/\/ramib.org\/oficial\/wp-content\/uploads\/2020\/02\/IMG_3071.jpg\" alt=\"\" width=\"800\" height=\"533\" srcset=\"https:\/\/ramib.org\/oficial\/wp-content\/uploads\/2020\/02\/IMG_3071.jpg 800w, https:\/\/ramib.org\/oficial\/wp-content\/uploads\/2020\/02\/IMG_3071-300x200.jpg 300w, https:\/\/ramib.org\/oficial\/wp-content\/uploads\/2020\/02\/IMG_3071-768x512.jpg 768w, https:\/\/ramib.org\/oficial\/wp-content\/uploads\/2020\/02\/IMG_3071-696x464.jpg 696w, https:\/\/ramib.org\/oficial\/wp-content\/uploads\/2020\/02\/IMG_3071-630x420.jpg 630w\" sizes=\"(max-width: 800px) 100vw, 800px\" \/><\/p>\n<p>Podeu visualitzar la sessi\u00f3 cient\u00edfica en el seg\u00fcent enlla\u00e7: <a href=\"https:\/\/www.youtube.com\/watch?v=bBU7nVJ779I&amp;t=1330s\">https:\/\/www.youtube.com\/watch?v=bBU7nVJ779I&amp;t=1330s<\/a><\/p>\n\n\n<p><\/p>\n","protected":false},"excerpt":{"rendered":"<p>\u00a0 Dia 1 d&#8217;octubre de 2019 es va celebrar a la seu acad\u00e8mica de Can Campaner la sessi\u00f3 cient\u00edfica &#8220;A qui parlen els experts? Una reflexi\u00f3 sobre economia, medicina i [&hellip;]<\/p>\n","protected":false},"author":3,"featured_media":2206,"comment_status":"open","ping_status":"closed","sticky":false,"template":"","format":"standard","meta":{"_monsterinsights_skip_tracking":false,"_monsterinsights_sitenote_active":false,"_monsterinsights_sitenote_note":"","_monsterinsights_sitenote_category":0,"footnotes":""},"categories":[14,24,165,17],"tags":[],"_links":{"self":[{"href":"https:\/\/ramib.org\/oficial\/index.php\/wp-json\/wp\/v2\/posts\/2187"}],"collection":[{"href":"https:\/\/ramib.org\/oficial\/index.php\/wp-json\/wp\/v2\/posts"}],"about":[{"href":"https:\/\/ramib.org\/oficial\/index.php\/wp-json\/wp\/v2\/types\/post"}],"author":[{"embeddable":true,"href":"https:\/\/ramib.org\/oficial\/index.php\/wp-json\/wp\/v2\/users\/3"}],"replies":[{"embeddable":true,"href":"https:\/\/ramib.org\/oficial\/index.php\/wp-json\/wp\/v2\/comments?post=2187"}],"version-history":[{"count":2,"href":"https:\/\/ramib.org\/oficial\/index.php\/wp-json\/wp\/v2\/posts\/2187\/revisions"}],"predecessor-version":[{"id":2211,"href":"https:\/\/ramib.org\/oficial\/index.php\/wp-json\/wp\/v2\/posts\/2187\/revisions\/2211"}],"wp:featuredmedia":[{"embeddable":true,"href":"https:\/\/ramib.org\/oficial\/index.php\/wp-json\/wp\/v2\/media\/2206"}],"wp:attachment":[{"href":"https:\/\/ramib.org\/oficial\/index.php\/wp-json\/wp\/v2\/media?parent=2187"}],"wp:term":[{"taxonomy":"category","embeddable":true,"href":"https:\/\/ramib.org\/oficial\/index.php\/wp-json\/wp\/v2\/categories?post=2187"},{"taxonomy":"post_tag","embeddable":true,"href":"https:\/\/ramib.org\/oficial\/index.php\/wp-json\/wp\/v2\/tags?post=2187"}],"curies":[{"name":"wp","href":"https:\/\/api.w.org\/{rel}","templated":true}]}}