{"id":205,"date":"2011-02-20T00:00:00","date_gmt":"2011-02-20T00:00:00","guid":{"rendered":"https:\/\/ramib.org\/oficial\/index.php\/presentacio-del-llibre-la-comunicacio-metge-malalt-reflexions-per-a-un-canvi-de-model-del-prof-antoni-gelabert\/"},"modified":"2019-09-03T10:06:47","modified_gmt":"2019-09-03T10:06:47","slug":"presentacio-del-llibre-la-comunicacio-metge-malalt-reflexions-per-a-un-canvi-de-model-del-prof-antoni-gelabert","status":"publish","type":"post","link":"https:\/\/ramib.org\/oficial\/index.php\/2011\/02\/20\/presentacio-del-llibre-la-comunicacio-metge-malalt-reflexions-per-a-un-canvi-de-model-del-prof-antoni-gelabert\/","title":{"rendered":"Presentaci\u00f3 del llibre \u0093La comunicaci\u00f3 metge-malalt. Reflexions per a un canvi de model\u0094 del Prof. Antoni Gelabert"},"content":{"rendered":"<p style=\"margin-bottom: 0cm;\" align=\"justify\"><span style=\"font-family: LegacySanITCBoo,sans-serif;\"><span style=\"font-size: medium;\">La Reial Acad\u00e8mia va acollir dia 1 de febrer passat la presentaci\u00f3 del llibre \u0093La comunicaci\u00f3 metge-malalt. Reflexions per a un canvi de model\u0094, del Dr. Antoni Gelabert Mas, catedr\u00e0tic d\u0092urologia i cap del servei d\u0092urologia de l\u0092Hospital del Mar de Barcelona.<\/span><\/span><\/p>\n<p>  <!--more-->  <\/p>\n<p style=\"margin-bottom: 0cm;\" align=\"justify\">\u00a0<\/p>\n<p style=\"margin-bottom: 0cm;\" align=\"justify\"><span style=\"font-family: LegacySanITCBoo,sans-serif;\"><span style=\"font-size: medium;\">Despr\u00e9s d\u0092unes paraules de benvinguda del Dr. Bartomeu Anguera, president de la Corporaci\u00f3, la presentaci\u00f3 va anar a c\u00e0rrec de l\u0092acad\u00e8mic Prof. Francesc Bujosa Homar, que va elogiar la traject\u00f2ria professional de l\u0092autor i va fer una amena exposici\u00f3 sobre com la ci\u00e8ncia havia procurat deixar de banda aspectes lligats a la subjectivitat individual dels investigadors. Tanmateix, va raonar, aquells aspectes condicionen les relacions interpersonals i, en conseq\u00fc\u00e8ncia, la comunicaci\u00f3 entre metge i pacient.<\/span><\/span><\/p>\n<p style=\"margin-bottom: 0cm;\" align=\"justify\"><span style=\"font-family: LegacySanITCBoo,sans-serif;\"><span style=\"font-size: medium;\">A continuaci\u00f3, el Prof. Gelabert va exposar les raons que el van emp\u00e8nyer a escriure el llibre: la manca de formaci\u00f3 universit\u00e0ria en habilitats comunicatives i en els aspectes psicol\u00f2gics que haur\u00e0 d\u0092usar el metge en el seu exercici professional. El Dr. Gelabert va proposar un canvi de model que millori la comunicaci\u00f3, i la confian\u00e7a, entre metge i pacient basat en una millor formaci\u00f3 a les facultats de medicina. \u0093De vegades, va afegir l\u0092autor del llibre, ens fixam m\u00e9s en la malaltia que en el malalt, oblidam l\u0092\u00e9sser hum\u00e0 que hi ha darrere el pacient\u0094.<\/span><\/span><\/p>\n<p style=\"margin-bottom: 0cm;\" align=\"justify\"><span style=\"font-family: LegacySanITCBoo,sans-serif;\"><span style=\"font-size: medium;\">Va seguir un animat col\u00b7loqui del Dr. Gelabert amb el p\u00fablic.<\/span><\/span><\/p>\n","protected":false},"excerpt":{"rendered":"<p>La Reial Acad\u00e8mia va acollir dia 1 de febrer passat la presentaci\u00f3 del llibre \u0093La comunicaci\u00f3 metge-malalt. Reflexions per a un canvi de model\u0094, del Dr. Antoni Gelabert Mas, catedr\u00e0tic [&hellip;]<\/p>\n","protected":false},"author":2,"featured_media":0,"comment_status":"closed","ping_status":"closed","sticky":false,"template":"","format":"standard","meta":{"_monsterinsights_skip_tracking":false,"_monsterinsights_sitenote_active":false,"_monsterinsights_sitenote_note":"","_monsterinsights_sitenote_category":0,"footnotes":""},"categories":[],"tags":[],"_links":{"self":[{"href":"https:\/\/ramib.org\/oficial\/index.php\/wp-json\/wp\/v2\/posts\/205"}],"collection":[{"href":"https:\/\/ramib.org\/oficial\/index.php\/wp-json\/wp\/v2\/posts"}],"about":[{"href":"https:\/\/ramib.org\/oficial\/index.php\/wp-json\/wp\/v2\/types\/post"}],"author":[{"embeddable":true,"href":"https:\/\/ramib.org\/oficial\/index.php\/wp-json\/wp\/v2\/users\/2"}],"replies":[{"embeddable":true,"href":"https:\/\/ramib.org\/oficial\/index.php\/wp-json\/wp\/v2\/comments?post=205"}],"version-history":[{"count":1,"href":"https:\/\/ramib.org\/oficial\/index.php\/wp-json\/wp\/v2\/posts\/205\/revisions"}],"predecessor-version":[{"id":928,"href":"https:\/\/ramib.org\/oficial\/index.php\/wp-json\/wp\/v2\/posts\/205\/revisions\/928"}],"wp:attachment":[{"href":"https:\/\/ramib.org\/oficial\/index.php\/wp-json\/wp\/v2\/media?parent=205"}],"wp:term":[{"taxonomy":"category","embeddable":true,"href":"https:\/\/ramib.org\/oficial\/index.php\/wp-json\/wp\/v2\/categories?post=205"},{"taxonomy":"post_tag","embeddable":true,"href":"https:\/\/ramib.org\/oficial\/index.php\/wp-json\/wp\/v2\/tags?post=205"}],"curies":[{"name":"wp","href":"https:\/\/api.w.org\/{rel}","templated":true}]}}