{"id":1810,"date":"2016-10-14T11:39:06","date_gmt":"2016-10-14T11:39:06","guid":{"rendered":"https:\/\/ramib.org\/oficial\/index.php\/2016\/10\/14\/m-i-sr-a-arturo-lopez-gonzalez\/"},"modified":"2020-05-09T11:17:46","modified_gmt":"2020-05-09T11:17:46","slug":"m-i-sr-a-arturo-lopez-gonzalez","status":"publish","type":"post","link":"https:\/\/ramib.org\/oficial\/index.php\/2016\/10\/14\/m-i-sr-a-arturo-lopez-gonzalez\/","title":{"rendered":"M.I.Sr. A. Arturo L\u00f3pez Gonz\u00e1lez"},"content":{"rendered":"\n<div class=\"wp-block-image\"><figure class=\"aligncenter\"><img loading=\"lazy\" decoding=\"async\" width=\"400\" height=\"598\" src=\"https:\/\/ramib.org\/oficial\/wp-content\/uploads\/2019\/09\/GONZALEZ.jpg\" alt=\"\" class=\"wp-image-1807\" srcset=\"https:\/\/ramib.org\/oficial\/wp-content\/uploads\/2019\/09\/GONZALEZ.jpg 400w, https:\/\/ramib.org\/oficial\/wp-content\/uploads\/2019\/09\/GONZALEZ-201x300.jpg 201w, https:\/\/ramib.org\/oficial\/wp-content\/uploads\/2019\/09\/GONZALEZ-281x420.jpg 281w\" sizes=\"(max-width: 400px) 100vw, 400px\" \/><\/figure><\/div>\n\n\n\n<p><strong>\u00c1ngel Arturo L\u00f3pez Gonz\u00e1lez.<\/strong> Nace en Pilas (Sevilla) en el a\u00f1o 1962. Licenciado en Medicina y Cirug\u00eda por la Universidad de Murcia (1980-86). Especialista en Medicina del Trabajo via MIR en la Escuela de Medicina del Trabajo Universidad Complutense de Madrid 1992-95. Especialista en Ergonomia y Psicosociolog\u00eda Aplicada por el Instituto Europeo de Salud y Bienestar Social en 1998. Master Universitario en Tabaquismo por la Universidad de Cantabria en 2006. Doctor en Medicina por la UIB en 2007. Curso Diploma Superior de Metodolog\u00eda de la Investigaci\u00f3n en 2010. Acreditaci\u00f3n Universitaria como Profesor Contratado Doctor por la Ag\u00e8ncia de qualitat de la Universitat de les Illes Balears (AQUIB) en 2011. Experto Universitario en Estad\u00edstica Aplicada a las Ciencias de la Salud por la UNED en 2014.<\/p>\n\n\n\n<p>Ha dirigido hasta el momento 7 tesis doctorales y 9 proyectos fin de especialidad en Medicina del Trabajo. Ha publicado 116 art\u00edculos en revistas nacionales e internacionales y presentado casi 200 comunicaciones y posters en diferentes congresos nacionales e internacionales. Autor y coautor de una veintena de libros y cap\u00edtulos de libros. Ha participado en diferentes proyectos de investigaci\u00f3n competitivos. Es profesor asociado de la Escola Universit\u00e0ria d&#8217;Infermeria i Fisioter\u00e0pia. UIB desde 2009.<\/p>\n\n\n\n<p>Es responsable del grupo de salud laboral del IUNICS desde 2010 y forma parte del grupo de estilos de vida del IDISPA. Dirige la revista Medicina Balear desde el a\u00f1o 2016 siendo anteriormente subdirector y coordinador de la secci\u00f3n de evaluaci\u00f3n de originales. Ha sido Jefe de Estudios de la Unidad Docente de Medicina del Trabajo de Baleares.<\/p>\n\n\n\n<p>Es Acad\u00e9mico Numerario desde abril de 2013.<\/p>\n","protected":false},"excerpt":{"rendered":"<p>\u00c1ngel Arturo L\u00f3pez Gonz\u00e1lez. Nace en Pilas (Sevilla) en el a\u00f1o 1962. Licenciado en Medicina y Cirug\u00eda por la Universidad de Murcia (1980-86). Especialista en Medicina del Trabajo via MIR [&hellip;]<\/p>\n","protected":false},"author":3,"featured_media":1808,"comment_status":"closed","ping_status":"closed","sticky":false,"template":"","format":"standard","meta":{"_monsterinsights_skip_tracking":false,"_monsterinsights_sitenote_active":false,"_monsterinsights_sitenote_note":"","_monsterinsights_sitenote_category":0,"footnotes":""},"categories":[16],"tags":[],"_links":{"self":[{"href":"https:\/\/ramib.org\/oficial\/index.php\/wp-json\/wp\/v2\/posts\/1810"}],"collection":[{"href":"https:\/\/ramib.org\/oficial\/index.php\/wp-json\/wp\/v2\/posts"}],"about":[{"href":"https:\/\/ramib.org\/oficial\/index.php\/wp-json\/wp\/v2\/types\/post"}],"author":[{"embeddable":true,"href":"https:\/\/ramib.org\/oficial\/index.php\/wp-json\/wp\/v2\/users\/3"}],"replies":[{"embeddable":true,"href":"https:\/\/ramib.org\/oficial\/index.php\/wp-json\/wp\/v2\/comments?post=1810"}],"version-history":[{"count":1,"href":"https:\/\/ramib.org\/oficial\/index.php\/wp-json\/wp\/v2\/posts\/1810\/revisions"}],"predecessor-version":[{"id":1811,"href":"https:\/\/ramib.org\/oficial\/index.php\/wp-json\/wp\/v2\/posts\/1810\/revisions\/1811"}],"wp:featuredmedia":[{"embeddable":true,"href":"https:\/\/ramib.org\/oficial\/index.php\/wp-json\/wp\/v2\/media\/1808"}],"wp:attachment":[{"href":"https:\/\/ramib.org\/oficial\/index.php\/wp-json\/wp\/v2\/media?parent=1810"}],"wp:term":[{"taxonomy":"category","embeddable":true,"href":"https:\/\/ramib.org\/oficial\/index.php\/wp-json\/wp\/v2\/categories?post=1810"},{"taxonomy":"post_tag","embeddable":true,"href":"https:\/\/ramib.org\/oficial\/index.php\/wp-json\/wp\/v2\/tags?post=1810"}],"curies":[{"name":"wp","href":"https:\/\/api.w.org\/{rel}","templated":true}]}}