{"id":1777,"date":"2017-11-29T13:54:53","date_gmt":"2017-11-29T13:54:53","guid":{"rendered":"https:\/\/ramib.org\/oficial\/index.php\/2017\/11\/29\/m-il-sr-bartolome-nadal-moncadas\/"},"modified":"2020-05-09T11:09:00","modified_gmt":"2020-05-09T11:09:00","slug":"m-il-sr-bartolome-nadal-moncadas","status":"publish","type":"post","link":"https:\/\/ramib.org\/oficial\/index.php\/2017\/11\/29\/m-il-sr-bartolome-nadal-moncadas\/","title":{"rendered":"M. Il. Sr. Bartolom\u00e9 Nadal Moncadas"},"content":{"rendered":"\n<p><strong>M. I. Sr. Bartolom\u00e9 Nadal Moncadas<\/strong><\/p>\n\n\n\n<p>Naci\u00f3 en Muro (Mallorca) el 19 de Enero de 1942 donde curs\u00f3 Estudios Primarios hasta los 10 a\u00f1os. <\/p>\n\n\n\n<p>Bachillerato y preuniversitario en Montesi\u00f3n (Palma de Mallorca).<\/p>\n\n\n\n<p>Estudios enZaragoza (un a\u00f1o) para ingreso en la Academia General Militar (sin \u00e9xito).<\/p>\n\n\n\n<p>Estudios de Medicina en las Facultades de Barcelona (2 a\u00f1os) Zangoza (1 a\u00f1o) y Madrid (3 a\u00f1os).<\/p>\n\n\n\n<p>Alumno Interno por oposici\u00f3n de la Beneficencia Provincial de Madrid. Instituto Mara\u00f1\u00f3n. Hospital Provincial de Madrid (Atoxa) (3 a\u00f1os).<\/p>\n\n\n\n<p>Licenciado en Medicina y Cirug\u00eda por la Universidad Complutense de Madrid (a\u00f1o 1967).<\/p>\n\n\n\n<p>M\u00e9dico Interno-Residente de la 1\u00aa C\u00e1tedra de Obstetricia y Ginecolog\u00eda del Hospital Cl\u00ednico &#8220;San Carlos&#8221; de Madrid (desde 1967 a1970).<\/p>\n\n\n\n<p>Alf\u00e9rez de Sanidad por la IPS . Milicias Universitarias.<\/p>\n\n\n\n<p>T\u00edtulos de M\u00e9dico Especialista en Obstetricia y Ginecolog\u00eda (1970) y en Medicina Legal y Forense por la Universidad Complutense de Madrid. (1972)<\/p>\n\n\n\n<p>Profesor de clases pr\u00e1cticas en la \u00c7\u00e1tedra de Medicina Legal de Madrid. (Profesores. Royo Villanova y Piga). (3 a\u00f1os)<\/p>\n\n\n\n<p>Profesor asociado de la Escuela de Medicina Legal de Madrid (Prof. Piga).(3 a\u00f1os) Del Cuerpo Nacional de M\u00e9dicos Forenses (por oposici\u00f3n) de 1970 a2012.<\/p>\n\n\n\n<p>T\u00edtulo de Doctor en Medicina y Cirug\u00eda -Sobresaliente &#8220;cum laude&#8221;- por la Universidad Complutense de Madrid. (1982)<\/p>\n\n\n\n<p>Ejercicio privado de la Obstetricia y Ginecolog\u00eda durante 42 a\u00f1os.<\/p>\n\n\n\n<p>Jefe de equipo de Ginecolog\u00eda en el Instituto Social de la Marina de la Seguridad Social por concurso oposici\u00f3n (8 a\u00f1os).<\/p>\n\n\n\n<p>Inspector M\u00e9dico (contratado ) de la Seguridad Social (3 a\u00f1os).<\/p>\n\n\n\n<p>Jefe del Servicio de Obstetricia y Ginecolog\u00eda (eventual) del Hospital Militar de Palma de Mallorca (2 a\u00f1os).<\/p>\n\n\n\n<p>M\u00e9dico de cupo de la Seg. Social en Palma de Mallorca (25 a\u00f1os).<\/p>\n\n\n\n<p>Fundador y primer Director del Instituto Anat\u00f3mico Forense de Palma de Mallorca (Julio 1981) y Jefe del Servicio de Patolog\u00eda Forense por concurso oposici\u00f3n (Julio 2004 hasta su jubilaci\u00f3n- enero 2012-) del Instituto de Medicina Legal de las Illes Balears. Ha practicado personalmente 14.523 autopsias m\u00e9dico legales aproxim\u00e1damente y ha realizado estudios Tanatol\u00f3gicos sobre restos cadav\u00e9ricos de personalidades hist\u00f3ricas de esta Comunidad Aut\u00f3noma). Ram\u00f3n Llull, Santa Catalina Tom\u00e1s, la Madre Alberta, Mn. Costa y Llobera, Margalida de Costix, Sor Francinaina Cirer- sa Venerable de Sencelles-, Hermanos Ribas de Pina, Sa mestra Casesnoves (Campos), Sor Clara Andreu. (Inca)<\/p>\n\n\n\n<p>Fundador y Ginec\u00f3logo titular de Obtetricia y Ginecolog\u00eda de la cl\u00ednica M\u00e9dico-Forense de Palma de Mallorca (7 a\u00f1os)<\/p>\n\n\n\n<p>Organizador y ponente de las &#8220;IX jomadas M\u00e9dico Forenses Espa\u00f1olas&#8221; Palma de Mallorca octubre de 1974.<\/p>\n\n\n\n<p>Co-Director del &#8216;XIII Congreso Internacional de la Sociedad espa\u00f1ola de Cirujanos de Cabeza y Cuello&#8221; Palma de Mallorca 1983.<\/p>\n\n\n\n<p>Organizador, Director y Profesor del Seminario de Medicina Legal y Forense patrocinado e impartido en la UIB.<\/p>\n\n\n\n<p>Profesor de Medicina Legal del Curso de Especialistas Universitarios de Criminolog\u00eda (Curso 1993-94) Organizado en la UIB por la Universidad de Barcelona.<\/p>\n\n\n\n<p>Profesor de Medicina Legal de la Escuela de Polic\u00eda Local de Palma de Mallorca (a\u00f1os 1996y 1997).<\/p>\n\n\n\n<p>Organizador, Director y Ponente del \u201c1er. Curso Te\u00f3rico-Pr\u00e1ctico de T\u00e9cnica Anat\u00f3mica Disecci\u00f3n Vascular\u201d (Octubre a Diciembre de 1983)<\/p>\n\n\n\n<p>Presidente de la Junta Provincial de Baleares de la Asociaci\u00f3n Nacional de M\u00e9dicos Forenses.<\/p>\n\n\n\n<p>Presidente de la Comisi\u00f3n Deontol\u00f3gica del Ilustre Colegio Oficial de M\u00e9dicos de las Illes Baleares durante 16 a\u00f1os.<\/p>\n\n\n\n<p>Vocal n\u00ba1 de la Junta de Gobierno del Ilustre Colegio Oficial de M\u00e9dicos de las Illes Balears (Elecciones colegiales de 1992).<\/p>\n\n\n\n<p>Vocal del &#8221; Consell Social de la Universitat de las Illes Balears durante 4 a\u00f1os (1985 a 1988)<\/p>\n\n\n\n<p>Ponente y redactor de los actuales Estatutos de la Real Academia de Medicina de les Illes Balears as\u00ed como de su Reglamento de R\u00e9gimen Interno (2001).<\/p>\n\n\n\n<p>Libros. -Ram\u00f3n Llull, autopsia<\/p>\n\n\n\n<p>-T\u00e9cnicas de conservaci\u00f3n cadav\u00e9rica y sus aspectos legales y sanitarios.<\/p>\n\n\n\n<p>-Paternidad y filiaci\u00f3n. Estudio Biol\u00f3gico y M\u00e9dico Legal.<\/p>\n\n\n\n<p>-La obstetricia en el tercer milenio. Controversias \u00e9ticas que suscita.<\/p>\n\n\n\n<p>-Co-autor del libro &#8221; Drogas aspectos jur\u00eddicos y M\u00e9dico-Legales&#8221;<\/p>\n\n\n\n<p>Art\u00edculos publicados sobre Obstetricia y Ginecolog\u00eda: 45<\/p>\n\n\n\n<p>Art\u00edculos publicados sobre Medicina Legal y Forense: 27<\/p>\n\n\n\n<p>Fundador y Director de la revista &#8220;Muro 85&#8221; revista de expansi\u00f3n cultural (2 a\u00f1os).<\/p>\n\n\n\n<p>Acad\u00e9mico Correspondiente por premio de la Real Academia de Medicina de<\/p>\n\n\n\n<p>Barcelona (actualmente de Catalu\u00f1a) (1983).<\/p>\n\n\n\n<p>Acad\u00e9mico Numerario de la Real Academia de Medicina y Cirug\u00eda de Palma de Mallorca. (actualmente de las Illes Balears). Sill\u00f3n K. (Desde 1991).<\/p>\n\n\n\n<p>Cruz distinguida de 2\u00aa clase de San Raimundo de Pe\u00f1afort (Ministerio de Justicia).<\/p>\n\n\n\n<p>Magister de la Maioricensis Schola Lullistica. (Nombrado por unanimidad 1989).<\/p>\n","protected":false},"excerpt":{"rendered":"<p>M. I. Sr. Bartolom\u00e9 Nadal Moncadas Naci\u00f3 en Muro (Mallorca) el 19 de Enero de 1942 donde curs\u00f3 Estudios Primarios hasta los 10 a\u00f1os. Bachillerato y preuniversitario en Montesi\u00f3n (Palma [&hellip;]<\/p>\n","protected":false},"author":3,"featured_media":1774,"comment_status":"closed","ping_status":"closed","sticky":false,"template":"","format":"standard","meta":{"_monsterinsights_skip_tracking":false,"_monsterinsights_sitenote_active":false,"_monsterinsights_sitenote_note":"","_monsterinsights_sitenote_category":0,"footnotes":""},"categories":[14,16],"tags":[],"_links":{"self":[{"href":"https:\/\/ramib.org\/oficial\/index.php\/wp-json\/wp\/v2\/posts\/1777"}],"collection":[{"href":"https:\/\/ramib.org\/oficial\/index.php\/wp-json\/wp\/v2\/posts"}],"about":[{"href":"https:\/\/ramib.org\/oficial\/index.php\/wp-json\/wp\/v2\/types\/post"}],"author":[{"embeddable":true,"href":"https:\/\/ramib.org\/oficial\/index.php\/wp-json\/wp\/v2\/users\/3"}],"replies":[{"embeddable":true,"href":"https:\/\/ramib.org\/oficial\/index.php\/wp-json\/wp\/v2\/comments?post=1777"}],"version-history":[{"count":1,"href":"https:\/\/ramib.org\/oficial\/index.php\/wp-json\/wp\/v2\/posts\/1777\/revisions"}],"predecessor-version":[{"id":2077,"href":"https:\/\/ramib.org\/oficial\/index.php\/wp-json\/wp\/v2\/posts\/1777\/revisions\/2077"}],"wp:featuredmedia":[{"embeddable":true,"href":"https:\/\/ramib.org\/oficial\/index.php\/wp-json\/wp\/v2\/media\/1774"}],"wp:attachment":[{"href":"https:\/\/ramib.org\/oficial\/index.php\/wp-json\/wp\/v2\/media?parent=1777"}],"wp:term":[{"taxonomy":"category","embeddable":true,"href":"https:\/\/ramib.org\/oficial\/index.php\/wp-json\/wp\/v2\/categories?post=1777"},{"taxonomy":"post_tag","embeddable":true,"href":"https:\/\/ramib.org\/oficial\/index.php\/wp-json\/wp\/v2\/tags?post=1777"}],"curies":[{"name":"wp","href":"https:\/\/api.w.org\/{rel}","templated":true}]}}