{"id":151,"date":"2011-02-01T00:00:00","date_gmt":"2011-02-01T00:00:00","guid":{"rendered":"https:\/\/ramib.org\/oficial\/index.php\/la-comunicacion-medico-enfermo-reflexiones-para-un-canbio-de-modelo-prof-antoni-gelabert-catedratico-de-urologia-de-la-universitat-autonoma-de-barcelona-presentacion-m-i-sr-dr-francesc-bujosa\/"},"modified":"2019-09-03T10:12:19","modified_gmt":"2019-09-03T10:12:19","slug":"la-comunicacion-medico-enfermo-reflexiones-para-un-canbio-de-modelo-prof-antoni-gelabert-catedratico-de-urologia-de-la-universitat-autonoma-de-barcelona-presentacion-m-i-sr-dr-francesc-bujosa","status":"publish","type":"post","link":"https:\/\/ramib.org\/oficial\/index.php\/2011\/02\/01\/la-comunicacion-medico-enfermo-reflexiones-para-un-canbio-de-modelo-prof-antoni-gelabert-catedratico-de-urologia-de-la-universitat-autonoma-de-barcelona-presentacion-m-i-sr-dr-francesc-bujosa\/","title":{"rendered":"\u0093La comunicaci\u00f3n m\u00e9dico-enfermo. Reflexiones para un canbio de modelo\u0094. Prof. Antoni Gelabert. Catedr\u00e1tico de Urolog\u00eda de la Universitat Aut\u00f2noma de Barcelona. Presentaci\u00f3n: M.I.Sr. Dr. Francesc Bujosa."},"content":{"rendered":"<p style=\"text-align: center; font: normal normal normal 12px\/normal 'Times New Roman'; font-family: Times; font-weight: normal; font-size: medium; margin: 0px;\"><b>Reial Acad\u00e8mia de Medicina de les Illes Balears<\/b><\/p>\n<p style=\"text-align: center; font: normal normal normal 13px\/normal 'Times New Roman'; font-family: Times; font-weight: normal; font-size: medium; margin: 0px;\">El president i la junta de govern es complauen en convidar-vos a la presentaci\u00f3 del llibre:<\/p>\n<p style=\"text-align: center; font: normal normal normal 14px\/normal 'Times New Roman'; font-family: Times; font-weight: normal; font-size: medium; margin: 0px;\"><b><i>\u0093La comunicaci\u00f3 metge-malalt. Reflexions per a un canvi de model\u0094<\/i><\/b><\/p>\n<p style=\"text-align: center; font: normal normal normal 13px\/normal 'Times New Roman'; font-family: Times; font-weight: normal; font-size: medium; margin: 0px;\">a c\u00e0rrec de l\u0092autor\u00a0<b>Prof. Antoni Gelabert<\/b>, Catedr\u00e0tic d\u0092Urologia de la Universitat Aut\u00f2noma de Barcelona.<\/p>\n<p>  <!--more-->  <\/p>\n<p style=\"text-align: center; font: normal normal normal 13px\/normal 'Times New Roman'; font-family: Times; font-weight: normal; font-size: medium; margin: 0px;\">\u00a0<\/p>\n<p style=\"text-align: center; font: normal normal normal 13px\/normal 'Times New Roman'; font-family: Times; font-weight: normal; font-size: medium; margin: 0px;\">Introduir\u00e0 l\u0092acte el\u00a0<b>M. I. Sr. Dr. Francesc Bujosa<\/b>, Acad\u00e8mic Numerari de la corporaci\u00f3.<\/p>\n<p style=\"text-align: center; font: normal normal normal 13px\/normal 'Times New Roman'; font-family: Times; font-weight: normal; font-size: medium; margin: 0px;\">L\u0092acte tindr\u00e0 lloc el dimarts 1 de febrer de 2011 a les 20:00 hores, a la sala d\u0092actes de la Conselleria de Salut del carrer Can Campaner, 4. Palma.<\/p>\n<p>\u00a0<\/p>\n","protected":false},"excerpt":{"rendered":"<p>Reial Acad\u00e8mia de Medicina de les Illes Balears El president i la junta de govern es complauen en convidar-vos a la presentaci\u00f3 del llibre: \u0093La comunicaci\u00f3 metge-malalt. Reflexions per a [&hellip;]<\/p>\n","protected":false},"author":2,"featured_media":0,"comment_status":"closed","ping_status":"closed","sticky":false,"template":"","format":"standard","meta":{"_monsterinsights_skip_tracking":false,"_monsterinsights_sitenote_active":false,"_monsterinsights_sitenote_note":"","_monsterinsights_sitenote_category":0,"footnotes":""},"categories":[],"tags":[],"_links":{"self":[{"href":"https:\/\/ramib.org\/oficial\/index.php\/wp-json\/wp\/v2\/posts\/151"}],"collection":[{"href":"https:\/\/ramib.org\/oficial\/index.php\/wp-json\/wp\/v2\/posts"}],"about":[{"href":"https:\/\/ramib.org\/oficial\/index.php\/wp-json\/wp\/v2\/types\/post"}],"author":[{"embeddable":true,"href":"https:\/\/ramib.org\/oficial\/index.php\/wp-json\/wp\/v2\/users\/2"}],"replies":[{"embeddable":true,"href":"https:\/\/ramib.org\/oficial\/index.php\/wp-json\/wp\/v2\/comments?post=151"}],"version-history":[{"count":1,"href":"https:\/\/ramib.org\/oficial\/index.php\/wp-json\/wp\/v2\/posts\/151\/revisions"}],"predecessor-version":[{"id":948,"href":"https:\/\/ramib.org\/oficial\/index.php\/wp-json\/wp\/v2\/posts\/151\/revisions\/948"}],"wp:attachment":[{"href":"https:\/\/ramib.org\/oficial\/index.php\/wp-json\/wp\/v2\/media?parent=151"}],"wp:term":[{"taxonomy":"category","embeddable":true,"href":"https:\/\/ramib.org\/oficial\/index.php\/wp-json\/wp\/v2\/categories?post=151"},{"taxonomy":"post_tag","embeddable":true,"href":"https:\/\/ramib.org\/oficial\/index.php\/wp-json\/wp\/v2\/tags?post=151"}],"curies":[{"name":"wp","href":"https:\/\/api.w.org\/{rel}","templated":true}]}}