{"id":101,"date":"2013-05-07T00:00:00","date_gmt":"2013-05-07T00:00:00","guid":{"rendered":"https:\/\/ramib.org\/oficial\/index.php\/invitacio-a-l-acte-academic-el-proper-dimarts-7-d-abril-de-2013-a-les-19-30-hores-despres-de-l-esmentada-sessio-ordinaria-i-a-la-sala-d-actes-tindra-lloc-una-sessio-cientifica-conjunta-amb-la-conselle\/"},"modified":"2019-09-03T10:22:35","modified_gmt":"2019-09-03T10:22:35","slug":"invitacio-a-l-acte-academic-el-proper-dimarts-7-d-abril-de-2013-a-les-19-30-hores-despres-de-l-esmentada-sessio-ordinaria-i-a-la-sala-d-actes-tindra-lloc-una-sessio-cientifica-conjunta-amb-la-conselle","status":"publish","type":"post","link":"https:\/\/ramib.org\/oficial\/index.php\/2013\/05\/07\/invitacio-a-l-acte-academic-el-proper-dimarts-7-d-abril-de-2013-a-les-19-30-hores-despres-de-l-esmentada-sessio-ordinaria-i-a-la-sala-d-actes-tindra-lloc-una-sessio-cientifica-conjunta-amb-la-conselle\/","title":{"rendered":"Invitaci\u00f3 a l&#8217;acte acad\u00e8mic:a la sala d\u2019actes, tindr\u00e0 lloc una sessi\u00f3 cient\u00edfica conjunta amb la Conselleria d&#8217;Educaci\u00f3, Cultura i Universitats, l&#8217;IUNICS, e"},"content":{"rendered":"<p><strong>Invitaci\u00f3<\/strong><strong> a l&#8217;acte acad\u00e8mic: <\/strong><\/p>\n<p>El proper <strong>dimarts 7 d&#8217;abril<\/strong> de 2013 a les <strong>19:30 hores,<\/strong> despr\u00e9s de l\u2019esmentada sessi\u00f3 ordin\u00e0ria, i a la sala d\u2019actes, tindr\u00e0 lloc una sessi\u00f3 cient\u00edfica conjunta amb la Conselleria d&#8217;Educaci\u00f3, Cultura i Universitats, l&#8217;IUNICS, el Patronat Cient\u00edfic del Col\u00b7legi de Metges i l&#8217;Institut Menorqu\u00ed d&#8217;Estudis, en homenatge p\u00f2stum a l&#8217; historiador i col\u00b7laborador de la nostra Reial Acad\u00e8mia, <strong><em>Sr. Josep Miquel Vidal Hern\u00e1ndez<\/em><\/strong>.<\/p>\n<p>  <!--more-->  <\/p>\n<p>\u00a0<\/p>\n<p>A m\u00e9s del nostre president, Dr. Bartomeu Anguera Sans\u00f3, presidir\u00e0 l&#8217;acte el Conseller d&#8217;Educaci\u00f3, Cultura i Universitats, Sr. Rafel Bosch Sans. Per part de la Reial Acad\u00e8mia, participar\u00e0 a l&#8217;acte acad\u00e8mic el nostre company Dr. Francesc Bujosa Homar.<\/p>\n<p>Atesa la import\u00e0ncia de l\u2019acte, pregam encaridament la seva assist\u00e8ncia.<\/p>\n<table style=\"height: 361px;\" width=\"736\">\n<tbody>\n<tr>\n<td><img decoding=\"async\" src=\"images\/noticies\/iunics.jpg\" alt=\"\" \/><\/td>\n<td><img decoding=\"async\" src=\"images\/noticies\/govern.jpg\" alt=\"\" \/><\/td>\n<\/tr>\n<\/tbody>\n<\/table>\n","protected":false},"excerpt":{"rendered":"<p>Invitaci\u00f3 a l&#8217;acte acad\u00e8mic: El proper dimarts 7 d&#8217;abril de 2013 a les 19:30 hores, despr\u00e9s de l\u2019esmentada sessi\u00f3 ordin\u00e0ria, i a la sala d\u2019actes, tindr\u00e0 lloc una sessi\u00f3 cient\u00edfica [&hellip;]<\/p>\n","protected":false},"author":2,"featured_media":0,"comment_status":"closed","ping_status":"closed","sticky":false,"template":"","format":"standard","meta":{"_monsterinsights_skip_tracking":false,"_monsterinsights_sitenote_active":false,"_monsterinsights_sitenote_note":"","_monsterinsights_sitenote_category":0,"footnotes":""},"categories":[],"tags":[],"_links":{"self":[{"href":"https:\/\/ramib.org\/oficial\/index.php\/wp-json\/wp\/v2\/posts\/101"}],"collection":[{"href":"https:\/\/ramib.org\/oficial\/index.php\/wp-json\/wp\/v2\/posts"}],"about":[{"href":"https:\/\/ramib.org\/oficial\/index.php\/wp-json\/wp\/v2\/types\/post"}],"author":[{"embeddable":true,"href":"https:\/\/ramib.org\/oficial\/index.php\/wp-json\/wp\/v2\/users\/2"}],"replies":[{"embeddable":true,"href":"https:\/\/ramib.org\/oficial\/index.php\/wp-json\/wp\/v2\/comments?post=101"}],"version-history":[{"count":1,"href":"https:\/\/ramib.org\/oficial\/index.php\/wp-json\/wp\/v2\/posts\/101\/revisions"}],"predecessor-version":[{"id":984,"href":"https:\/\/ramib.org\/oficial\/index.php\/wp-json\/wp\/v2\/posts\/101\/revisions\/984"}],"wp:attachment":[{"href":"https:\/\/ramib.org\/oficial\/index.php\/wp-json\/wp\/v2\/media?parent=101"}],"wp:term":[{"taxonomy":"category","embeddable":true,"href":"https:\/\/ramib.org\/oficial\/index.php\/wp-json\/wp\/v2\/categories?post=101"},{"taxonomy":"post_tag","embeddable":true,"href":"https:\/\/ramib.org\/oficial\/index.php\/wp-json\/wp\/v2\/tags?post=101"}],"curies":[{"name":"wp","href":"https:\/\/api.w.org\/{rel}","templated":true}]}}