{"id":100,"date":"2013-05-07T00:00:00","date_gmt":"2013-05-07T00:00:00","guid":{"rendered":"https:\/\/ramib.org\/oficial\/index.php\/invitacion-al-acto-academico-el-proximo-martes-7-de-abril-de-2013-a-las-19-30-horas-en-el-salon-de-actos-tendra-lugar-una-sesion-cientifica-conjunta-con-la-conselleria-de-educacio-cultura-y-universita\/"},"modified":"2019-09-03T10:21:39","modified_gmt":"2019-09-03T10:21:39","slug":"invitacion-al-acto-academico-el-proximo-martes-7-de-abril-de-2013-a-las-19-30-horas-en-el-salon-de-actos-tendra-lugar-una-sesion-cientifica-conjunta-con-la-conselleria-de-educacio-cultura-y-universita","status":"publish","type":"post","link":"https:\/\/ramib.org\/oficial\/index.php\/2013\/05\/07\/invitacion-al-acto-academico-el-proximo-martes-7-de-abril-de-2013-a-las-19-30-horas-en-el-salon-de-actos-tendra-lugar-una-sesion-cientifica-conjunta-con-la-conselleria-de-educacio-cultura-y-universita\/","title":{"rendered":"Invitaci\u00f3n al acto acad\u00e9mico con la Conseller\u00eda de Educaci\u00f3, Cultura y Universitats, la IUNICS, el Patronato Cient\u00edfico del Colegio"},"content":{"rendered":"<p><strong>Invitaci\u00f3n al acto acad\u00e9mico:<br \/><\/strong><br \/>El pr\u00f3ximo <strong>martes 7 de abril<\/strong> de 2013 a las <strong>19:30 horas<\/strong>, en el sal\u00f3n de actos, tendr\u00e1 lugar una sesi\u00f3n cient\u00edfica conjunta con la Conseller\u00eda de Educaci\u00f3, Cultura y Universitats, la IUNICS, el Patronato Cient\u00edfico del Colegio de M\u00e9dicos y el Institut Menorqu\u00ed d\u00b4Estudis, en homenaje p\u00f3stumo al historiador y colaborador de nuestra Real Academia, Sr. <strong><em>Josep Miquel Vidal Hern\u00e1ndez<\/em><\/strong>.<\/p>\n<p>  <!--more-->  <\/p>\n<p>Adem\u00e1s de nuestro presidente, Dr. Bartomeu Anguera Sans\u00f3, presidir\u00e1 el acto el Conseller de Educaci\u00f3, Cultura y Universidades, Sr. Rafel Bosch Sans. Por parte de la Real Academia, participar\u00e1 en el acto acad\u00e9mico nuestro compa\u00f1ero Dr. Francesc Bujosa Homar. <\/p>\n<p>Dada la importancia del acto, rogamos encarecidamente su asistencia.<\/p>\n<table style=\"height: 361px;\" width=\"736\">\n<tbody>\n<tr>\n<td><img loading=\"lazy\" decoding=\"async\" src=\"images\/noticies\/iunics.jpg\" alt=\"\" width=\"199\" height=\"220\" \/><\/td>\n<td><img decoding=\"async\" src=\"images\/noticies\/govern.jpg\" alt=\"\" \/><\/td>\n<\/tr>\n<\/tbody>\n<\/table>\n<p><span class=\"cargoMiembro\">\u00a0<\/span><\/p>\n","protected":false},"excerpt":{"rendered":"<p>Invitaci\u00f3n al acto acad\u00e9mico:El pr\u00f3ximo martes 7 de abril de 2013 a las 19:30 horas, en el sal\u00f3n de actos, tendr\u00e1 lugar una sesi\u00f3n cient\u00edfica conjunta con la Conseller\u00eda de [&hellip;]<\/p>\n","protected":false},"author":2,"featured_media":0,"comment_status":"closed","ping_status":"closed","sticky":false,"template":"","format":"standard","meta":{"_monsterinsights_skip_tracking":false,"_monsterinsights_sitenote_active":false,"_monsterinsights_sitenote_note":"","_monsterinsights_sitenote_category":0,"footnotes":""},"categories":[],"tags":[],"_links":{"self":[{"href":"https:\/\/ramib.org\/oficial\/index.php\/wp-json\/wp\/v2\/posts\/100"}],"collection":[{"href":"https:\/\/ramib.org\/oficial\/index.php\/wp-json\/wp\/v2\/posts"}],"about":[{"href":"https:\/\/ramib.org\/oficial\/index.php\/wp-json\/wp\/v2\/types\/post"}],"author":[{"embeddable":true,"href":"https:\/\/ramib.org\/oficial\/index.php\/wp-json\/wp\/v2\/users\/2"}],"replies":[{"embeddable":true,"href":"https:\/\/ramib.org\/oficial\/index.php\/wp-json\/wp\/v2\/comments?post=100"}],"version-history":[{"count":1,"href":"https:\/\/ramib.org\/oficial\/index.php\/wp-json\/wp\/v2\/posts\/100\/revisions"}],"predecessor-version":[{"id":977,"href":"https:\/\/ramib.org\/oficial\/index.php\/wp-json\/wp\/v2\/posts\/100\/revisions\/977"}],"wp:attachment":[{"href":"https:\/\/ramib.org\/oficial\/index.php\/wp-json\/wp\/v2\/media?parent=100"}],"wp:term":[{"taxonomy":"category","embeddable":true,"href":"https:\/\/ramib.org\/oficial\/index.php\/wp-json\/wp\/v2\/categories?post=100"},{"taxonomy":"post_tag","embeddable":true,"href":"https:\/\/ramib.org\/oficial\/index.php\/wp-json\/wp\/v2\/tags?post=100"}],"curies":[{"name":"wp","href":"https:\/\/api.w.org\/{rel}","templated":true}]}}