{"id":5809,"global_id":"ramib.org\/oficial?id=5809","global_id_lineage":["ramib.org\/oficial?id=5809"],"author":"3","status":"publish","date":"2024-04-12 13:02:11","date_utc":"2024-04-12 13:02:11","modified":"2024-04-12 13:02:29","modified_utc":"2024-04-12 13:02:29","url":"https:\/\/ramib.org\/oficial\/index.php\/event\/mirades-que-ens-miren-en-record-del-doctor-josep-tomas-monserrat\/","rest_url":"https:\/\/ramib.org\/oficial\/index.php\/wp-json\/tribe\/events\/v1\/events\/5809","title":"Mirades que ens miren. En record del doctor Josep Tom\u00e0s Monserrat","description":"<p>Intervindr\u00e1n a l&#8217;acte<\/p>\n<p>Dr. Alfonso Ballesteros Fern\u00e1ndez<\/p>\n<p>Acad\u00e8mic numerari de la Reial Acad\u00e8mia de Medicina de les Illes Balears<br \/>\nPresident de la Reial Acad\u00e8mia de Medicina de les Illes Balears (2002-2010)<\/p>\n<p>Dr. Antoni Bennasar Arb\u00f3s<\/p>\n<p>President del Consell Social de l\u2019Universitat de les Illes Balears<br \/>\nPresident del Col\u00b7legi Oficial de Metges de les Illes Balears (2010-2018)<\/p>\n<p>Dr. Gabriel Janer Manila<\/p>\n<p>Catedr\u00e0tic em\u00e8rit de la Universitat de les Illes Balears i escriptor<\/p>\n<p>Clour\u00e0 l\u2019acte<\/p>\n<p>Dra. Manuela Garc\u00eda Romero<br \/>\nConsellera de Salut del Govern de les Illes Balears<\/p>\n<p>L\u2019acte tindr\u00e0 lloc el proper dijous 18 d\u2019abril de 2024 a les 19:00 hores,<br \/>\na la seu de la Reial Acad\u00e8mia de Medicina, carrer Can Campaner 4, de Palma.<br \/>\nPer raons d\u2019aforament, s\u2019ha de confirmar assist\u00e8ncia al correu: inforamib@gmail.com<\/p>","excerpt":"","slug":"mirades-que-ens-miren-en-record-del-doctor-josep-tomas-monserrat","image":false,"all_day":false,"start_date":"2024-04-18 19:00:00","start_date_details":{"year":"2024","month":"04","day":"18","hour":"19","minutes":"00","seconds":"00"},"end_date":"2024-04-18 20:30:00","end_date_details":{"year":"2024","month":"04","day":"18","hour":"20","minutes":"30","seconds":"00"},"utc_start_date":"2024-04-18 19:00:00","utc_start_date_details":{"year":"2024","month":"04","day":"18","hour":"19","minutes":"00","seconds":"00"},"utc_end_date":"2024-04-18 20:30:00","utc_end_date_details":{"year":"2024","month":"04","day":"18","hour":"20","minutes":"30","seconds":"00"},"timezone":"UTC+0","timezone_abbr":"UTC+0","cost":"","cost_details":{"currency_symbol":"","currency_code":"","currency_position":"prefix","values":[]},"website":"https:\/\/ramib.org\/oficial\/index.php\/2024\/04\/12\/5806\/","show_map":true,"show_map_link":true,"hide_from_listings":false,"sticky":false,"featured":false,"categories":[],"tags":[],"venue":[],"organizer":[],"json_ld":{"@context":"http:\/\/schema.org","@type":"Event","name":"Mirades que ens miren. En record del doctor Josep Tom\u00e0s Monserrat","description":"&lt;p&gt;Intervindr\u00e1n a l\\'acte Dr. Alfonso Ballesteros Fern\u00e1ndez Acad\u00e8mic numerari de la Reial Acad\u00e8mia de Medicina de les Illes Balears President de la Reial Acad\u00e8mia de Medicina de les Illes Balears [&hellip;]&lt;\/p&gt;\\n","url":"https:\/\/ramib.org\/oficial\/index.php\/event\/mirades-que-ens-miren-en-record-del-doctor-josep-tomas-monserrat\/","eventAttendanceMode":"https:\/\/schema.org\/OfflineEventAttendanceMode","eventStatus":"https:\/\/schema.org\/EventScheduled","startDate":"2024-04-18T19:00:00+00:00","endDate":"2024-04-18T20:30:00+00:00","performer":"Organization"}}